{"id":13286,"date":"2021-12-10T16:01:08","date_gmt":"2021-12-10T15:01:08","guid":{"rendered":"https:\/\/wp.muchomaas.com\/article-quel-livre-offrir-a-noel\/"},"modified":"2023-06-24T00:22:23","modified_gmt":"2023-06-23T22:22:23","slug":"article-quel-livre-offrir-a-noel","status":"publish","type":"post","link":"https:\/\/archives.regards.fr\/?p=13286","title":{"rendered":"Quel livre offrir \u00e0 No\u00ebl ?"},"content":{"rendered":"<p class=\"post_excerpt\">\u00c0 deux semaines de No\u00ebl, vous gal\u00e9rez pour trouver des id\u00e9es de cadeaux ? La r\u00e9daction de <em>Regards<\/em> vous donne sa s\u00e9lection.<\/p>\n<p><img loading=\"lazy\" decoding=\"async\" class=\" aligncenter size-full wp-image-31257\" src=\"https:\/\/wp.muchomaas.com\/wp-content\/uploads\/2021\/12\/befunky-collage-429-bb7.jpg\" alt=\"befunky-collage-429.jpg\" align=\"center\" width=\"300\" height=\"561\" srcset=\"https:\/\/archives.regards.fr\/wp-content\/uploads\/2021\/12\/befunky-collage-429-bb7.jpg 300w, https:\/\/archives.regards.fr\/wp-content\/uploads\/2021\/12\/befunky-collage-429-bb7-160x300.jpg 160w\" sizes=\"auto, (max-width: 300px) 100vw, 300px\" \/><\/p>\n<p>&nbsp;<\/p>\n<p><a href=\"https:\/\/www.actes-sud.fr\/catalogue\/litterature\/comme-nous-existons\"><em>Comme nous existons<\/em>, de Kaoutar Harchi, \u00e9ditions Actes Sud<\/a><\/p>\n<p>Kaoutar Harchi m\u00e8ne dans ce livre une enqu\u00eate autobiographique pour saisir, retranscrire au plus pr\u00e8s cet \u00e9tat d&#8217;\u00e9veil, de peur et d &#8216;excitation provoqu\u00e9, dit-elle,  <em>\u00ab par la d\u00e9couverte que nous \u2013 jeunes filles et jeunes gar\u00e7ons identifi\u00e9s comme musulmans, que nous le soyons ou pas d&#8217;ailleurs \u2013 \u00e9tions per\u00e7us \u00e0 l&#8217;aube des ann\u00e9es 2000 par un ensemble d&#8217;hommes et de femmes comme un probl\u00e8me. \u00bb<\/em> Un livre o\u00f9 l&#8217;amour filial et l&#8217;\u00e9veil de la conscience politique s&#8217;entrem\u00ealent dans une langue po\u00e9tique et puissante.<\/p>\n<p>&nbsp;<\/p>\n<p><p style=\"text-align: center;\">* * *<\/p>\n<p><img decoding=\"async\" src=\"IMG\/jpg\/befunky-collage_1_-130.jpg\" alt=\"befunky-collage_1_-130.jpg\" align=\"center\" \/><\/p>\n<p>&nbsp;<\/p>\n<p><a href=\"https:\/\/boutique.editionssociales.fr\/produit\/roger-martelli-le-pcf-une-enigme-francaise\/\"><em>Le PCF, une \u00e9nigme fran\u00e7aise<\/em>, de Roger Martelli, \u00e9ditions La Dispute<\/a><\/p>\n<p>&nbsp;<\/p>\n<p><p style=\"text-align: center;\">* * *<\/p>\n<p><img decoding=\"async\" src=\"IMG\/jpg\/befunky-collage_14_.jpg\" alt=\"befunky-collage_14_.jpg\" align=\"center\" \/><\/p>\n<p>&nbsp;<\/p>\n<p><a href=\"https:\/\/www.leslibraires.fr\/livre\/18909935-ecologies-deviantes-voyage-en-terres-queers-cy-cambourakis\"><em>\u00c9cologies d\u00e9viantes. Voyage en terres queers<\/em>, de Cyril Lecerf Maulpoix<\/a><\/p>\n<p>&nbsp;<\/p>\n<p><p style=\"text-align: center;\">* * *<\/p>\n<p><img decoding=\"async\" src=\"IMG\/jpg\/befunky-collage_15_.jpg\" alt=\"befunky-collage_15_.jpg\" align=\"center\" \/><\/p>\n<p>&nbsp;<\/p>\n<p><a href=\"https:\/\/www.editionsladecouverte.fr\/la_valeur_du_service_public-9782348068553\"><em>La valeur du service public<\/em>, de Julie Gervais, Claire Lemercier et Willy Pelletier<\/a><\/p>\n<p>Des d\u00e9cennies de casse sans rel\u00e2che : les derni\u00e8res crises sanitaire et \u00e9conomique en montrent l\u2019ampleur et les dangers. Mais qui veut la peau du service public ? Pourquoi, et au d\u00e9triment de qui ?<\/p>\n<p>&nbsp;<\/p>\n<p><p style=\"text-align: center;\">* * *<\/p>\n<p><img loading=\"lazy\" decoding=\"async\" class=\" aligncenter size-full wp-image-31258\" src=\"https:\/\/wp.muchomaas.com\/wp-content\/uploads\/2021\/12\/befunky-collage_2_-32-fc0.jpg\" alt=\"befunky-collage_2_-32.jpg\" align=\"center\" width=\"374\" height=\"561\" srcset=\"https:\/\/archives.regards.fr\/wp-content\/uploads\/2021\/12\/befunky-collage_2_-32-fc0.jpg 374w, https:\/\/archives.regards.fr\/wp-content\/uploads\/2021\/12\/befunky-collage_2_-32-fc0-200x300.jpg 200w\" sizes=\"auto, (max-width: 374px) 100vw, 374px\" \/><\/p>\n<p>&nbsp;<\/p>\n<p><a href=\"http:\/\/www.editionslesliensquiliberent.fr\/livre-L_impasse-9791020910011-1-1-0-1.html\"><em>L\u2019impasse : comment Macron nous m\u00e8ne dans le mur<\/em>, de Guillaume Duval, \u00e9ditions Les Liens qui Lib\u00e8rent<\/a><\/p>\n<p>Pourquoi la France traverse-t-elle une crise d\u00e9mocratique aussi grave ? Pour \u00e9viter le pire, il faut commencer par comprendre ce qui a men\u00e9 ce pays dans une telle impasse. Guillaume Duval d\u00e9nonce les effets d\u00e9l\u00e9t\u00e8res de la dy-namique dans laquelle s\u2019inscrit l\u2019action d\u2019Emmanuel Macron, repr\u00e9sentant en chef d\u2019une aristocratie d\u2019\u00c9tat endogamique.<\/p>\n<p>&nbsp;<\/p>\n<p><p style=\"text-align: center;\">* * *<\/p>\n<p><img decoding=\"async\" src=\"IMG\/jpg\/befunky-collage_3_-12.jpg\" alt=\"befunky-collage_3_-12.jpg\" align=\"center\" \/><\/p>\n<p>&nbsp;<\/p>\n<p><a href=\"https:\/\/www.editionsladecouverte.fr\/la_gauche_et_les_cites-9782348064739\"><em>La gauche et les cit\u00e9s : enqu\u00eate sur un rendez-vous manqu\u00e9<\/em>, de Olivier Masclet, \u00e9ditions La D\u00e9couverte<\/a><\/p>\n<p>&nbsp;<\/p>\n<p><p style=\"text-align: center;\">* * *<\/p>\n<p><img loading=\"lazy\" decoding=\"async\" class=\" aligncenter size-full wp-image-31259\" src=\"https:\/\/wp.muchomaas.com\/wp-content\/uploads\/2021\/12\/befunky-collage_4_-8-519.jpg\" alt=\"befunky-collage_4_-8.jpg\" align=\"center\" width=\"374\" height=\"561\" srcset=\"https:\/\/archives.regards.fr\/wp-content\/uploads\/2021\/12\/befunky-collage_4_-8-519.jpg 374w, https:\/\/archives.regards.fr\/wp-content\/uploads\/2021\/12\/befunky-collage_4_-8-519-200x300.jpg 200w\" sizes=\"auto, (max-width: 374px) 100vw, 374px\" \/><\/p>\n<p>&nbsp;<\/p>\n<p><a href=\"https:\/\/lafabrique.fr\/cantique-de-la-critique\/\"><em>Cantique de la critique<\/em>, d&#8217;Arnaud Viviant, \u00e9ditions La Fabrique<\/a><\/p>\n<p>Tant que la critique a eu pour fonction traditionnelle de juger, elle ne pouvait \u00eatre que conformiste, c\u2019est-\u00e0-dire conforme aux int\u00e9r\u00eats des juges. Cependant la v\u00e9ritable critique ne consiste pas \u00e0 juger, mais \u00e0 distinguer. Pour \u00eatre subversivement d\u00e9mocratique, la critique n\u2019a nul besoin d\u2019\u00eatre unanime ou divis\u00e9e. Il lui suffit de parler du langage au lieu de s\u2019en servir.<\/p>\n<p>&nbsp;<\/p>\n<p><p style=\"text-align: center;\">* * *<\/p>\n<p><img decoding=\"async\" src=\"IMG\/jpg\/befunky-collage_5_-2.jpg\" alt=\"befunky-collage_5_-2.jpg\" align=\"center\" \/><\/p>\n<p>&nbsp;<\/p>\n<p><a href=\"https:\/\/www.editionstextuel.com\/livre\/face-a-la-menace-fasciste\"><em>Face \u00e0 la menace fasciste. Sortir de l&#8217;autoritarisme<\/em>, de Ludivine Bantigny et Ugo Palheta, \u00e9ditions Textuel<\/a><\/p>\n<p>&nbsp;<\/p>\n<p><p style=\"text-align: center;\">* * *<\/p>\n<p><img decoding=\"async\" src=\"IMG\/jpg\/befunky-collage_6_-2.jpg\" alt=\"befunky-collage_6_-2.jpg\" align=\"center\" \/><\/p>\n<p>&nbsp;<\/p>\n<p><a href=\"http:\/\/www.editionsamsterdam.fr\/sadresser-a-tous\/\"><em>S\u2019adresser \u00e0 tous, th\u00e9\u00e2tre et industrie culturelle<\/em>, de Diane Scott, \u00e9ditions des Prairies ordinaires<\/a><\/p>\n<p>&nbsp;<\/p>\n<p><p style=\"text-align: center;\">* * *<\/p>\n<p><img decoding=\"async\" src=\"IMG\/jpg\/befunky-collage_7_-2.jpg\" alt=\"befunky-collage_7_-2.jpg\" align=\"center\" \/><\/p>\n<p>&nbsp;<\/p>\n<p><a href=\"https:\/\/agone.org\/livres\/ecolepubliqueetemancipationsociale\"><em>\u00c9cole publique et \u00e9mancipation sociale<\/em>, de Laurence De Cock, \u00e9ditions Agone<\/a><\/p>\n<p>Jamais le d\u00e9mant\u00e8lement de l\u2019\u00e9cole publique n\u2019aura \u00e9t\u00e9 aussi brutal que sous le mandat pr\u00e9sidentiel d\u2019Emmanuel Macron. De la maternelle \u00e0 l\u2019universit\u00e9, ce sont les enfants des cat\u00e9gories populaires qui en paient le prix fort. En face, la r\u00e9sistance est faible. Doit-on y voir la perte du sens de l\u2019\u00e9cole publique ? M\u00eame si la d\u00e9mocratisation scolaire n\u2019a jamais tenu toutes ses promesses, il ne faut pas pour autant en abandonner les ambitions, sans lesquelles aucune \u00e9mancipation sociale n\u2019est possible.<\/p>\n<p>&nbsp;<\/p>\n<p><p style=\"text-align: center;\">* * *<\/p>\n<p><img loading=\"lazy\" decoding=\"async\" class=\" aligncenter size-full wp-image-31260\" src=\"https:\/\/wp.muchomaas.com\/wp-content\/uploads\/2021\/12\/befunky-collage_8_-2-4c8.jpg\" alt=\"befunky-collage_8_-2.jpg\" align=\"center\" width=\"374\" height=\"561\" srcset=\"https:\/\/archives.regards.fr\/wp-content\/uploads\/2021\/12\/befunky-collage_8_-2-4c8.jpg 374w, https:\/\/archives.regards.fr\/wp-content\/uploads\/2021\/12\/befunky-collage_8_-2-4c8-200x300.jpg 200w\" sizes=\"auto, (max-width: 374px) 100vw, 374px\" \/><\/p>\n<p>&nbsp;<\/p>\n<p><a href=\"https:\/\/www.syllepse.net\/la-liberte-contre-le-destin-_r_76_i_701.html\"><em>La libert\u00e9 contre le destin, discours de Thomas Sankara<\/em>, de Bruno Jaffr\u00e9, \u00e9ditions Syllepse<\/a><\/p>\n<p>&nbsp;<\/p>\n<p><p style=\"text-align: center;\">* * *<\/p>\n<p><img decoding=\"async\" src=\"IMG\/jpg\/befunky-collage_9_.jpg\" alt=\"befunky-collage_9_.jpg\" align=\"center\" \/><\/p>\n<p>&nbsp;<\/p>\n<p><a href=\"https:\/\/www.editionsladecouverte.fr\/l_echec_d_une_utopie-9782348043116\"><em>L\u2019\u00e9chec d\u2019une utopie, une histoire des gauches en Isra\u00ebl<\/em>, de Thomas Vescovi, \u00e9ditions La D\u00e9couverte<\/a><\/p>\n<p>La gauche a jou\u00e9 un r\u00f4le central dans l\u2019histoire d\u2019Isra\u00ebl. Au c\u0153ur de la cr\u00e9ation de l\u2019\u00c9tat en 1948, elle est rest\u00e9e majoritaire au Parlement pendant plus de trente ans. Depuis la fin des ann\u00e9es 1970, et plus encore apr\u00e8s l\u2019assassinat d\u2019Yitzhak Rabin en 1995, les partis de gauche traversent une crise profonde. Face \u00e0 la pouss\u00e9e des courants ultranationalistes et religieux, ils doivent multiplier les alliances contre nature pour s\u2019assurer une repr\u00e9sentation parlementaire. La question est d\u00e9sormais pos\u00e9e : existe-t-il encore une gauche en Isra\u00ebl ?<\/p>\n<p>&nbsp;<\/p>\n<p><p style=\"text-align: center;\">* * *<\/p>\n<p><img loading=\"lazy\" decoding=\"async\" class=\" aligncenter size-full wp-image-31261\" src=\"https:\/\/wp.muchomaas.com\/wp-content\/uploads\/2021\/12\/screenshot_2021-12-10_15-076.01.53.png\" alt=\"screenshot_2021-12-10_15.01.53.png\" align=\"center\" width=\"330\" height=\"459\" srcset=\"https:\/\/archives.regards.fr\/wp-content\/uploads\/2021\/12\/screenshot_2021-12-10_15-076.01.53.png 330w, https:\/\/archives.regards.fr\/wp-content\/uploads\/2021\/12\/screenshot_2021-12-10_15-076.01.53-216x300.png 216w\" sizes=\"auto, (max-width: 330px) 100vw, 330px\" \/><\/p>\n<p>&nbsp;<\/p>\n<p><a href=\"https:\/\/www.editionstextuel.com\/livre\/la_grande_confusion\"><em>La grande confusion. Comment l\u2019extr\u00eame droite gagne la bataille des id\u00e9es<\/em>, de Philippe Corcuff, \u00e9ditions Textuel<\/a><\/p>\n<p>&nbsp;<\/p>\n<p><p style=\"text-align: center;\">* * *<\/p>\n<p><img loading=\"lazy\" decoding=\"async\" class=\" aligncenter size-full wp-image-31262\" src=\"https:\/\/wp.muchomaas.com\/wp-content\/uploads\/2021\/12\/befunky-collage_11_-97d.jpg\" alt=\"befunky-collage_11_.jpg\" align=\"center\" width=\"374\" height=\"561\" srcset=\"https:\/\/archives.regards.fr\/wp-content\/uploads\/2021\/12\/befunky-collage_11_-97d.jpg 374w, https:\/\/archives.regards.fr\/wp-content\/uploads\/2021\/12\/befunky-collage_11_-97d-200x300.jpg 200w\" sizes=\"auto, (max-width: 374px) 100vw, 374px\" \/><\/p>\n<p>&nbsp;<\/p>\n<p><a href=\"https:\/\/www.leslibraires.fr\/livre\/17954578-la-banlieue-du-turfu-du-chaos-nait-la-creation-makan-fofana-tana-editions\"><em>La banlieue du turfu : du chaos na\u00eet la cr\u00e9ation<\/em>, de Makan Fofana, \u00e9ditions Tana<\/a><\/p>\n<p>&nbsp;<\/p>\n<p><p style=\"text-align: center;\">* * *<\/p>\n<p><img decoding=\"async\" src=\"IMG\/jpg\/befunky-collage_12_.jpg\" alt=\"befunky-collage_12_.jpg\" align=\"center\" \/><\/p>\n<p>&nbsp;<\/p>\n<p><a href=\"http:\/\/www.editionslesliensquiliberent.fr\/livre-Les_lendemains_chanteront_ils_encore__-9791020910363-1-1-0-1.html\"><em>Les lendemains chanteront-ils encore ?<\/em>, de Robert Gu\u00e9diguian, \u00e9ditions Les Liens Qui Lib\u00e8rent<\/a><\/p>\n<p>\u00c0 travers ce livre qui porte un titre en forme d\u2019espoir, sans certitude sur l\u2019avenir, Robert Gu\u00e9diguian d\u00e9veloppe sa vision du monde, sa critique du capitalisme et sa conception de l\u2019\u00eatre humain. Il le fait sur la base de ce qu\u2019il nomme \u00ab ses intuitions document\u00e9es \u00bb, convoquant sa biographie, son exp\u00e9rience professionnelle et civique, ses lectures croisant les grands textes de la litt\u00e9rature et les sciences humaines, le tout avec humour. Il revient \u00e9galement sur le quinquennat qui arrive \u00e0 son terme, sur le mouvement des Gilets jaunes, sur la crise du Covid-19, ou encore sur un sujet qui lui est particuli\u00e8rement cher : la situation de la gauche.<\/p>\n<p>&nbsp;<\/p>\n<p><p style=\"text-align: center;\">* * *<\/p>\n<p><img decoding=\"async\" src=\"IMG\/jpg\/befunky-collage_13_.jpg\" alt=\"befunky-collage_13_.jpg\" align=\"center\" \/><\/p>\n<p>&nbsp;<\/p>\n<p><a href=\"http:\/\/www.boutique-aboweb.com\/regards\/www\/product\/index\/id\/2\"><em>La France n&#8217;a pas dit son dernier mot<\/em>, de Philippe P\u00e9tain, \u00e9ditions de Londres<\/a><\/p>\n<p>&nbsp;<\/p>\n<p><h2>ET SINON&#8230;<\/h2>\n<p><a href=\"http:\/\/www.boutique-aboweb.com\/regards\/www\/product\/index\/id\/2\">Un abonnement \u00e0 <em>Regards<\/em><\/a>, \u00e7a fait toujours plaisir \u2013 et c&#8217;est pas cher !<br \/>\n<img loading=\"lazy\" decoding=\"async\" class=\" aligncenter size-full wp-image-28438\" src=\"https:\/\/wp.muchomaas.com\/wp-content\/uploads\/2019\/12\/reg-2-f02.png\" alt=\"reg-2.png\" align=\"center\" width=\"490\" height=\"343\" \/><div id='gallery-1' class='gallery galleryid-13286 gallery-columns-3 gallery-size-thumbnail'><figure class='gallery-item'>\n\t\t\t<div class='gallery-icon landscape'>\n\t\t\t\t<a href='https:\/\/archives.regards.fr\/wp-content\/uploads\/2019\/12\/reg-2-eb7.png'><img loading=\"lazy\" decoding=\"async\" width=\"150\" height=\"150\" src=\"https:\/\/archives.regards.fr\/wp-content\/uploads\/2019\/12\/reg-2-eb7-150x150.png\" class=\"attachment-thumbnail size-thumbnail\" alt=\"reg-2.png\" \/><\/a>\n\t\t\t<\/div><\/figure><figure class='gallery-item'>\n\t\t\t<div class='gallery-icon portrait'>\n\t\t\t\t<a href='https:\/\/archives.regards.fr\/wp-content\/uploads\/2021\/12\/befunky-collage-429-ff5.jpg'><img loading=\"lazy\" decoding=\"async\" width=\"150\" height=\"150\" src=\"https:\/\/archives.regards.fr\/wp-content\/uploads\/2021\/12\/befunky-collage-429-ff5-150x150.jpg\" class=\"attachment-thumbnail size-thumbnail\" alt=\"befunky-collage-429.jpg\" \/><\/a>\n\t\t\t<\/div><\/figure><figure class='gallery-item'>\n\t\t\t<div class='gallery-icon portrait'>\n\t\t\t\t<a href='https:\/\/archives.regards.fr\/wp-content\/uploads\/2021\/12\/befunky-collage_2_-32-df7.jpg'><img loading=\"lazy\" decoding=\"async\" width=\"150\" height=\"150\" src=\"https:\/\/archives.regards.fr\/wp-content\/uploads\/2021\/12\/befunky-collage_2_-32-df7-150x150.jpg\" class=\"attachment-thumbnail size-thumbnail\" alt=\"befunky-collage_2_-32.jpg\" \/><\/a>\n\t\t\t<\/div><\/figure><figure class='gallery-item'>\n\t\t\t<div class='gallery-icon portrait'>\n\t\t\t\t<a href='https:\/\/archives.regards.fr\/wp-content\/uploads\/2021\/12\/befunky-collage_4_-8-fa0.jpg'><img loading=\"lazy\" decoding=\"async\" width=\"150\" height=\"150\" src=\"https:\/\/archives.regards.fr\/wp-content\/uploads\/2021\/12\/befunky-collage_4_-8-fa0-150x150.jpg\" class=\"attachment-thumbnail size-thumbnail\" alt=\"befunky-collage_4_-8.jpg\" \/><\/a>\n\t\t\t<\/div><\/figure><figure class='gallery-item'>\n\t\t\t<div class='gallery-icon portrait'>\n\t\t\t\t<a href='https:\/\/archives.regards.fr\/wp-content\/uploads\/2021\/12\/befunky-collage_8_-2-e71.jpg'><img loading=\"lazy\" decoding=\"async\" width=\"150\" height=\"150\" src=\"https:\/\/archives.regards.fr\/wp-content\/uploads\/2021\/12\/befunky-collage_8_-2-e71-150x150.jpg\" class=\"attachment-thumbnail size-thumbnail\" alt=\"befunky-collage_8_-2.jpg\" \/><\/a>\n\t\t\t<\/div><\/figure><figure class='gallery-item'>\n\t\t\t<div class='gallery-icon portrait'>\n\t\t\t\t<a href='https:\/\/archives.regards.fr\/wp-content\/uploads\/2021\/12\/screenshot_2021-12-10_15-c02.01.53.png'><img loading=\"lazy\" decoding=\"async\" width=\"150\" height=\"150\" src=\"https:\/\/archives.regards.fr\/wp-content\/uploads\/2021\/12\/screenshot_2021-12-10_15-c02.01.53-150x150.png\" class=\"attachment-thumbnail size-thumbnail\" alt=\"screenshot_2021-12-10_15.01.53.png\" \/><\/a>\n\t\t\t<\/div><\/figure><figure class='gallery-item'>\n\t\t\t<div class='gallery-icon portrait'>\n\t\t\t\t<a href='https:\/\/archives.regards.fr\/wp-content\/uploads\/2021\/12\/befunky-collage_11_-d3f.jpg'><img loading=\"lazy\" decoding=\"async\" width=\"150\" height=\"150\" src=\"https:\/\/archives.regards.fr\/wp-content\/uploads\/2021\/12\/befunky-collage_11_-d3f-150x150.jpg\" class=\"attachment-thumbnail size-thumbnail\" alt=\"befunky-collage_11_.jpg\" \/><\/a>\n\t\t\t<\/div><\/figure>\n\t\t<\/div>\n<\/p>\n","protected":false},"excerpt":{"rendered":"<p>\u00c0 deux semaines de No\u00ebl, vous gal\u00e9rez pour trouver des id\u00e9es de cadeaux ? La r\u00e9daction de <em>Regards<\/em> vous donne sa s\u00e9lection.<\/p>\n","protected":false},"author":643,"featured_media":31257,"comment_status":"open","ping_status":"open","sticky":false,"template":"","format":"standard","meta":{"_themeisle_gutenberg_block_has_review":false,"footnotes":""},"categories":[6],"tags":[468],"class_list":["post-13286","post","type-post","status-publish","format-standard","has-post-thumbnail","hentry","category-actu","tag-idee-cadeau"],"_links":{"self":[{"href":"https:\/\/archives.regards.fr\/index.php?rest_route=\/wp\/v2\/posts\/13286","targetHints":{"allow":["GET"]}}],"collection":[{"href":"https:\/\/archives.regards.fr\/index.php?rest_route=\/wp\/v2\/posts"}],"about":[{"href":"https:\/\/archives.regards.fr\/index.php?rest_route=\/wp\/v2\/types\/post"}],"author":[{"embeddable":true,"href":"https:\/\/archives.regards.fr\/index.php?rest_route=\/wp\/v2\/users\/643"}],"replies":[{"embeddable":true,"href":"https:\/\/archives.regards.fr\/index.php?rest_route=%2Fwp%2Fv2%2Fcomments&post=13286"}],"version-history":[{"count":0,"href":"https:\/\/archives.regards.fr\/index.php?rest_route=\/wp\/v2\/posts\/13286\/revisions"}],"wp:featuredmedia":[{"embeddable":true,"href":"https:\/\/archives.regards.fr\/index.php?rest_route=\/wp\/v2\/media\/31257"}],"wp:attachment":[{"href":"https:\/\/archives.regards.fr\/index.php?rest_route=%2Fwp%2Fv2%2Fmedia&parent=13286"}],"wp:term":[{"taxonomy":"category","embeddable":true,"href":"https:\/\/archives.regards.fr\/index.php?rest_route=%2Fwp%2Fv2%2Fcategories&post=13286"},{"taxonomy":"post_tag","embeddable":true,"href":"https:\/\/archives.regards.fr\/index.php?rest_route=%2Fwp%2Fv2%2Ftags&post=13286"}],"curies":[{"name":"wp","href":"https:\/\/api.w.org\/{rel}","templated":true}]}}