{"id":13285,"date":"2021-12-10T12:44:01","date_gmt":"2021-12-10T11:44:01","guid":{"rendered":"https:\/\/wp.muchomaas.com\/article-frederic-sawicki-on-ne-peut-pas-denier-a-anne-hidalgo-d-avoir-le-sens-des\/"},"modified":"2023-06-24T00:22:21","modified_gmt":"2023-06-23T22:22:21","slug":"article-frederic-sawicki-on-ne-peut-pas-denier-a-anne-hidalgo-d-avoir-le-sens-des","status":"publish","type":"post","link":"https:\/\/archives.regards.fr\/?p=13285","title":{"rendered":"Fr\u00e9d\u00e9ric Sawicki : \u00ab On ne peut pas d\u00e9nier \u00e0 Anne Hidalgo d\u2019avoir le sens des responsabilit\u00e9s \u00bb"},"content":{"rendered":"<p class=\"post_excerpt\">En France, la social-d\u00e9mocratie est en \u00e9chec. La candidate socialiste, Anne Hidalgo, est cr\u00e9dit\u00e9e de 3 \u00e0 5% des intentions de vote, selon les sondages. Une r\u00e9alit\u00e9 qui n\u2019est pas sans lien avec la proposition de primaire populaire, comme pour mieux sortir par le haut. Fr\u00e9d\u00e9ric Sawicki, politologue, professeur de Science politique, est l\u2019invit\u00e9 de #LaMidinale.<\/p>\n<h2>UNE MIDINALE \u00c0 VOIR&#8230;<\/h2>\n<p><iframe loading=\"lazy\" width=\"490\" height=\"276\" src=\"https:\/\/www.youtube.com\/embed\/jacC3jnmF98\" title=\"YouTube video player\" frameborder=\"0\" allow=\"accelerometer; autoplay; clipboard-write; encrypted-media; gyroscope; picture-in-picture\" allowfullscreen><\/iframe><\/p>\n<p>&nbsp;<\/p>\n<p><h2>ET \u00c0 LIRE&#8230;<\/h2>\n<p><em>\u00a0<strong>Sur le revirement d\u2019Anne Hidalgo\u00a0<\/em>\u00a0<\/strong><br \/>\n\u00ab\u00a0Il est clair que les anticipations li\u00e9es aux sondages ont jou\u00e9 un r\u00f4le important dans la d\u00e9cision d\u2019Anne Hidalgo.\u00a0\u00bb<br \/>\n\u00ab\u00a0Anne hidalgo avait jusque-l\u00e0 refus\u00e9 de participer \u00e0 une primaire populaire.\u00a0\u00bb<br \/>\n\u00ab\u00a0Anne Hidalgo avait pr\u00e9sum\u00e9 de ses forces et de son charisme.\u00a0\u00bb<br \/>\n\u00ab\u00a0Beaucoup ont vu dans la candidature d\u2019Anne Hidalgo une fa\u00e7on de sauver le PS ou de contrer la ligne d\u2019Olivier Faure qui \u00e9tait de proposer la possibilit\u00e9 d\u2019un soutien \u00e0 une candidature non socialiste.\u00a0\u00bb<br \/>\n\u00ab\u00a0La crainte de nombreux parlementaires socialistes c\u2019est de ne pas retrouver leur circonscription aux prochaines l\u00e9gislatives.\u00a0\u00bb<br \/>\n\u00ab\u00a0Pour les partis, les \u00e9lections l\u00e9gislatives sont beaucoup plus importantes que l\u2019\u00e9lection pr\u00e9sidentielle.\u00a0En tout cas, elles sont aussi importantes que l\u2019\u00e9lection pr\u00e9sidentielle. \u00bb<br \/>\n\u00ab\u00a0Avec sa proposition de doubler les salaires des enseignants, Anne Hidalgo a \u00e9t\u00e9 largement discr\u00e9dit\u00e9e &#8211; notamment dans les m\u00e9dias mais aussi du c\u00f4t\u00e9 des enseignants qui ont trouv\u00e9 que la proposition \u00e9tait tr\u00e8s d\u00e9magogique.\u00a0Elle s\u2019est plant\u00e9e. Elle tente de se rattraper. \u00bb<br \/>\n\u00ab\u00a0Anne Hidalgo n\u2019est pas toute seule \u00e0 prendre des d\u00e9cisions. On ne peut pas lui d\u00e9nier, avec sa proposition, d\u2019avoir le sens des responsabilit\u00e9s.\u00a0\u00bb\u00a0<br \/>\n\u00ab\u00a0La d\u00e9faite \u00e9crasante de la gauche impacterait le Parti socialiste mais aussi plus largement l\u2019ensemble de la gauche.\u00a0\u00bb<\/p>\n<p><em>\u00a0<strong>Sur l\u2019\u00e9tat de la social-d\u00e9mocratie\u00a0<\/em>\u00a0<\/strong><br \/>\n\u00ab\u00a0La social-d\u00e9mocratie est en crise mais il y a une capacit\u00e9 de ces partis \u00e0 s\u2019ouvrir \u00e0 des revendications \u00e9cologiques et environnementales. Le paradoxe, c\u2019est que le PS est all\u00e9 assez loin en s\u2019affichant comme le parti de la social-\u00e9cologie. \u00c7a ne prend pas et si \u00e7a ne prend pas c\u2019est parce qu\u2019il y a ce bilan d\u00e9sastreux du quinquennat pr\u00e9c\u00e9dent.\u00a0\u00bb<br \/>\n\u00ab\u00a0L\u2019analyse critique des raisons pour lesquelles le PS au pouvoir entre 2012 et 2017 a \u00e9chou\u00e9 \u00e0 ce point &#8211; au point que son pr\u00e9sident n\u2019a m\u00eame pas pu ou n\u2019a pas os\u00e9 affronter les \u00e9lecteurs &#8211; n\u2019a pas v\u00e9ritablement \u00e9t\u00e9 faite devant les Fran\u00e7ais. Le probl\u00e8me, c\u2019est que le PS pense que ce travail a \u00e9t\u00e9 fait.\u00a0\u00bb<br \/>\n\u00ab\u00a0Anne Hidalgo, m\u00eame si elle-m\u00eame n\u2019a pas \u00e9t\u00e9 au premier plan, ministre au gouvernement, porte ce fardeau [le quinquennat de Fran\u00e7ois Hollande].\u00a0\u00bb<br \/>\n\u00ab\u00a0Anne Hidalgo, dans ses positions publiques, fait comme si le pass\u00e9 n\u2019existait pas.\u00a0Elle arrive en se pr\u00e9sentant comme une femme neuve, qui s\u2019est faite d\u2019elle-m\u00eame, et qui a fait des choses merveilleuses \u00e0 Paris, comme si sa famille politique n\u2019\u00e9tait en rien li\u00e9 \u00e0 ce qu\u2019elle est. \u00bb<br \/>\n\u00ab\u00a0Les socialistes se sont un petit peu trop satisfaits de leur victoire aux \u00e9lections locales en pensant que la page avait \u00e9t\u00e9 tourn\u00e9e alors que la page n\u2019a pas \u00e9t\u00e9 tourn\u00e9e.\u00a0\u00bb<br \/>\n\u00ab Anne Hidalgo et le PS jouent la carte de la gauche responsable.\u00a0\u00bb<br \/>\n\u00ab\u00a0Fran\u00e7ois Hollande ne croit pas aux chances de la candidate du Parti socialiste mais Anne Hidalgo va quand m\u00eame \u00e0 ses c\u00f4t\u00e9s en Corr\u00e8ze quitte \u00e0 se faire humilier.\u00a0\u00bb<br \/>\n\u00ab\u00a0Anne Hidalgo dit qu\u2019elle n\u2019abandonnera pas la course si elle est la seule \u00e0 proposer cette primaire ce qui veut dire qu\u2019on pourrait revenir au point de d\u00e9part.\u00a0\u00bb<\/p>\n<p><em>\u00a0<strong>Sur la possibilit\u00e9 d\u2019une implosion au PS<\/em>\u00a0<\/strong><br \/>\n\u00ab\u00a0Il y a au PS une aile identitaire : des gens qui consid\u00e8rent qu\u2019il faut assumer le bilan du quinquennat de Fran\u00e7ois Hollande et qu\u2019il n\u2019est pas possible de dissoudre le PS dans une esp\u00e8ce de n\u00e9buleuse social-\u00e9cologiste dans laquelle les verts auraient la pr\u00e9\u00e9minence (\u2026). Ces gens-l\u00e0 pensent que le plus important est de sauver le Parti socialiste et d\u2019essayer de retrouver la pr\u00e9\u00e9minence \u00e0 gauche. Ils craignent que le fait de ne pas pr\u00e9senter de candidat soit un calcul de court terme et qu\u2019\u00e0 long terme le PS va \u00eatre pasokis\u00e9, c\u2019est-\u00e0-dire comme le PASOK grec, il va \u00eatre dissout. Et \u00e7a sera la fin du PS. \u00bb<br \/>\n\u00ab\u00a0Depuis le d\u00e9but, Anne Hidalgo et ses proches n\u2019en font qu\u2019\u00e0 leur t\u00eate.\u00a0\u00bb<\/p>\n<p><em>\u00a0<strong>Sur la suite de la campagne pour les candidats et candidates de la gauche et des \u00e9cologistes<\/em>\u00a0<\/strong><br \/>\n\u00ab\u00a0Il y a des contraintes pratiques de calendrier, notamment le fait que les comptes de campagne doivent \u00eatre fusionn\u00e9s s\u2019il y a ralliement \u00e0 partir de fin janvier. Mais il y a aussi le probl\u00e8me de la collecte des signatures, la question de l\u2019organisation mat\u00e9rielle d\u2019\u00e9ventuelles primaires\u2026 Mais il y a surtout le poids des logiques identitaires et d\u2019appareils : on le voit par exemple pour le Parti communiste qui affirme ne pas avoir pr\u00e9sent\u00e9 de candidat \u00e0 la pr\u00e9sidentielle depuis longtemps.\u00a0\u00bb<br \/>\n\u00ab\u00a0Chez les \u00e9cologistes, on invoque le fait d\u2019avoir d\u00e9j\u00e0 organis\u00e9 des primaires.\u00a0\u00bb<br \/>\n\u00ab\u00a0Tout pousse \u00e0 ce que cela ne bouge pas.\u00a0\u00bb<br \/>\n\u00ab\u00a0Il y a aussi la dynamique des sondages qui sont de plus en plus catastrophiques avec une menace s\u00e9rieuse pour que, de nouveau, on se retrouve entre Marine Le Pen (ou Eric Zemmour) face \u00e0 Emmanuel Macron ou m\u00eame Val\u00e9rie P\u00e9cresse &#8211; Emmanuel Macron.\u00a0\u00bb<br \/>\n\u00ab\u00a0Les choses pourraient peut-\u00eatre bouger m\u00eame si je pense personnellement que ce n\u2019est pas l\u2019hypoth\u00e8se la plus probable vu l\u2019\u00e9motion suscit\u00e9e par la proposition d\u2019Anne Hidalgo.\u00a0\u00bb<br \/>\n\u00ab\u00a0Est-ce que l\u2019on assistera \u00e0 un d\u00e9sistement progressif des candidats au profit de celui qui est en t\u00eate ? Cela supposerait un accord politique et cela voudrait dire qu\u2019il faudrait se mettre d\u2019accord sur les l\u00e9gislatives et avoir un programme suffisamment oecum\u00e9nique.\u00a0Le probl\u00e8me, c\u2019est que tout cela appara\u00eetrait comme un bricolage aux yeux des \u00e9lecteurs.\u00a0\u00bb<\/p>\n<p><em>\u00a0<strong>Sur la candidature de Christiane Taubira<\/em>\u00a0<\/strong><br \/>\n\u00ab\u00a0Je crois qu\u2019on est, chez un certain nombre de gens, dans une situation tellement d\u00e9sesp\u00e9r\u00e9e que tout est bon \u00e0 prendre. En 1995, le PS \u00e9tait pr\u00eat \u00e0 s\u2019offrir \u00e0 Jacques Delors pour sauver les meubles. Aujourd\u2019hui, \u00e7a pourrait \u00eatre Christiane Taubira.\u00a0\u00bb<br \/>\n\u00ab\u00a0Quand on a un candidat ou une candidate \u00e0 l\u2019\u00e9lection pr\u00e9sidentielle, on \u00e9pluche toutes ses prises de position ant\u00e9rieures : Christiane Taubira qui a une image plut\u00f4t positive pour les \u00e9lecteurs de gauche risquerait d\u2019\u00eatre ramen\u00e9e \u00e0 des positions beaucoup moins consensuelles &#8211; sans m\u00eame parler de ses positions sur la vaccination de ces derni\u00e8res semaines.\u00a0\u00bb<br \/>\n\u00ab\u00a0Christiane Taubira aurait de fortes chances de cliver.\u00a0\u00bb<br \/>\n\u00ab\u00a0Je ne crois pas qu\u2019on improvise une candidature \u00e0 l\u2019\u00e9lection pr\u00e9sidentielle comme \u00e7a : si Christiane Taubira avait souhait\u00e9 s\u2019engager, elle avait 5 ans pour le faire et se pr\u00e9parer.\u00a0\u00bb<\/p>\n<p><em>\u00a0<strong>Sur le peuple de gauche<\/em>\u00a0<\/strong><br \/>\n\u00ab\u00a0Selon les enqu\u00eates, il y a entre 20 et 25% de gens qui continuent de se positionner \u00e0 gauche &#8211; plut\u00f4t au centre gauche qu\u2019\u00e0 l\u2019extr\u00eame gauche -, 30 \u00e0 35% \u00e0 droite ou \u00e0 l\u2019extr\u00eame droite et un nombre important de gens qui refusent de se positionner selon cet axe ou qui se placent au centre.\u00a0\u00bb<br \/>\n\u00ab\u00a0Quand la gauche est arriv\u00e9e au pouvoir, c\u2019est parce qu\u2019elle a r\u00e9ussi \u00e0 rallier des \u00e9lecteurs qui se positionnaient au centre ou ni \u00e0 droite ni \u00e0 gauche.\u00a0Il n\u2019y aucune fatalit\u00e9 \u00e0 ce que seuls les \u00e9lecteurs se sentant de gauche votent \u00e0 gauche.\u00a0\u00bb<br \/>\n\u00ab\u00a0Si on regarde le positionnement quant aux enjeux de soci\u00e9t\u00e9 ou aux enjeux socio-\u00e9conomiques, on peut se dire que la gauche a du potentiel.\u00a0\u00bb<br \/>\n\u00ab\u00a0C\u2019est une illusion terrible de penser qu\u2019Emmanuel Macron, parce qu\u2019il a une politique pour les gens plus politis\u00e9s et clairement orient\u00e9s \u00e0 droite, est per\u00e7u automatiquement comme \u00e9tant de droite par des \u00e9lecteurs qui accordent \u00e0 la politique une attention oblique et ponctuelle (\u2026). La politique du quoiqu\u2019il en co\u00fbte a \u00e9t\u00e9 tr\u00e8s bien accueillie par des gens de milieux modestes ou qui peuvent politiquement voter \u00e0 gauche.\u00a0\u00bb<div id='gallery-1' class='gallery galleryid-13285 gallery-columns-3 gallery-size-thumbnail'><figure class='gallery-item'>\n\t\t\t<div class='gallery-icon landscape'>\n\t\t\t\t<a href='https:\/\/archives.regards.fr\/wp-content\/uploads\/2021\/12\/capture_d_e_cran_2021-12-10_a_12-e59.39.16.png'><img loading=\"lazy\" decoding=\"async\" width=\"150\" height=\"150\" src=\"https:\/\/archives.regards.fr\/wp-content\/uploads\/2021\/12\/capture_d_e_cran_2021-12-10_a_12-e59.39.16-150x150.png\" class=\"attachment-thumbnail size-thumbnail\" alt=\"capture_d_e_cran_2021-12-10_a_12.39.16.png\" \/><\/a>\n\t\t\t<\/div><\/figure>\n\t\t<\/div>\n<\/p>\n","protected":false},"excerpt":{"rendered":"<p>En France, la social-d\u00e9mocratie est en \u00e9chec. La candidate socialiste, Anne Hidalgo, est cr\u00e9dit\u00e9e de 3 \u00e0 5% des intentions de vote, selon les sondages. Une r\u00e9alit\u00e9 qui n\u2019est pas sans lien avec la proposition de primaire populaire, comme pour mieux sortir par le haut. Fr\u00e9d\u00e9ric Sawicki, politologue, professeur de Science politique, est l\u2019invit\u00e9 de #LaMidinale.<\/p>\n","protected":false},"author":1204,"featured_media":31255,"comment_status":"open","ping_status":"open","sticky":false,"template":"","format":"standard","meta":{"_themeisle_gutenberg_block_has_review":false,"footnotes":""},"categories":[238],"tags":[293],"class_list":["post-13285","post","type-post","status-publish","format-standard","has-post-thumbnail","hentry","category-la-midinale","tag-entretien"],"_links":{"self":[{"href":"https:\/\/archives.regards.fr\/index.php?rest_route=\/wp\/v2\/posts\/13285","targetHints":{"allow":["GET"]}}],"collection":[{"href":"https:\/\/archives.regards.fr\/index.php?rest_route=\/wp\/v2\/posts"}],"about":[{"href":"https:\/\/archives.regards.fr\/index.php?rest_route=\/wp\/v2\/types\/post"}],"author":[{"embeddable":true,"href":"https:\/\/archives.regards.fr\/index.php?rest_route=\/wp\/v2\/users\/1204"}],"replies":[{"embeddable":true,"href":"https:\/\/archives.regards.fr\/index.php?rest_route=%2Fwp%2Fv2%2Fcomments&post=13285"}],"version-history":[{"count":0,"href":"https:\/\/archives.regards.fr\/index.php?rest_route=\/wp\/v2\/posts\/13285\/revisions"}],"wp:featuredmedia":[{"embeddable":true,"href":"https:\/\/archives.regards.fr\/index.php?rest_route=\/wp\/v2\/media\/31255"}],"wp:attachment":[{"href":"https:\/\/archives.regards.fr\/index.php?rest_route=%2Fwp%2Fv2%2Fmedia&parent=13285"}],"wp:term":[{"taxonomy":"category","embeddable":true,"href":"https:\/\/archives.regards.fr\/index.php?rest_route=%2Fwp%2Fv2%2Fcategories&post=13285"},{"taxonomy":"post_tag","embeddable":true,"href":"https:\/\/archives.regards.fr\/index.php?rest_route=%2Fwp%2Fv2%2Ftags&post=13285"}],"curies":[{"name":"wp","href":"https:\/\/api.w.org\/{rel}","templated":true}]}}