{"id":13283,"date":"2021-12-09T15:06:01","date_gmt":"2021-12-09T14:06:01","guid":{"rendered":"https:\/\/wp.muchomaas.com\/article-video-et-anne-hidalgo-proposa-une-primaire-de-la-gauche\/"},"modified":"2023-06-24T00:22:19","modified_gmt":"2023-06-23T22:22:19","slug":"article-video-et-anne-hidalgo-proposa-une-primaire-de-la-gauche","status":"publish","type":"post","link":"https:\/\/archives.regards.fr\/?p=13283","title":{"rendered":"VID\u00c9O. Et Anne Hidalgo proposa une primaire de la gauche"},"content":{"rendered":"<p class=\"post_excerpt\">Surprise, mercredi 8 d\u00e9cembre, la candidate socialiste \u00e0 la pr\u00e9sidence de la R\u00e9publique s&#8217;est offert un 20h de TF1 pour appeler ses petits camarades de la gauche \u00e0 co-organiser une primaire (coucou les gens de la Primaire populaire !). Une prise d&#8217;initiative qui n&#8217;a pas franchement connue le succ\u00e8s escompt\u00e9.<\/p>\n<p><iframe loading=\"lazy\" width=\"490\" height=\"276\" src=\"https:\/\/www.youtube.com\/embed\/0VEDXVGILK4\" title=\"YouTube video player\" frameborder=\"0\" allow=\"accelerometer; autoplay; clipboard-write; encrypted-media; gyroscope; picture-in-picture\" allowfullscreen><\/iframe><\/p>\n<p>&nbsp;<\/p>\n<p>\n<strong>LIRE AUSSI SUR REGARDS.FR<br \/>\n>><\/strong> <em><a href=\"https:\/\/wp.muchomaas.com\/actu\/article\/2022-l-union-de-la-gauche-pourquoi-pas-mais-a-quel-prix\">2022 : l\u2019union de la gauche, pourquoi pas, mais \u00e0 quel prix ?<\/a><\/em><\/p>\n<p>&nbsp;<\/p>\n<p><p>&nbsp;<\/p>\n<p>\n<a href=\"https:\/\/wp.muchomaas.com\/auteur\/loic-le-clerc\"><strong>Lo\u00efc Le Clerc<\/strong><\/a><div id='gallery-1' class='gallery galleryid-13283 gallery-columns-3 gallery-size-thumbnail'><figure class='gallery-item'>\n\t\t\t<div class='gallery-icon landscape'>\n\t\t\t\t<a href='https:\/\/archives.regards.fr\/wp-content\/uploads\/2021\/12\/befunky-collage-428-c23-scaled.jpg'><img loading=\"lazy\" decoding=\"async\" width=\"150\" height=\"150\" src=\"https:\/\/archives.regards.fr\/wp-content\/uploads\/2021\/12\/befunky-collage-428-c23-150x150.jpg\" class=\"attachment-thumbnail size-thumbnail\" alt=\"befunky-collage-428.jpg\" \/><\/a>\n\t\t\t<\/div><\/figure>\n\t\t<\/div>\n<\/p>\n","protected":false},"excerpt":{"rendered":"<p>Surprise, mercredi 8 d\u00e9cembre, la candidate socialiste \u00e0 la pr\u00e9sidence de la R\u00e9publique s&#8217;est offert un 20h de TF1 pour appeler ses petits camarades de la gauche \u00e0 co-organiser une primaire (coucou les gens de la Primaire populaire !). Une prise d&#8217;initiative qui n&#8217;a pas franchement connue le succ\u00e8s escompt\u00e9.<\/p>\n","protected":false},"author":1203,"featured_media":31251,"comment_status":"open","ping_status":"open","sticky":false,"template":"","format":"standard","meta":{"_themeisle_gutenberg_block_has_review":false,"footnotes":""},"categories":[279],"tags":[295,390,515],"class_list":["post-13283","post","type-post","status-publish","format-standard","has-post-thumbnail","hentry","category-videos","tag-nupes","tag-parti-socialiste","tag-presidentielle-2022"],"_links":{"self":[{"href":"https:\/\/archives.regards.fr\/index.php?rest_route=\/wp\/v2\/posts\/13283","targetHints":{"allow":["GET"]}}],"collection":[{"href":"https:\/\/archives.regards.fr\/index.php?rest_route=\/wp\/v2\/posts"}],"about":[{"href":"https:\/\/archives.regards.fr\/index.php?rest_route=\/wp\/v2\/types\/post"}],"author":[{"embeddable":true,"href":"https:\/\/archives.regards.fr\/index.php?rest_route=\/wp\/v2\/users\/1203"}],"replies":[{"embeddable":true,"href":"https:\/\/archives.regards.fr\/index.php?rest_route=%2Fwp%2Fv2%2Fcomments&post=13283"}],"version-history":[{"count":0,"href":"https:\/\/archives.regards.fr\/index.php?rest_route=\/wp\/v2\/posts\/13283\/revisions"}],"wp:featuredmedia":[{"embeddable":true,"href":"https:\/\/archives.regards.fr\/index.php?rest_route=\/wp\/v2\/media\/31251"}],"wp:attachment":[{"href":"https:\/\/archives.regards.fr\/index.php?rest_route=%2Fwp%2Fv2%2Fmedia&parent=13283"}],"wp:term":[{"taxonomy":"category","embeddable":true,"href":"https:\/\/archives.regards.fr\/index.php?rest_route=%2Fwp%2Fv2%2Fcategories&post=13283"},{"taxonomy":"post_tag","embeddable":true,"href":"https:\/\/archives.regards.fr\/index.php?rest_route=%2Fwp%2Fv2%2Ftags&post=13283"}],"curies":[{"name":"wp","href":"https:\/\/api.w.org\/{rel}","templated":true}]}}