{"id":13278,"date":"2021-12-08T13:07:48","date_gmt":"2021-12-08T12:07:48","guid":{"rendered":"https:\/\/wp.muchomaas.com\/article-aurore-lalucq-macron-ne-croit-pas-a-la-theorie-du-ruissellement-mais-il-doit\/"},"modified":"2023-06-24T00:22:07","modified_gmt":"2023-06-23T22:22:07","slug":"article-aurore-lalucq-macron-ne-croit-pas-a-la-theorie-du-ruissellement-mais-il-doit","status":"publish","type":"post","link":"https:\/\/archives.regards.fr\/?p=13278","title":{"rendered":"Aurore Lalucq : \u00ab Macron ne croit pas \u00e0 la th\u00e9orie du ruissellement, mais il doit justifier ses politiques injustes \u00bb"},"content":{"rendered":"<p class=\"post_excerpt\">Mardi 9 d\u00e9cembre, un rapport sur les in\u00e9galit\u00e9s post-Covid a \u00e9t\u00e9 publi\u00e9. On apprend notamment que la France compte 14,6% de pauvres, soit 9,3 millions de personnes. Aurore Lalucq, eurod\u00e9put\u00e9e Place publique, \u00e9conomiste et auteure de <em>Reconqu\u00eate. Au nom de l&#8217;int\u00e9r\u00eat g\u00e9n\u00e9ral<\/em> (\u00e9ditions Les Petits Matins), est l&#8217;invit\u00e9e de #LaMidinale.<\/p>\n<h2>UNE MIDINALE \u00c0 VOIR&#8230;<\/h2>\n<p><iframe loading=\"lazy\" width=\"490\" height=\"276\" src=\"https:\/\/www.youtube.com\/embed\/49LXAMuT5t0\" title=\"YouTube video player\" frameborder=\"0\" allow=\"accelerometer; autoplay; clipboard-write; encrypted-media; gyroscope; picture-in-picture\" allowfullscreen><\/iframe><\/p>\n<p>&nbsp;<\/p>\n<p><h2>ET \u00c0 LIRE&#8230;<\/h2>\n<p><em> <strong>Sur l&#8217;accroissement des richesses et l&#8217;appauvrissement des \u00c9tats<\/strong> <\/em><br \/>\n\u00ab Le patrimoine priv\u00e9 explose et le patrimoine public s&#8217;appauvrit, au nom d&#8217;une id\u00e9ologie, de choix politiques qui voulaient que le keyn\u00e9sianisme, le mod\u00e8le des 30 Glorieuses ne fonctionnaient plus et qu&#8217;il fallait maintenant \u00eatre efficace et soutenir les classes les plus riches pour que \u00e7a ruisselle vers le bas et que tout le monde puisse s&#8217;enrichir. \u00c7a allait \u00eatre la mondialisation heureuse. \u00bb<br \/>\n\u00ab R\u00e9sultat : les \u00c9tats se sont s\u00e9par\u00e9s d&#8217;actifs qui leur rapportaient de l&#8217;argent : les autoroutes, Air France, etc. \u00bb<br \/>\n\u00ab On s&#8217;est mis \u00e0 faire des coupes dans les imp\u00f4ts en permanence et \u00e7a co\u00fbte extr\u00eamement cher. L&#8217;\u00c9tat est en train de scier la branche sur laquelle il est assis. \u00bb<br \/>\n\u00ab Par ailleurs, l&#8217;\u00c9tat donne beaucoup de subventions (cr\u00e9dit imp\u00f4t recherche, CICE, etc.) aux grandes entreprises sans condition et sans \u00e9valuation pour savoir ce qu&#8217;elles ont fait de cet argent. Cet argent n&#8217;a pas cr\u00e9\u00e9 d&#8217;emplois, en revanche, il a permis \u00e0 certains de s&#8217;enrichir. \u00bb<\/p>\n<p><em> <strong>Sur l&#8217;auto-organisation de l&#8217;impuissance des \u00c9tats \u00e0 lutter contre les in\u00e9galit\u00e9s<\/strong> <\/em><br \/>\n\u00ab C&#8217;est une politique qui accro\u00eet les in\u00e9galit\u00e9s sur le court, moyen et long terme. \u00bb<br \/>\n\u00ab Ce sont des choix id\u00e9ologiques et politiques. \u00bb<br \/>\n\u00ab Il y a toujours eu des chocs id\u00e9ologiques. C&#8217;est une politique de classe qui a gagn\u00e9. La technocratie a une id\u00e9ologie, il n&#8217;y a pas de neutralit\u00e9. \u00bb<br \/>\n\u00ab C&#8217;est une arnaque fantastique : cette politique en faveur des plus riches a fait croire \u00e0 tout le monde que c&#8217;\u00e9tait pour \u00eatre plus efficace dans la lutte contre les in\u00e9galit\u00e9s. \u00bb<\/p>\n<p><em> <strong>Sur l&#8217;UE, continent moins in\u00e9galitaire ?<\/strong> <\/em><br \/>\n\u00ab Le mod\u00e8le social fran\u00e7ais n&#8217;a pas besoin des institutions europ\u00e9ennes pour \u00eatre d\u00e9tricot\u00e9. Les gouvernements fran\u00e7ais l&#8217;ont tr\u00e8s bien fait. \u00bb<br \/>\n\u00ab L&#8217;UE n&#8217;oblige pas la France \u00e0 ne pas payer correctement les soignants, les professeurs. \u00bb<br \/>\n\u00ab Le n\u00e9olib\u00e9ralisme est une id\u00e9ologie dominante. \u00bb<br \/>\n\u00ab La diff\u00e9rence entre l&#8217;UE et les \u00c9tats-Unis, c&#8217;est qu&#8217;on est parti d&#8217;une situation o\u00f9 l&#8217;on avait de meilleures institutions, un \u00c9tat-providence. C&#8217;est ce qui nous permet de mieux r\u00e9sister. \u00bb<\/p>\n<p><em> <strong>Sur la mondialisation financi\u00e8re<\/strong> <\/em><br \/>\n\u00ab Il faut revenir \u00e0 l&#8217;apr\u00e8s-guerre, o\u00f9 il y a l&#8217;id\u00e9e de mettre en place un syst\u00e8me financier international qui soit au service d&#8217;un \u00c9tat-providence, des politiques sociales. On s&#8217;est dit tout b\u00eatement que la prosp\u00e9rit\u00e9, c&#8217;\u00e9tait pas mal pour garantir la paix. Pour pouvoir avoir des politiques sociales ind\u00e9pendantes et g\u00e9n\u00e9reuses, il fallait tenir la finance. C&#8217;est l\u00e0-dessus qu&#8217;on est revenu \u00e0 la fin des ann\u00e9es 70. Depuis ce moment-l\u00e0, on a des probl\u00e8mes avec une finance d\u00e9brid\u00e9e. \u00bb<br \/>\n\u00ab Dans les 1% les plus riches, ils ont tout leur patrimoine plac\u00e9 dans des activit\u00e9s financi\u00e8res, avec des rentabilit\u00e9s extr\u00eamement \u00e9lev\u00e9es. \u00bb<br \/>\n\u00ab Aujourd&#8217;hui, on est dans un capitalisme de rentiers. Mieux vaut h\u00e9riter que de travailler et m\u00e9riter. \u00bb<\/p>\n<p><em> <strong>Sur la th\u00e9orie du ruissellement<\/strong> <\/em><br \/>\n\u00ab Emmanuel Macron n&#8217;y croit pas. Par contre, il faut bien justifier le fait de mettre en place des politiques injustes. \u00bb<br \/>\n\u00ab Ce serait bien qu&#8217;on ait une classe politique qui assume ce qu&#8217;elle pense. \u00bb<\/p>\n<p><em> <strong>Sur l&#8217;investissement<\/strong> <\/em><br \/>\n\u00ab On a toujours un probl\u00e8me, tant au niveau fran\u00e7ais qu&#8217;europ\u00e9en : on n&#8217;investit pas assez. Les politiques favorisent le capital et les actionnaires, l&#8217;argent qui dort. L&#8217;\u00e9conomie est un circuit dans lequel il faut toujours remettre de l&#8217;argent. Il faut aller le chercher. \u00bb<br \/>\n\u00ab Il faut mettre en place une taxation sur le patrimoine. \u00bb<\/p>\n<p><em> <strong>Sur les milliardaires qui se sont enrichis avec le Covid<\/strong> <\/em><br \/>\n\u00ab Il se passe quelque chose en mati\u00e8re fiscale au niveau mondial et europ\u00e9en [en juin dernier, le G7 s&#8217;est engag\u00e9 sur l&#8217;objectif d&#8217;une taxe mondiale sur les b\u00e9n\u00e9fices des multinationales \u00e0 hauteur de 15% &#8220;au moins&#8221;, ndlr], maintenant \u00e7a serait bien que \u00e7a arrive au niveau fran\u00e7ais. \u00bb<br \/>\n\u00ab C&#8217;est une premi\u00e8re \u00e9tape. Dans un pays comme la France, il y a plein de choses \u00e0 faire pour lutter contre les in\u00e9galit\u00e9s de patrimoine. On peut taxer le patrimoine. On peut faire une dotation de patrimoine \u00e0 chaque jeune quand il atteint 18 ans, afin que tout le monde d\u00e9marre au m\u00eame niveau. Commencer avec un appartement ou une maison, ou rien, \u00e7a n&#8217;est pas la m\u00eame chose. \u00bb<\/p>\n<p><em> <strong>Sur les indicateurs pour mesurer la sant\u00e9 \u00e9conomique d&#8217;un pays<\/strong> <\/em><br \/>\n\u00ab Le PIB ne peut rien dire sur l&#8217;\u00e9tat des in\u00e9galit\u00e9s. On le sait depuis toujours, son concepteur le disait ! \u00bb<br \/>\n\u00ab Il faut des indicateurs de sant\u00e9, environnementaux, pour savoir si on va dans le bon sens. \u00c7a nous permettra aussi de sortir des discours sur la croissance du PIB. \u00bb<\/p>\n<p><em> <strong>Sur la dette Covid<\/strong> <\/em><br \/>\n\u00ab Cette question s&#8217;impose dans le d\u00e9bat \u00e9lectoral de fa\u00e7on tr\u00e8s n\u00e9gative. C&#8217;est un \u00e9l\u00e9ment de langage pour culpabiliser les plus pauvres. Pour quoi et pour qui faut-il se serrer la ceinture ? \u00bb<br \/>\n\u00ab \u00c7a fait 40 ans qu&#8217;on m\u00e8ne le m\u00eame type de politique, des politiques qui visent \u00e0 couper dans les recettes publiques et \u00e0 soutenir les grandes entreprises. \u00c7a n&#8217;a fait qu&#8217;aggraver les in\u00e9galit\u00e9s. On parle de la cinqui\u00e8me puissance \u00e9conomique mondiale, qui a un taux de pauvret\u00e9 de 15% ! C&#8217;est inadmissible. \u00bb<\/p>\n<p><em> <strong>Sur le fait que, dans les sondages, la majorit\u00e9 des \u00e9lecteurs s&#8217;appr\u00eatent \u00e0 voter pour des candidats qui vont renforcer les in\u00e9galit\u00e9s<\/strong> <\/em><br \/>\n\u00ab On a une d\u00e9gradation du d\u00e9bat public. On cherche toujours un bouc \u00e9missaire. \u00bb<br \/>\n\u00ab Ce qui permet de lutter contre les in\u00e9galit\u00e9s primaires, c&#8217;est l&#8217;\u00e9ducation, la sant\u00e9, les services publics. \u00bb<br \/>\n\u00ab Val\u00e9rie P\u00e9cresse veut supprimer des fonctionnaires \u2013 ce qui r\u00e9duirait la croissance du PIB \u2013 tout en luttant contre la d\u00e9sertification m\u00e9dicale. Comment fait-elle ? Elle joue sur nos sentiments les plus mesquins. \u00bb<\/p>\n<p><em> <strong>Sur la gauche et 2022<\/strong> <\/em><br \/>\n\u00ab Il faut se battre. L&#8217;union, \u00e7a se fait. \u00bb<br \/>\n\u00ab La d\u00e9sunion, c&#8217;est du temps perdu pour travailler \u00e0 un programme commun afin d&#8217;ensuite le d\u00e9fendre, le marteler dans les m\u00e9dias et imposer nos th\u00e8mes. L\u00e0, c&#8217;est l&#8217;extr\u00eame droite qui impose ses th\u00e8mes dans le d\u00e9bat public. \u00bb<br \/>\n\u00ab Quand on parle de la gauche, on ne parle pas des id\u00e9es mais des tactiques, des strat\u00e9gies. \u00bb<br \/>\n\u00ab L&#8217;union doit se faire sur une base programmatique. \u00bb<br \/>\n\u00ab Il n&#8217;est jamais trop tard pour \u00eatre responsable face \u00e0 l&#8217;histoire. \u00bb<div id='gallery-1' class='gallery galleryid-13278 gallery-columns-3 gallery-size-thumbnail'><figure class='gallery-item'>\n\t\t\t<div class='gallery-icon landscape'>\n\t\t\t\t<a href='https:\/\/archives.regards.fr\/wp-content\/uploads\/2021\/12\/screenshot_2021-12-08_13-7a4.00.15.png'><img loading=\"lazy\" decoding=\"async\" width=\"150\" height=\"150\" src=\"https:\/\/archives.regards.fr\/wp-content\/uploads\/2021\/12\/screenshot_2021-12-08_13-7a4.00.15-150x150.png\" class=\"attachment-thumbnail size-thumbnail\" alt=\"screenshot_2021-12-08_13.00.15.png\" \/><\/a>\n\t\t\t<\/div><\/figure>\n\t\t<\/div>\n<\/p>\n","protected":false},"excerpt":{"rendered":"<p>Mardi 9 d\u00e9cembre, un rapport sur les in\u00e9galit\u00e9s post-Covid a \u00e9t\u00e9 publi\u00e9. On apprend notamment que la France compte 14,6% de pauvres, soit 9,3 millions de personnes. Aurore Lalucq, eurod\u00e9put\u00e9e Place publique, \u00e9conomiste et auteure de <em>Reconqu\u00eate. Au nom de l&#8217;int\u00e9r\u00eat g\u00e9n\u00e9ral<\/em> (\u00e9ditions Les Petits Matins), est l&#8217;invit\u00e9e de #LaMidinale.<\/p>\n","protected":false},"author":1039,"featured_media":31243,"comment_status":"open","ping_status":"open","sticky":false,"template":"","format":"standard","meta":{"_themeisle_gutenberg_block_has_review":false,"footnotes":""},"categories":[238],"tags":[293],"class_list":["post-13278","post","type-post","status-publish","format-standard","has-post-thumbnail","hentry","category-la-midinale","tag-entretien"],"_links":{"self":[{"href":"https:\/\/archives.regards.fr\/index.php?rest_route=\/wp\/v2\/posts\/13278","targetHints":{"allow":["GET"]}}],"collection":[{"href":"https:\/\/archives.regards.fr\/index.php?rest_route=\/wp\/v2\/posts"}],"about":[{"href":"https:\/\/archives.regards.fr\/index.php?rest_route=\/wp\/v2\/types\/post"}],"author":[{"embeddable":true,"href":"https:\/\/archives.regards.fr\/index.php?rest_route=\/wp\/v2\/users\/1039"}],"replies":[{"embeddable":true,"href":"https:\/\/archives.regards.fr\/index.php?rest_route=%2Fwp%2Fv2%2Fcomments&post=13278"}],"version-history":[{"count":0,"href":"https:\/\/archives.regards.fr\/index.php?rest_route=\/wp\/v2\/posts\/13278\/revisions"}],"wp:featuredmedia":[{"embeddable":true,"href":"https:\/\/archives.regards.fr\/index.php?rest_route=\/wp\/v2\/media\/31243"}],"wp:attachment":[{"href":"https:\/\/archives.regards.fr\/index.php?rest_route=%2Fwp%2Fv2%2Fmedia&parent=13278"}],"wp:term":[{"taxonomy":"category","embeddable":true,"href":"https:\/\/archives.regards.fr\/index.php?rest_route=%2Fwp%2Fv2%2Fcategories&post=13278"},{"taxonomy":"post_tag","embeddable":true,"href":"https:\/\/archives.regards.fr\/index.php?rest_route=%2Fwp%2Fv2%2Ftags&post=13278"}],"curies":[{"name":"wp","href":"https:\/\/api.w.org\/{rel}","templated":true}]}}