{"id":13275,"date":"2021-12-06T14:13:51","date_gmt":"2021-12-06T13:13:51","guid":{"rendered":"https:\/\/wp.muchomaas.com\/article-adrien-quatennens-la-france-de-monsieur-zemmour-n-existe-pas\/"},"modified":"2023-06-24T00:22:04","modified_gmt":"2023-06-23T22:22:04","slug":"article-adrien-quatennens-la-france-de-monsieur-zemmour-n-existe-pas","status":"publish","type":"post","link":"https:\/\/archives.regards.fr\/?p=13275","title":{"rendered":"Adrien Quatennens : \u00ab La France de monsieur Zemmour n\u2019existe pas \u00bb"},"content":{"rendered":"<p class=\"post_excerpt\">Dimanche 5 d\u00e9cembre, Jean-Luc M\u00e9lenchon a r\u00e9uni pr\u00e8s de 5.000 personnes \u00e0 La D\u00e9fense. Adrien Quatennens, d\u00e9put\u00e9 du Nord, coordinateur de la France insoumise et auteur de <em>G\u00e9n\u00e9ration M\u00e9lenchon<\/em> aux \u00e9ditions du Seuil, est l\u2019invit\u00e9 de #LaMidinale<\/p>\n<h2>UNE MIDINALE \u00c0 VOIR&#8230;<\/h2>\n<p><iframe loading=\"lazy\" width=\"490\" height=\"276\" src=\"https:\/\/www.youtube.com\/embed\/h2IIeEuwmlU\" title=\"YouTube video player\" frameborder=\"0\" allow=\"accelerometer; autoplay; clipboard-write; encrypted-media; gyroscope; picture-in-picture\" allowfullscreen><\/iframe><\/p>\n<p>&nbsp;<\/p>\n<p><h2>ET \u00c0 LIRE&#8230;<\/h2>\n<p><em>\u00a0<strong>Sur le meeting de Zemmour<\/em>\u00a0<\/strong><br \/>\n\u00ab\u00a0L\u2019hypoth\u00e8se d\u2019une victoire de l\u2019extr\u00eame droite est une hypoth\u00e8se que l\u2019on n\u2019\u00e9carte pas.\u00a0\u00bb<br \/>\n\u00ab\u00a0Si on cumule les scores de Le Pen et de Zemmour dans les sondages, il y a un potentiel tr\u00e8s fort d\u2019extr\u00eame droite dans ce pays.\u00a0\u00bb<br \/>\n\u00ab\u00a0Hier, on a eu d\u2019un c\u00f4t\u00e9 un meeting qui s\u2019est tr\u00e8s bien d\u00e9roul\u00e9 dans lequel il y avait de la chaleur, de l\u2019enthousiasme, de l\u2019envie et une forme d\u2019harmonie. Et de l\u2019autre c\u00f4t\u00e9, on a eu un meeting dans lequel on a vu les violences.\u00a0\u00bb<br \/>\n\u00ab\u00a0On a vu des militants de Zemmour frapper des militants antiracistes, y compris des jeunes femmes.\u00a0\u00bb<br \/>\n\u00ab\u00a0La candidature d\u2019\u00c9ric Zemmour est une candidature de choc des civilisations.\u00a0Il incarne une forme de violence et de brutalit\u00e9 qui est assum\u00e9e. \u00bb<br \/>\n\u00ab\u00a0Monsieur Zemmour ne peut que semer la pagaille.\u00a0\u00bb<\/p>\n<p><em>\u00a0<strong>Sur l\u2019\u00e9lectorat populaire et le vote extr\u00eame droite\u00a0<\/em>\u00a0<\/strong><br \/>\n\u00ab\u00a0On \u00e0 toutes et tous un devoir de salubrit\u00e9 publique \u00e0 r\u00e9aliser.\u00a0\u00bb<br \/>\n\u00ab\u00a0Il y a des gens qui, subissant le d\u00e9classement et le d\u00e9laissement que l\u2019on a d\u00e9nonc\u00e9s nous aussi, cherchent des r\u00e9ponses. Et il y a des personnages, notamment monsieur Zemmour, qui disent que la question de l\u2019identit\u00e9 est la r\u00e9ponse \u00e0 tous vos maux. Il faut qu\u2019on s\u2019adosse clairement \u00e0 tous ces gens (\u2026). Si on retire l\u2019immigration, l\u2019identit\u00e9 du discours de Zemmour, il reste quelque chose qui est banalement de droite et finalement assez macro compatible.\u00a0\u00bb<br \/>\n\u00ab\u00a0Sur la question de l\u2019immigration, il faut avoir un discours de v\u00e9rit\u00e9 : on ne peut pas croire sinc\u00e8rement \u00e0 l\u2019id\u00e9e d\u2019un grand remplacement alors qu\u2019il y a deux exil\u00e9s pour 1.000 personnes aux portes de l\u2019Union europ\u00e9enne.\u00a0\u00bb<br \/>\n\u00ab\u00a0\u00c7a n\u2019est pas vrai que les migrants seraient responsables de la d\u00e9sindustrialisation du pays ou du fait que les entreprises d\u00e9localisent, que les salari\u00e9s sont si mal pay\u00e9s ou que la richesse est si mal r\u00e9partie.\u00a0\u00bb<br \/>\n\u00ab\u00a0Il faut assumer une confrontation des id\u00e9es avec l\u2019extr\u00eame droite.\u00a0\u00bb<br \/>\n\u00ab\u00a0Demain, quand l\u2019eau va monter, on ne va pas se soucier de savoir comment les gens s\u2019appellent pour savoir comment on s\u2019y prend.\u00a0\u00bb<br \/>\n\u00ab\u00a0La France de monsieur Zemmour n\u2019existe pas.\u00a0\u00bb<\/p>\n<p><em>\u00a0<strong>Sur Val\u00e9rie P\u00e9cresse<\/em>\u00a0<\/strong><br \/>\n\u00ab\u00a0On peut consid\u00e9rer que la droite r\u00e9publicaine a disparu.\u00a0\u00bb<br \/>\n\u00ab\u00a0Aucun des candidats en place ne tenait une ligne r\u00e9publicaine &#8211; ce que faisait Jacques Chirac en d\u00e9pit de tous nos d\u00e9saccords.\u00a0\u00bb<br \/>\n\u00ab\u00a0Les candidats de droite ont couru derri\u00e8re Zemmour.\u00a0\u00bb<br \/>\n\u00ab\u00a0La base \u00e9lectorale des LR correspond \u00e0 la droitisation tr\u00e8s forte, tr\u00e8s accrue.\u00a0\u00bb<br \/>\n\u00ab\u00a0Le programme \u00e9conomique de Val\u00e9rie P\u00e9cresse est interchangeable avec celui d\u2019Emmanuel Macron.\u00a0\u00bb<br \/>\n\u00ab\u00a0Une chose nous revient souvent : les gens ont le sentiment d\u2019avoir connu des alternances politiques sans avoir aucun changement dans leur quotidien. Il y a vraiment cette sensation que tout se vaut et que tout est interchangeable.\u00a0\u00bb<br \/>\n\u00ab\u00a0P\u00e9cresse au pouvoir ferait du Macron \u00e0 quelques nuances pr\u00e8s.\u00a0\u00bb<\/p>\n<p><em>\u00a0<strong>Sur la &#8220;r\u00e9sistance&#8221; de M\u00e9lenchon vs la &#8220;reconqu\u00eate&#8221; de Zemmour<\/em>\u00a0<\/strong><br \/>\n\u00ab\u00a0M\u00e9lenchon est l\u2019incarnation d\u2019une candidature et d\u2019un programme.\u00a0On est les seuls \u00e0 avoir pr\u00e9sent\u00e9 un programme complet \u00e0 quatre mois de l\u2019\u00e9lection pr\u00e9sidentielle. \u00bb<br \/>\n\u00ab\u00a0On doit refuser la logique selon laquelle l\u2019\u00e9lection pr\u00e9sidentielle serait juste une course aux petits chevaux et un casting. L\u2019\u00e9lection pr\u00e9sidentielle, c\u2019est d\u2019abord un programme.\u00a0\u00bb<br \/>\n\u00ab\u00a0Il y a un niveau d\u2019adh\u00e9sion \u00e0 nos propositions qui est tr\u00e8s fort. Qui est massif.\u00a0Il y a une \u00e9nigme \u00e0 r\u00e9soudre : comment se fait-il que quand on interroge les gens sur un programme, on ait une base de 70 \u00e0 90% favorables \u00e0 nos propositions et que pour l\u2019instant dans les sondages, on soit autour de 10 \u00e0 12%, grand maximum ? Comment on traduit une adh\u00e9sion \u00e0 des id\u00e9es en bulletin de vote. Notre strat\u00e9gie d\u00e9coule de ce constat et de cette \u00e9nigme \u00e0 r\u00e9soudre.\u00a0\u00bb\u00a0<br \/>\n\u00ab\u00a0Il va y avoir un r\u00e9veil et une acc\u00e9l\u00e9ration de la campagne de Jean-Luc M\u00e9lenchon \u00e0 partir de la rentr\u00e9e prochaine.\u00a0\u00bb\u00a0<br \/>\n\u00ab\u00a0M\u00e9lenchon, dans son discours \u00e0 La D\u00e9fense, a rappel\u00e9 le but philosophique de notre programme : c\u2019est l\u2019harmonie des \u00eatres humains avec la nature. C\u2019est une vision de la France et de ce que l\u2019on doit faire. Il y a \u00e0 la fois notre programme et notre vision.\u00a0\u00bb<br \/>\n\u00ab\u00a0Dans les secteurs populaires, les gens attendent assez peu une vision globale. Ils peuvent y \u00eatre sensibles mais ils attendent d\u2019abord et avant tout nos propositions qui vont changer le quotidien.\u00a0\u00bb<br \/>\n\u00ab\u00a0Ce qui doit \u00eatre tr\u00e8s clair, c\u2019est que notre programme n\u2019est pas un programme d\u2019accommodement mais un programme de rupture.\u00a0\u00bb<br \/>\n\u00ab\u00a0Personne n\u2019est capable de faire ce qu\u2019\u00e0 fait M\u00e9lenchon hier, \u00e0 gauche.\u00a0\u00bb<\/p>\n<p><em>\u00a0<strong>Sur les partenaires traditionnels de la gauche<\/em>\u00a0<\/strong><br \/>\n\u00ab\u00a0Le programme l\u2019Avenir en commun n\u2019a pas \u00e9t\u00e9 \u00e9crit dans une salle avec quatre personnes. C\u2019est une synth\u00e8se de tout ce que la soci\u00e9t\u00e9 produit de meilleur : les ONG, les syndicats, les associations.\u00a0\u00bb<br \/>\n\u00ab\u00a0Je crains, je per\u00e7ois, que parmi nos concurrents \u00e0 gauche, certains aujourd\u2019hui sont persuad\u00e9s et ont int\u00e9rioris\u00e9 l\u2019id\u00e9e que 2022 \u00e9tait pli\u00e9 et, \u00e0 travers leurs candidatures, pr\u00e9parent autre chose : la conservation de l\u2019appareil politique et le coup d\u2019apr\u00e8s.\u00a0\u00bb<br \/>\n\u00ab\u00a0Personne ne comprend la d\u00e9cision du Parti communiste fran\u00e7ais. Je crois que Fabien Roussel, pour le conna\u00eetre tr\u00e8s bien, qu\u2019il ira jusqu\u2019au bout &#8211; m\u00eame si j\u2019esp\u00e8re qu\u2019il peut encore changer d\u2019avis.\u00a0Et on ne cessera de leur tendre la main parce que c\u2019est la famille. \u00bb<br \/>\n\u00ab On ne peut pas renoncer \u00e0 nos id\u00e9es pour s\u2019accorder [avec Jadot et Hidalgo].\u00a0\u00bb<br \/>\n\u00ab\u00a0Les discours sur l\u2019unit\u00e9, c\u2019est toujours bien devant les cam\u00e9ras de t\u00e9l\u00e9visions mais une fois qu\u2019elles sont \u00e9teintes on voit bien que le plan en coulisse c\u2019est l\u2019affrontement avec la France insoumise.\u00a0\u00bb<br \/>\n\u00ab\u00a0La strat\u00e9gie de l\u2019union populaire consiste \u00e0 dire qu\u2019il faut faire l\u2019union \u00e0 la base.\u00a0\u00bb<\/p>\n<p><em>\u00a0<strong>Sur les &#8220;pleurnicheries&#8221; et les &#8220;j\u00e9r\u00e9miades&#8221;<\/em>\u00a0<\/strong><br \/>\n\u00ab\u00a0Quand M\u00e9lenchon \u00e9voque les &#8220;pleurnicheries et les j\u00e9r\u00e9miades\u00a0\u00bb, il s\u2019adresse aux femmes et aux hommes de gauche qui h\u00e9sitent &#8211; ceux l\u00e0 iront voter contrairement aux quartiers populaires abstentionnistes &#8211; et qui pourraient passer toute l\u2019\u00e9lection jusqu\u2019au mois d\u2019avril \u00e0 d\u00e9plorer &#8211; et \u00e7a serait regrettable &#8211; qu\u2019on n\u2019est pas rassembl\u00e9s et que de toute fa\u00e7on on va perdre. \u00c7a, \u00e7a cr\u00e9e le d\u00e9sespoir.\u00a0\u00bb<\/p>\n<p>Sur le &#8220;trou de souris&#8221;<br \/>\n\u00ab\u00a0Le &#8220;trou de souris&#8221; est r\u00e9aliste. Contrairement \u00e0 d\u2019autres, nous ne disons pas que l\u2019\u00e9lection est perdue.\u00a0Nous croyons absolument que nous pouvons gagner mais il y a une condition pour \u00e7a. Et la condition, c\u2019est la mobilisation du plus grand nombre. C\u2019est la raison pour laquelle M\u00e9lenchon a dit &#8220;je ne peux pas \u00eatre le seul \u00e0 pelleter\u00a0\u00bb. Il faut du monde. Il y a \u00e9norm\u00e9ment de travail de conviction \u00e0 faire. \u00bb<\/p>\n<p><em>\u00a0<strong>Sur les l\u00e9gislatives\u00a0<\/em>\u00a0<\/strong><br \/>\n\u00ab\u00a0Chez les \u00e9cologistes, les accords aux l\u00e9gislatives sont conditionn\u00e9s \u00e0 un soutien \u00e0 la candidature de Yannick Jadot.\u00a0\u00bb<br \/>\n\u00ab Il y a des discussions. Le PCF a demand\u00e9 \u00e0 nous voir donc les choses vont bouger.\u00a0\u00bb<br \/>\n\u00ab\u00a0Tant qu\u2019on n\u2019est pas plus avanc\u00e9 sur quel va \u00eatre le tableau de la pr\u00e9sidentielle, c\u2019est un peu compliqu\u00e9. J\u2019ai bon espoir que les discussions sont possibles.\u00a0\u00bb<\/p>\n<p><em>\u00a0<strong>Sur le Parlement de l\u2019Union populaire\u00a0<\/em>\u00a0<\/strong><br \/>\n\u00ab\u00a0On va se r\u00e9unir tous les mois.\u00a0\u00bb<br \/>\n\u00ab\u00a0C\u2019est une instance qui a d\u2019abord un r\u00f4le consultatif.\u00a0\u00bb<br \/>\n\u00ab On vise \u00e0\u00a0traduire notre programme en plan d\u2019actions concrets dans l\u2019hypoth\u00e8se o\u00f9 l\u2019on serait amen\u00e9s \u00e0 gouverner ce pays.\u00a0\u00bb<br \/>\n\u00ab\u00a0Ces deux cent premiers noms qui sont apparus hier, membres du Parlement de l\u2019Union populaire, ont chacun\/chacune, un r\u00f4le \u00e0 jouer qui consiste \u00e0 essaimer.\u00a0\u00bb<br \/>\n\u00ab\u00a0Le Parlement pourrait, \u00e0 l\u2019issue de l\u2019\u00e9lection pr\u00e9sidentielle, \u00eatre p\u00e9rennis\u00e9 et devenir les bases d\u2019un nouveau mouvement politique.\u00a0\u00bb<\/p>\n<p><em>\u00a0<strong>Sur la &#8220;g\u00e9n\u00e9ration M\u00e9lenchon&#8221;<\/em>\u00a0<\/strong><br \/>\n\u00ab\u00a0La politique n\u2019est pas le domaine r\u00e9serv\u00e9 de sp\u00e9cialistes. Tout le monde devrait faire de la politique et c\u2019est possible.\u00a0\u00bb<br \/>\n\u00ab\u00a0Beaucoup des jeunes vont voter pour la premi\u00e8re fois : c\u2019est environ cinq millions de jeunes qui vont voter pour la premi\u00e8re fois. \u00c7a nous int\u00e9resse de discuter avec eux et de tenter de les convaincre.\u00a0\u00bb<br \/>\n\u00ab\u00a0La nouvelle g\u00e9n\u00e9ration est la g\u00e9n\u00e9ration au pied du mur.\u00a0\u00bb<br \/>\n\u00ab\u00a0Il y a de grands d\u00e9fis \u00e0 relever \u00e0 \u00e7a va reposer essentiellement sur cette g\u00e9n\u00e9ration.\u00a0\u00bb<div id='gallery-1' class='gallery galleryid-13275 gallery-columns-3 gallery-size-thumbnail'><figure class='gallery-item'>\n\t\t\t<div class='gallery-icon landscape'>\n\t\t\t\t<a href='https:\/\/archives.regards.fr\/wp-content\/uploads\/2021\/12\/capture_d_e_cran_2021-12-06_a_13-1e0.00.13.png'><img loading=\"lazy\" decoding=\"async\" width=\"150\" height=\"150\" src=\"https:\/\/archives.regards.fr\/wp-content\/uploads\/2021\/12\/capture_d_e_cran_2021-12-06_a_13-1e0.00.13-150x150.png\" class=\"attachment-thumbnail size-thumbnail\" alt=\"capture_d_e_cran_2021-12-06_a_13.00.13.png\" \/><\/a>\n\t\t\t<\/div><\/figure>\n\t\t<\/div>\n<\/p>\n","protected":false},"excerpt":{"rendered":"<p>Dimanche 5 d\u00e9cembre, Jean-Luc M\u00e9lenchon a r\u00e9uni pr\u00e8s de 5.000 personnes \u00e0 La D\u00e9fense. Adrien Quatennens, d\u00e9put\u00e9 du Nord, coordinateur de la France insoumise et auteur de <em>G\u00e9n\u00e9ration M\u00e9lenchon<\/em> aux \u00e9ditions du Seuil, est l\u2019invit\u00e9 de #LaMidinale<\/p>\n","protected":false},"author":1039,"featured_media":31237,"comment_status":"open","ping_status":"open","sticky":false,"template":"","format":"standard","meta":{"_themeisle_gutenberg_block_has_review":false,"footnotes":""},"categories":[238],"tags":[293],"class_list":["post-13275","post","type-post","status-publish","format-standard","has-post-thumbnail","hentry","category-la-midinale","tag-entretien"],"_links":{"self":[{"href":"https:\/\/archives.regards.fr\/index.php?rest_route=\/wp\/v2\/posts\/13275","targetHints":{"allow":["GET"]}}],"collection":[{"href":"https:\/\/archives.regards.fr\/index.php?rest_route=\/wp\/v2\/posts"}],"about":[{"href":"https:\/\/archives.regards.fr\/index.php?rest_route=\/wp\/v2\/types\/post"}],"author":[{"embeddable":true,"href":"https:\/\/archives.regards.fr\/index.php?rest_route=\/wp\/v2\/users\/1039"}],"replies":[{"embeddable":true,"href":"https:\/\/archives.regards.fr\/index.php?rest_route=%2Fwp%2Fv2%2Fcomments&post=13275"}],"version-history":[{"count":0,"href":"https:\/\/archives.regards.fr\/index.php?rest_route=\/wp\/v2\/posts\/13275\/revisions"}],"wp:featuredmedia":[{"embeddable":true,"href":"https:\/\/archives.regards.fr\/index.php?rest_route=\/wp\/v2\/media\/31237"}],"wp:attachment":[{"href":"https:\/\/archives.regards.fr\/index.php?rest_route=%2Fwp%2Fv2%2Fmedia&parent=13275"}],"wp:term":[{"taxonomy":"category","embeddable":true,"href":"https:\/\/archives.regards.fr\/index.php?rest_route=%2Fwp%2Fv2%2Fcategories&post=13275"},{"taxonomy":"post_tag","embeddable":true,"href":"https:\/\/archives.regards.fr\/index.php?rest_route=%2Fwp%2Fv2%2Ftags&post=13275"}],"curies":[{"name":"wp","href":"https:\/\/api.w.org\/{rel}","templated":true}]}}