{"id":13273,"date":"2021-12-03T12:36:16","date_gmt":"2021-12-03T11:36:16","guid":{"rendered":"https:\/\/wp.muchomaas.com\/article-benoit-martin-cgt-paris-nous-voulons-faire-taire-zemmour\/"},"modified":"2023-06-24T00:22:03","modified_gmt":"2023-06-23T22:22:03","slug":"article-benoit-martin-cgt-paris-nous-voulons-faire-taire-zemmour","status":"publish","type":"post","link":"https:\/\/archives.regards.fr\/?p=13273","title":{"rendered":"Beno\u00eet Martin (CGT Paris) : \u00ab Nous voulons faire taire Zemmour \u00bb"},"content":{"rendered":"<p class=\"post_excerpt\">Alors que le pr\u00e9sident du conseil d\u00e9partemental de la Seine-Saint-Denis demande l\u2019interdiction du meeting de Zemmour \u00e0 Villepinte, des organisations appellent \u00e0 manifester \u00e0 Paris. Beno\u00eet Martin, secr\u00e9taire g\u00e9n\u00e9ral de la CGT Paris, est l\u2019invit\u00e9 de #LaMidinale.<\/p>\n<h2>UNE MIDINALE \u00c0 VOIR&#8230;<\/h2>\n<p><iframe loading=\"lazy\" width=\"490\" height=\"279\" src=\"https:\/\/www.youtube.com\/embed\/VhY-VQe0CWY\" title=\"YouTube video player\" frameborder=\"0\" allow=\"accelerometer; autoplay; clipboard-write; encrypted-media; gyroscope; picture-in-picture\" allowfullscreen><\/iframe><\/p>\n<p>&nbsp;<\/p>\n<p><h2>ET \u00c0 LIRE&#8230;<\/h2>\n<p><em>\u00a0<strong>Sur la demande d\u2019interdiction du meeting de Zemmour<\/strong>\u00a0<\/em><br \/>\n\u00ab\u00a0St\u00e9phane Troussel a raison de demander l\u2019annulation du meeting.\u00a0\u00bb<br \/>\n\u00ab\u00a0Nous voulons faire taire Zemmour.\u00a0Pas parce qu\u2019on serait contre la pluralit\u00e9 mais parce qu\u2019avoir des paroles racistes, sexistes, x\u00e9nophobes et qui revisitent l\u2019histoire de fa\u00e7on r\u00e9visionniste, fait basculer Zemmour du c\u00f4t\u00e9 du d\u00e9lit.\u00a0\u00bb<br \/>\n\u00ab\u00a0Du point de vue du droit, on est dans l\u2019outrage et le d\u00e9lit. On ne peut parler d\u2019une parole politique ordinaire.\u00a0\u00bb<br \/>\n\u00ab\u00a0Il faut d\u00e9construire les propos racistes, sexistes et identitaires de Zemmour.\u00a0\u00bb<br \/>\n\u00ab\u00a0Je ne pensais pas qu\u2019on en arriverait \u00e0 ce niveau de banalisation des id\u00e9es de l\u2019extr\u00eame droite, il y a encore un ou deux ans.\u00a0\u00bb<br \/>\n\u00ab\u00a0Il y a une bataille id\u00e9ologique \u00e0 mener.\u00a0\u00bb<\/p>\n<p><em>\u00a0<strong>Sur le d\u00e9bat M\u00e9lenchon\/Zemmour<\/em>\u00a0<\/strong><br \/>\n\u00ab\u00a0J\u2019ai trouv\u00e9 que le d\u00e9bat \u00e9tait d\u2019un bon niveau du c\u00f4t\u00e9 de M\u00e9lenchon.\u00a0\u00bb<br \/>\n\u00ab\u00a0Zemmour est apparu comme un homme du pass\u00e9, n\u00e9vros\u00e9, ayant des phobies.\u00a0\u00bb<br \/>\n\u00ab\u00a0J\u2019ai trouv\u00e9 ce d\u00e9bat int\u00e9ressant.\u00a0\u00bb<\/p>\n<p><em>\u00a0<strong>Sur la zemmourisation du d\u00e9bat public<\/em>\u00a0<\/strong><br \/>\n\u00ab L\u2019\u00e9lection du premier tour des LR s\u2019est jou\u00e9e sur la droite de la droite.\u00a0\u00bb<br \/>\n\u00ab\u00a0Je ne pense pas que la soci\u00e9t\u00e9 profonde adh\u00e8re aux id\u00e9es de Zemmour.\u00a0\u00bb<br \/>\n\u00ab\u00a0Il y a une hyper m\u00e9diatisation de la parole ultra-droiti\u00e8re.\u00a0\u00bb<\/p>\n<p><em>\u00a0<strong>Sur l\u2019extr\u00eame droite comme seule alternative \u00e0 Macron\u00a0<\/em>\u00a0<\/strong><br \/>\n\u00ab\u00a0La gauche est tr\u00e8s mal en point et c\u2019est un fait.\u00a0\u00bb<br \/>\n\u00ab\u00a0La faiblesse de la gauche aide les id\u00e9es d\u2019extr\u00eame droite \u00e0 s\u2019imposer.\u00a0\u00bb<br \/>\n\u00ab\u00a0Il y a des mouvements sociaux tr\u00e8s importants avec des comit\u00e9s d\u2019accueillir massifs pour perturber les d\u00e9placements de Zemmour &#8211; jusqu\u2019\u00e0 Gen\u00e8ve.\u00a0\u00bb<br \/>\n\u00ab\u00a0Il y a du r\u00e9pondant du c\u00f4t\u00e9 de la population pour ne pas laisser se banaliser les id\u00e9es de Zemmour.\u00a0\u00bb<br \/>\n\u00ab\u00a0Il faut une manifestation de masse, ce dimanche, pour dire non aux id\u00e9es de Zemmour.\u00a0\u00bb<\/p>\n<p><em>\u00a0<strong>Sur la soci\u00e9t\u00e9 pr\u00e9-fasciste<\/em>\u00a0<\/strong><br \/>\n\u00ab\u00a0Il y a de plus en plus d\u2019indices qui laissent entendre que nous sommes entr\u00e9s dans une soci\u00e9t\u00e9 pr\u00e9-fasciste.\u00a0\u00bb<br \/>\n\u00ab\u00a0Il y a une situation qui s\u2019est d\u00e9grad\u00e9e.\u00a0\u00bb<br \/>\n\u00ab\u00a0L\u2019extr\u00eame droite a plusieurs visages de m\u00eame que le capitalisme a plusieurs visages. On l\u2019a vu \u00e0 plusieurs moments de l\u2019histoire. \u00bb<br \/>\n\u00ab\u00a0Il y a de nombreux groupes n\u00e9o-fascistes extr\u00eamement violents \u00e0 l&#8217;\u0153uvre un peu partout en Europe.\u00a0\u00bb<br \/>\n\u00ab Il y a un mal-vivre, un ch\u00f4mage de masse et un probl\u00e8me de pouvoir d\u2019achat. Et dans le m\u00eame temps, il y a des peurs : la crise climatique ou la crise sanitaire. Ces peurs peuvent parfois conduire \u00e0 du repli sur soi.\u00a0Au contraire, ces grandes causes, sanitaires ou climatiques, devraient plus que jamais n\u00e9cessiter des coop\u00e9rations internationales. \u00bb<\/p>\n<p><em>\u00a0<strong>Sur Marine Le Pen<\/em>\u00a0<\/strong><br \/>\n\u00ab\u00a0Zemmour et Le Pen sont les deux faces d\u2019une m\u00eame pi\u00e8ce.\u00a0\u00bb<br \/>\n\u00ab\u00a0Il y a une d\u00e9diabolisation de Le Pen.\u00a0\u00bb<br \/>\n\u00ab\u00a0Zemmour nous fait du Le Pen-p\u00e8re que Marine Le Pen essaie d\u2019appara\u00eetre plus soft.\u00a0\u00bb<br \/>\n\u00ab\u00a0Je ne veux pas faire des calculs politiciens sur une hypoth\u00e9tique division de l\u2019extr\u00eame droite. \u00c7a leur fait d\u2019autant plus de porte-parole dans le d\u00e9bat public et c\u2019est ce qui me pr\u00e9occupe le plus.\u00a0\u00bb<\/p>\n<p><em>\u00a0<strong>Sur la CGT et le combat anti-fasciste\u00a0<\/em>\u00a0<\/strong><br \/>\n\u00ab\u00a0On a un message de solidarit\u00e9 et d\u2019\u00e9galit\u00e9 des droits des travailleurs &#8211; d\u2019o\u00f9 qu\u2019ils viennent &#8211; \u00e0 v\u00e9hiculer.\u00a0\u00bb<br \/>\n\u00ab\u00a0Fractionner le monde du travail est nuisible pour tout le monde. \u00c7a ram\u00e8ne tout le monde vers le bas.\u00a0\u00bb<br \/>\n\u00ab\u00a0En tant que syndicaliste, on est sur des mouvements de travailleurs sans papiers. La France\u00a0est une terre d\u2019accueil et il y a des r\u00e8gles pour que les gens deviennent fran\u00e7ais. Ces travailleurs ont des emplois extr\u00eamement p\u00e9nibles et peu r\u00e9mun\u00e9r\u00e9s &#8211; du BTP, de la restauration, de la livraison, de la logistique ou du m\u00e9nage. Ce sont des travailleurs donc ils cotisent et ils font vivre la s\u00e9curit\u00e9 sociale. Ils sont aussi des consommateurs. La principale recette de l\u2019Etat, c\u2019est quand m\u00eame l\u2019imp\u00f4t sur la consommation. Ces travailleurs sont donc des acteurs \u00e9conomiques. Par leur travail, ils cr\u00e9ent des richesses. \u00bb<br \/>\n\u00ab\u00a0Il ne faut pas prendre les immigr\u00e9s pour des gens qui co\u00fbtent. Pour nous, l\u2019\u00eatre humain ne co\u00fbte pas. Il produit des richesses par son travail.\u00a0\u00bb<\/p>\n<p><em>\u00a0<strong>Sur la faiblesse de la gauche et le r\u00f4le de la CGT<\/em>\u00a0<\/strong><br \/>\n\u00ab\u00a0La CGT peut jouer un r\u00f4le de rassemblement le plus large. On est l\u2019organisation fran\u00e7aise qui a le plus d\u2019adh\u00e9rents : nous sommes 640.000 adh\u00e9rents donc nous comptons. Nous pouvons \u00eatre un p\u00f4le de rassemblement pour le progr\u00e8s, contre l\u2019obscurantisme, la r\u00e9gression sociale et le nationalisme.\u00a0On peut jouer un r\u00f4le important et on ne sera pas seul. \u00bb<br \/>\n\u00ab\u00a0On peut faire un front anti-fasciste.\u00a0\u00bb<\/p>\n<p>&nbsp;<\/p>\n<p><img loading=\"lazy\" decoding=\"async\" class=\" alignleft size-full wp-image-31230\" src=\"https:\/\/wp.muchomaas.com\/wp-content\/uploads\/2021\/12\/ap_regard_gennevilliers_dec1p__490x350_ok-3-1c0.png\" alt=\"ap_regard_gennevilliers_dec1p__490x350_ok-3.png\" align=\"left\" width=\"490\" height=\"350\" srcset=\"https:\/\/archives.regards.fr\/wp-content\/uploads\/2021\/12\/ap_regard_gennevilliers_dec1p__490x350_ok-3-1c0.png 490w, https:\/\/archives.regards.fr\/wp-content\/uploads\/2021\/12\/ap_regard_gennevilliers_dec1p__490x350_ok-3-1c0-300x214.png 300w\" sizes=\"auto, (max-width: 490px) 100vw, 490px\" \/><div id='gallery-1' class='gallery galleryid-13273 gallery-columns-3 gallery-size-thumbnail'><figure class='gallery-item'>\n\t\t\t<div class='gallery-icon landscape'>\n\t\t\t\t<a href='https:\/\/archives.regards.fr\/wp-content\/uploads\/2021\/12\/capture_d_e_cran_2021-12-03_a_11-733.42.43.png'><img loading=\"lazy\" decoding=\"async\" width=\"150\" height=\"150\" src=\"https:\/\/archives.regards.fr\/wp-content\/uploads\/2021\/12\/capture_d_e_cran_2021-12-03_a_11-733.42.43-150x150.png\" class=\"attachment-thumbnail size-thumbnail\" alt=\"capture_d_e_cran_2021-12-03_a_11.42.43.png\" \/><\/a>\n\t\t\t<\/div><\/figure><figure class='gallery-item'>\n\t\t\t<div class='gallery-icon landscape'>\n\t\t\t\t<a href='https:\/\/archives.regards.fr\/wp-content\/uploads\/2021\/12\/ap_regard_gennevilliers_dec1p__490x350_ok-3-c0c.png'><img loading=\"lazy\" decoding=\"async\" width=\"150\" height=\"150\" src=\"https:\/\/archives.regards.fr\/wp-content\/uploads\/2021\/12\/ap_regard_gennevilliers_dec1p__490x350_ok-3-c0c-150x150.png\" class=\"attachment-thumbnail size-thumbnail\" alt=\"ap_regard_gennevilliers_dec1p__490x350_ok-3.png\" \/><\/a>\n\t\t\t<\/div><\/figure>\n\t\t<\/div>\n<\/p>\n","protected":false},"excerpt":{"rendered":"<p>Alors que le pr\u00e9sident du conseil d\u00e9partemental de la Seine-Saint-Denis demande l\u2019interdiction du meeting de Zemmour \u00e0 Villepinte, des organisations appellent \u00e0 manifester \u00e0 Paris. Beno\u00eet Martin, secr\u00e9taire g\u00e9n\u00e9ral de la CGT Paris, est l\u2019invit\u00e9 de #LaMidinale.<\/p>\n","protected":false},"author":1039,"featured_media":31230,"comment_status":"open","ping_status":"open","sticky":false,"template":"","format":"standard","meta":{"_themeisle_gutenberg_block_has_review":false,"footnotes":""},"categories":[238],"tags":[293],"class_list":["post-13273","post","type-post","status-publish","format-standard","has-post-thumbnail","hentry","category-la-midinale","tag-entretien"],"_links":{"self":[{"href":"https:\/\/archives.regards.fr\/index.php?rest_route=\/wp\/v2\/posts\/13273","targetHints":{"allow":["GET"]}}],"collection":[{"href":"https:\/\/archives.regards.fr\/index.php?rest_route=\/wp\/v2\/posts"}],"about":[{"href":"https:\/\/archives.regards.fr\/index.php?rest_route=\/wp\/v2\/types\/post"}],"author":[{"embeddable":true,"href":"https:\/\/archives.regards.fr\/index.php?rest_route=\/wp\/v2\/users\/1039"}],"replies":[{"embeddable":true,"href":"https:\/\/archives.regards.fr\/index.php?rest_route=%2Fwp%2Fv2%2Fcomments&post=13273"}],"version-history":[{"count":0,"href":"https:\/\/archives.regards.fr\/index.php?rest_route=\/wp\/v2\/posts\/13273\/revisions"}],"wp:featuredmedia":[{"embeddable":true,"href":"https:\/\/archives.regards.fr\/index.php?rest_route=\/wp\/v2\/media\/31230"}],"wp:attachment":[{"href":"https:\/\/archives.regards.fr\/index.php?rest_route=%2Fwp%2Fv2%2Fmedia&parent=13273"}],"wp:term":[{"taxonomy":"category","embeddable":true,"href":"https:\/\/archives.regards.fr\/index.php?rest_route=%2Fwp%2Fv2%2Fcategories&post=13273"},{"taxonomy":"post_tag","embeddable":true,"href":"https:\/\/archives.regards.fr\/index.php?rest_route=%2Fwp%2Fv2%2Ftags&post=13273"}],"curies":[{"name":"wp","href":"https:\/\/api.w.org\/{rel}","templated":true}]}}