{"id":13272,"date":"2021-12-02T17:53:20","date_gmt":"2021-12-02T16:53:20","guid":{"rendered":"https:\/\/wp.muchomaas.com\/article-catherine-wihtol-de-wenden-pour-faire-cause-commune-on-s-invente-un-ennemi-le\/"},"modified":"2023-06-24T00:22:01","modified_gmt":"2023-06-23T22:22:01","slug":"article-catherine-wihtol-de-wenden-pour-faire-cause-commune-on-s-invente-un-ennemi-le","status":"publish","type":"post","link":"https:\/\/archives.regards.fr\/?p=13272","title":{"rendered":"Catherine Wihtol de Wenden : \u00ab Pour faire cause commune, on s\u2019invente un ennemi : le migrant \u00bb"},"content":{"rendered":"<p class=\"post_excerpt\">De quoi le drame de Calais avec ses 31 victimes est-il le nom ? Catherine Wihtol de Wenden est directrice de recherche \u00e9m\u00e9rite au CNRS, sp\u00e9cialiste des questions migratoires, est l\u2019invit\u00e9e de #LaMidinale.<\/p>\n<h2>UNE MIDINALE \u00c0 VOIR&#8230;<\/h2>\n<p><iframe loading=\"lazy\" width=\"490\" height=\"276\" src=\"https:\/\/www.youtube.com\/embed\/0XeSAf-Bh3c\" title=\"YouTube video player\" frameborder=\"0\" allow=\"accelerometer; autoplay; clipboard-write; encrypted-media; gyroscope; picture-in-picture\" allowfullscreen><\/iframe><\/p>\n<p>&nbsp;<\/p>\n<p><h2>ET \u00c0 LIRE&#8230;<\/h2>\n<p><em> <strong>Sur les fronti\u00e8res qui tuent<\/strong> <\/em><br \/>\n\u00ab On a \u00e0 peu pr\u00e8s 50.000 morts en M\u00e9diterran\u00e9e depuis la fin des ann\u00e9es 90. \u00bb<br \/>\n\u00ab On est dans une sur-militarisation des fronti\u00e8res. \u00bb<br \/>\n\u00ab Une grande partie de la migration afghane est all\u00e9e se r\u00e9fugier au Pakistan et en Iran. Donc, ils ont souvent travaill\u00e9 au Pakistan, parlent une langue commune, sont anglophones et connaissent les r\u00e9seaux de travail pakistanais. Pour eux, le Royaume-Uni est un endroit relativement connu o\u00f9 l&#8217;on peut travailler comme demandeur d&#8217;asile \u2013 ce qui est tr\u00e8s difficile en France. \u00bb<\/p>\n<p><em> <strong>Sur les conditions d&#8217;accueil en France<\/strong> <\/em><br \/>\n\u00ab Quand on a \u00e9radiqu\u00e9 la jungle de Calais, on a propos\u00e9 \u00e0 certains de demander l&#8217;asile en France. Souvent, on ne leur pose m\u00eame pas la question. On dit &#8220;Dublin ! Vous n&#8217;\u00eates pas arriv\u00e9s en Europe par la France !&#8221; \u00bb<br \/>\n\u00ab Ils ne veulent pas retourner en Italie, en Gr\u00e8ce ou \u00e0 Chypre o\u00f9 il y a une grande pauvret\u00e9, aucune perspective d&#8217;emploi ni de trouver un statut de r\u00e9fugi\u00e9. \u00bb<br \/>\n\u00ab La France est le plus vieux pays d&#8217;immigration en Europe. \u00c7a a commenc\u00e9 \u00e0 la deuxi\u00e8me partie du 19\u00e8me si\u00e8cle puisqu&#8217;on avait besoin de mains d&#8217;\u0153uvre dans un contexte de d\u00e9clin d\u00e9mographique. Les \u00e9trangers ont toujours \u00e9t\u00e9 tr\u00e8s mal accept\u00e9s. Prenez les Espagnols, qui ont travers\u00e9 les Pyr\u00e9n\u00e9es \u00e0 pied, dans la neige, qui ont d\u00fb camper du c\u00f4t\u00e9 de Rivesaltes. Et c&#8217;\u00e9tait le Front populaire ! Il ne faut pas oublier non plus les r\u00e9fugi\u00e9s politiques allemands, italiens, etc. \u00bb<br \/>\n\u00ab Les Vietnamiens et les Chiliens ont \u00e9t\u00e9 des \u00e9pisodes de gr\u00e2ce. Il y avait un contexte favorable. \u00bb<br \/>\n\u00ab Relisons Zola et Germinal ! Il faut voir comment les Belges \u00e9taient consid\u00e9r\u00e9s par les travailleurs syndiqu\u00e9s. \u00bb<br \/>\n\u00ab Aujourd&#8217;hui, il y a une sorte d&#8217;acc\u00e9l\u00e9ration de ce rejet, \u00e0 la faveur du d\u00e9veloppement des id\u00e9es d&#8217;extr\u00eame droite qui se sont \u00e9tendues dans toute l&#8217;Europe. \u00bb<\/p>\n<p><em> <strong>Sur le mythe de la France terre d&#8217;asile<\/strong> <\/em><br \/>\n\u00ab On pourrait faire du cas par cas, mais dans l&#8217;ensemble, la France ne s&#8217;accepte pas comme terre d&#8217;immigration. Il y a un malentendu. \u00bb<br \/>\n\u00ab La plupart des Fran\u00e7ais ne consid\u00e8rent pas qu&#8217;ils sont dans un pays d&#8217;immigration. \u00bb<\/p>\n<p><em> <strong>Sur la r\u00e9ponse s\u00e9curitaire<\/strong> <\/em><br \/>\n\u00ab Frontex a eu de multiples condamnations pour ne pas \u00eatre all\u00e9 au secours, en mer, d&#8217;un certain nombre de gens qui sont morts. \u00bb<br \/>\n\u00ab On a l&#8217;impression que Frontex est l&#8217;ange-gardien de l&#8217;Europe, ce qui est loin d&#8217;\u00eatre le cas. \u00bb<br \/>\n\u00ab La r\u00e9ponse politique est de dire : &#8220;C&#8217;est la faute des passeurs&#8221;. Les passeurs, c&#8217;est le r\u00e9sultat de fronti\u00e8res impossibles \u00e0 traverser. \u00bb<br \/>\n\u00ab Nous, avec nos passeports europ\u00e9ens, on peut aller dans 185 pays sans visa. Alors que les \u00c9rythr\u00e9ens, le Soudanais, etc., ne peuvent aller que chez les pays voisins qui sont pauvres, en conflit, comme le leur. Il leur faut des visas pour venir en Europe o\u00f9 ils sont consid\u00e9r\u00e9s comme un &#8220;risque migratoire&#8221;. \u00bb<br \/>\n\u00ab Il faut donner plus de voies l\u00e9gales \u00e0 plus de gens et il y aura moins de passeurs. Il faut donner un horizon au deux tiers de la population mondiale qui ne peut pas circuler librement. \u00bb<\/p>\n<p><em> <strong>Sur la politique migratoire europ\u00e9enne<\/strong> <\/em><br \/>\n\u00ab Alors que c&#8217;est l&#8217;UE qui s&#8217;occupent des fronti\u00e8res ext\u00e9rieures, les \u00c9tats essaient de faire croire \u00e0 leurs populations qu&#8217;ils sont souverains. Il y a une mise en sc\u00e8ne de la fronti\u00e8re. \u00bb<\/p>\n<p><em> <strong>Sur la parole du gouvernement sur la question migratoire<\/strong> <\/em><br \/>\n\u00ab Il y a plusieurs sons de cloche au gouvernement : il y a ceux qui disent qu\u2019il faut ren\u00e9gocier avec l\u2019Angleterre et il y a ceux qui disent qu\u2019il faut tout miser sur Frontex. Il y a une cacophonie interne au gouvernement. \u00bb<br \/>\n\u00ab La philosophie de la mairie de Calais, c\u2019est \u201cplus on les accueille mal, moins ils viendront\u201d. Mais cela ne marche pas parce que Calais est en face de Douvres et Calais sera toujours en face de Douvres quoique l\u2019on fasse. \u00bb<br \/>\n\u00ab L\u2019id\u00e9e que l\u2019on peut \u00eatre tr\u00e8s peu attractif en leur supprimant l\u2019eau, la possibilit\u00e9 de se nourrir et de vivre sur place ne marchera jamais. Le campement de Calais s\u2019est reconstitu\u00e9 de multiples fois \u00e0 cause de son emplacement strat\u00e9gique en face de Douvres. \u00bb<br \/>\n\u00ab La strat\u00e9gie de dissuasion ne marche pas puisque les passeurs continuent \u00e0 \u0153uvrer et les gens continuent \u00e0 camper dans les conditions de plus en plus pr\u00e9caires qui leur sont offertes. \u00bb<\/p>\n<p><em> <strong>Sur la criminalisation de la solidarit\u00e9<\/strong> <\/em><br \/>\n\u00ab J\u2019ai \u00e9t\u00e9 six ans \u00e0 la Commission nationale de d\u00e9ontologie de la s\u00e9curit\u00e9 (l\u2019anc\u00eatre du D\u00e9fenseur des Droits) et le gros de nos affaires, c\u2019\u00e9tait les bavures polici\u00e8res. Il y en avait des quantit\u00e9s \u00e0 Calais : des profs de lyc\u00e9e qui se retrouvent en garde-\u00e0-vue parce qu\u2019ils leur ont servi des soupes, on retirait aux gens leurs couvertures la nuit en plein mois de d\u00e9cembre, il y avait des mineurs. Ce qu\u2019on a fait \u00e0 Calais est innommable depuis des ann\u00e9es. \u00bb<br \/>\n\u00ab Cela fait longtemps que les associations d\u2019aide aux migrants sont inqui\u00e9t\u00e9es : No Border, Utopia56, Tous Migrants, C\u00e9dric Herrou, ceux de la fronti\u00e8re \u00e0 Brian\u00e7on. Ce sont des Justes ces gens-l\u00e0. \u00bb<br \/>\n\u00ab Certaines personnes ont \u00e9t\u00e9 condamn\u00e9es \u00e0 des mois de prison ferme pour avoir accueilli des gens qui, \u00e0 pied, avaient travers\u00e9 les Alpes depuis l\u2019Italie pour arriver en France. \u00bb<\/p>\n<p><em> <strong>Sur le politique et la question migratoire<\/strong> <\/em><br \/>\n\u00ab On cherche toujours un bouc-\u00e9missaire, un autre. \u00bb<br \/>\n\u00ab Dans un contexte de dilution du sentiment d\u2019appartenance commune \u00e0 cause du monde incertain dans lequel on vit avec la mondialisation et le changement climatique, pour essayer de faire cause commune, on s\u2019invente un ennemi : le migrant. Parce qu\u2019il est le plus faible et qu\u2019il ne vote pas. \u00bb<br \/>\n\u00ab En France, on a trente ans de d\u00e9bats pour finir par syst\u00e9matiquement refuser aux \u00e9trangers le droit de vote aux \u00e9lections locales. \u00bb<br \/>\n\u00ab La gauche est pr\u00e9sente sur la question migratoire dans le contexte associatif. Je suis impressionn\u00e9e par des gens qui se battent au quotidien aupr\u00e8s des migrants. \u00bb<\/p>\n<p>&nbsp;<\/p>\n<p>\n<img loading=\"lazy\" decoding=\"async\" class=\" alignleft size-full wp-image-31226\" src=\"https:\/\/wp.muchomaas.com\/wp-content\/uploads\/2021\/12\/201006_fsb_bmv_2-2-417.png\" alt=\"201006_fsb_bmv_2-2.png\" align=\"left\" width=\"490\" height=\"719\" srcset=\"https:\/\/archives.regards.fr\/wp-content\/uploads\/2021\/12\/201006_fsb_bmv_2-2-417.png 490w, https:\/\/archives.regards.fr\/wp-content\/uploads\/2021\/12\/201006_fsb_bmv_2-2-417-204x300.png 204w\" sizes=\"auto, (max-width: 490px) 100vw, 490px\" \/><div id='gallery-1' class='gallery galleryid-13272 gallery-columns-3 gallery-size-thumbnail'><figure class='gallery-item'>\n\t\t\t<div class='gallery-icon landscape'>\n\t\t\t\t<a href='https:\/\/archives.regards.fr\/wp-content\/uploads\/2021\/12\/screenshot_2021-12-02_17-e3a.50.07.png'><img loading=\"lazy\" decoding=\"async\" width=\"150\" height=\"150\" src=\"https:\/\/archives.regards.fr\/wp-content\/uploads\/2021\/12\/screenshot_2021-12-02_17-e3a.50.07-150x150.png\" class=\"attachment-thumbnail size-thumbnail\" alt=\"screenshot_2021-12-02_17.50.07.png\" \/><\/a>\n\t\t\t<\/div><\/figure><figure class='gallery-item'>\n\t\t\t<div class='gallery-icon portrait'>\n\t\t\t\t<a href='https:\/\/archives.regards.fr\/wp-content\/uploads\/2021\/12\/201006_fsb_bmv_2-2-60f.png'><img loading=\"lazy\" decoding=\"async\" width=\"150\" height=\"150\" src=\"https:\/\/archives.regards.fr\/wp-content\/uploads\/2021\/12\/201006_fsb_bmv_2-2-60f-150x150.png\" class=\"attachment-thumbnail size-thumbnail\" alt=\"201006_fsb_bmv_2-2.png\" \/><\/a>\n\t\t\t<\/div><\/figure>\n\t\t<\/div>\n<\/p>\n","protected":false},"excerpt":{"rendered":"<p>De quoi le drame de Calais avec ses 31 victimes est-il le nom ? Catherine Wihtol de Wenden est directrice de recherche \u00e9m\u00e9rite au CNRS, sp\u00e9cialiste des questions migratoires, est l\u2019invit\u00e9e de #LaMidinale.<\/p>\n","protected":false},"author":1204,"featured_media":31226,"comment_status":"open","ping_status":"open","sticky":false,"template":"","format":"standard","meta":{"_themeisle_gutenberg_block_has_review":false,"footnotes":""},"categories":[238],"tags":[293],"class_list":["post-13272","post","type-post","status-publish","format-standard","has-post-thumbnail","hentry","category-la-midinale","tag-entretien"],"_links":{"self":[{"href":"https:\/\/archives.regards.fr\/index.php?rest_route=\/wp\/v2\/posts\/13272","targetHints":{"allow":["GET"]}}],"collection":[{"href":"https:\/\/archives.regards.fr\/index.php?rest_route=\/wp\/v2\/posts"}],"about":[{"href":"https:\/\/archives.regards.fr\/index.php?rest_route=\/wp\/v2\/types\/post"}],"author":[{"embeddable":true,"href":"https:\/\/archives.regards.fr\/index.php?rest_route=\/wp\/v2\/users\/1204"}],"replies":[{"embeddable":true,"href":"https:\/\/archives.regards.fr\/index.php?rest_route=%2Fwp%2Fv2%2Fcomments&post=13272"}],"version-history":[{"count":0,"href":"https:\/\/archives.regards.fr\/index.php?rest_route=\/wp\/v2\/posts\/13272\/revisions"}],"wp:featuredmedia":[{"embeddable":true,"href":"https:\/\/archives.regards.fr\/index.php?rest_route=\/wp\/v2\/media\/31226"}],"wp:attachment":[{"href":"https:\/\/archives.regards.fr\/index.php?rest_route=%2Fwp%2Fv2%2Fmedia&parent=13272"}],"wp:term":[{"taxonomy":"category","embeddable":true,"href":"https:\/\/archives.regards.fr\/index.php?rest_route=%2Fwp%2Fv2%2Fcategories&post=13272"},{"taxonomy":"post_tag","embeddable":true,"href":"https:\/\/archives.regards.fr\/index.php?rest_route=%2Fwp%2Fv2%2Ftags&post=13272"}],"curies":[{"name":"wp","href":"https:\/\/api.w.org\/{rel}","templated":true}]}}