{"id":13268,"date":"2021-12-01T16:14:24","date_gmt":"2021-12-01T15:14:24","guid":{"rendered":"https:\/\/wp.muchomaas.com\/article-primaire-populaire-la-bataille-pour-le-rassemblement-de-la-gauche-et-des\/"},"modified":"2023-06-24T00:21:55","modified_gmt":"2023-06-23T22:21:55","slug":"article-primaire-populaire-la-bataille-pour-le-rassemblement-de-la-gauche-et-des","status":"publish","type":"post","link":"https:\/\/archives.regards.fr\/?p=13268","title":{"rendered":"Primaire populaire : \u00ab La bataille pour le rassemblement de la gauche et des \u00e9cologistes est loin d&#8217;\u00eatre perdue \u00bb"},"content":{"rendered":"<p class=\"post_excerpt\">La Primaire populaire a d\u00e9pass\u00e9 les 200.000 inscriptions en perspective d&#8217;un vote fix\u00e9 du 27 au 30 janvier prochain. Ce 30 novembre, les derniers candidats en lice ont \u00e9t\u00e9 arr\u00eat\u00e9s : Yannick Jadot, Jean-Luc M\u00e9lenchon et Anne Hidalgo. Quelle suite pour cette initiative \u00e0 l&#8217;approche de la pr\u00e9sidentielle ? Mathilde Imer, porte-parole de la Primaire populaire, est l&#8217;invit\u00e9e de #LaMidinale.<\/p>\n<h2>UNE MIDINALE \u00c0 VOIR&#8230;<\/h2>\n<p><iframe loading=\"lazy\" width=\"490\" height=\"276\" src=\"https:\/\/www.youtube.com\/embed\/87Yjh5-4jBQ\" title=\"YouTube video player\" frameborder=\"0\" allow=\"accelerometer; autoplay; clipboard-write; encrypted-media; gyroscope; picture-in-picture\" allowfullscreen><\/iframe><\/p>\n<p>&nbsp;<\/p>\n<p><h2>ET \u00c0 LIRE&#8230;<\/h2>\n<p><em> <strong>Sur les 200.000 inscrits \u00e0 la Primaire populaire<\/strong> <\/em><br \/>\n\u00ab Il y a une vraie attente. En moins d&#8217;une semaine, plus de 30.000 personnes se sont inscrites. On est au d\u00e9but de la dynamique. \u00bb<br \/>\n\u00ab On ne le r\u00e9p\u00e9tera jamais assez : 70% des \u00e9lecteurs de la gauche et des \u00e9cologistes veulent un rassemblement. \u00bb<br \/>\n\u00ab On attend toujours plusieurs centaines de milliers voire millions de personnes lors du vote final de la Primaire populaire. \u00bb<\/p>\n<p><em> <strong>Sur les candidats encore en lice<\/strong> <\/em><br \/>\n\u00ab Hier, c&#8217;\u00e9tait la date fix\u00e9e pour que les candidats pl\u00e9biscit\u00e9s par la Primaire populaire nous r\u00e9pondent si oui ou non ils souhaitaient participer. Beaucoup nous ont demand\u00e9 un d\u00e9lai suppl\u00e9mentaire. Les trois gros candidats, Yannick Jadot, Jean-Luc M\u00e9lenchon et Anne Hidalgo, font la sourde oreille. Christiane Taubira, ni oui ni non. Fran\u00e7ois Ruffin, Ga\u00ebl Giraud et Cl\u00e9mentine Autain ont r\u00e9pondu qu&#8217;ils n&#8217;\u00e9taient pas candidats \u00e0 la pr\u00e9sidentielle. Charlotte Marchandise, Pierre Larrouturou et Anna Agueb-Porterie ont r\u00e9pondu oui avec la volont\u00e9 d&#8217;avoir davantage de temps. \u00bb<br \/>\n\u00ab On ne souhaite pas attendre ceux qui prennent la responsabilit\u00e9 de faire perdre l&#8217;\u00e9cologie et la justice sociale en 2022. \u00bb<br \/>\n\u00ab On propose un vote sur la base des candidats pl\u00e9biscit\u00e9s dans le cadre de la Primaire populaire qui seront candidats au 15 janvier. \u00bb<br \/>\n\u00ab On le fera avec ou sans leur accord. On ne veut pas \u00eatre soumis \u00e0 des agendas dict\u00e9s par des partis politiques. On ne va pas se laisser balader. \u00bb<\/p>\n<p><em> <strong>Sur la participation \u00e0 la Primaire populaire de candidats sans leur consentement<\/strong> <\/em><br \/>\n\u00ab On s&#8217;est inspir\u00e9 de l&#8217;initiative am\u00e9ricaine &#8220;Sunrise mouvement&#8221; o\u00f9 l&#8217;objectif est de choisir le candidat le plus \u00e0 m\u00eame de rassembler, de tenir une ligne politique qui est celle du socle commun, et de cr\u00e9er un effet sur les sondages pour pouvoir ensuite faire d\u00e9brancher ceux et celles qui seraient bas dans les sondages pour cr\u00e9er avec eux le rassemblement autour de la personne qui gagnera. \u00bb<\/p>\n<p><em> <strong>Sur la r\u00e9int\u00e9gration de Roussel, Poutou, Kazib ou Arthaud \u00e0 la Primaire populaire<\/strong> <\/em><br \/>\n\u00ab Il y a eu un vote qui a s\u00e9lectionn\u00e9 dix personnalit\u00e9s. Le but est de rassembler, rajouter des candidatures serait une erreur. \u00bb<\/p>\n<p><em> <strong>Sur ce qu&#8217;il peut se passer concr\u00e8tement d&#8217;ici fin janvier<\/strong> <\/em><br \/>\n\u00ab La campagne est loin d&#8217;\u00eatre termin\u00e9e et la bataille pour le rassemblement est loin d&#8217;\u00eatre perdue. \u00bb<br \/>\n\u00ab Les candidats lanc\u00e9s \u00e0 la pr\u00e9sidentielle ont int\u00e9r\u00eat au rassemblement. Ils ont des strat\u00e9gies diff\u00e9rentes qui devaient les amener \u00e0 \u00eatre au dessus de 10%. Ce n&#8217;est pas le cas. \u00bb<br \/>\n\u00ab Si ce faux-plat continue \u00e0 durer, ils sont tous morts. \u00bb<\/p>\n<p><em> <strong>Sur le vote \u00e0 jugement majoritaire<\/strong> <\/em><br \/>\n\u00ab Un vote contre, pour le moins pire, c&#8217;est mortif\u00e8re pour notre d\u00e9mocratie. \u00bb<br \/>\n\u00ab On veut \u00e9viter la dynamique de vote utile. \u00bb<br \/>\n\u00ab On fera campagne pour le candidat qui gagne pour qu&#8217;il cr\u00e9e le rassemblement avec les autres. Le but n&#8217;est pas d&#8217;humilier les autres. \u00bb<\/p>\n<p><em> <strong>Sur Christiane Taubira<\/strong> <\/em><br \/>\n\u00ab Je ne suis pas s\u00fbre que Christiane Taubira cristallise plus que les autres nos envies en tant qu&#8217;organisateurs de la Primaire populaire. On voit bien que dans l&#8217;\u00e9lectorat, elle semble repr\u00e9senter quelque chose : l&#8217;espoir du rassemblement. \u00bb<br \/>\n\u00ab Elle parle \u00e0 tous les \u00e9lectorats. \u00bb<br \/>\n\u00ab On sent bien que les choses sont mal embarqu\u00e9es pour la pr\u00e9sidentielle, mais il y a ce trou de souris qui existe. Est-ce que Christiane Taubira jouera un r\u00f4le l\u00e0-dedans, c&#8217;est \u00e0 elle d&#8217;y r\u00e9pondre. \u00bb<\/p>\n<p><em> <strong>Sur ce que propose la Primaire populaire aux 200.000 inscrits<\/strong> <\/em><br \/>\n\u00ab Au-del\u00e0 de ces signataires, on a plus de 5000 b\u00e9n\u00e9voles sur l&#8217;ensemble du territoire. Ce sont eux le c\u0153ur battant de la Primaire populaire. \u00bb<br \/>\n\u00ab C&#8217;est une premi\u00e8re proposition : venir participer sur le terrain \u00e0 faire vivre la Primaire populaire. \u00bb<br \/>\n\u00ab La prochaine \u00e9tape, c&#8217;est le 11 d\u00e9cembre, o\u00f9 on se rassemblera pour proposer un front populaire \u00e9cologique face \u00e0 la droite et \u00e0 l&#8217;extr\u00eame droite. \u00bb<br \/>\n\u00ab Une fois qu&#8217;on aura d\u00e9sign\u00e9 un candidat, on fera campagne pour le rassemblement. \u00bb<br \/>\n\u00ab Le mouvement qu&#8217;on est en train de cr\u00e9er se veut sur du moyen et long terme. Comment est-ce que, apr\u00e8s avoir gagn\u00e9 la pr\u00e9sidentielle, on recompose pour les l\u00e9gislatives un camp o\u00f9 il y a plein d&#8217;id\u00e9es ? \u00bb<div id='gallery-1' class='gallery galleryid-13268 gallery-columns-3 gallery-size-thumbnail'><figure class='gallery-item'>\n\t\t\t<div class='gallery-icon landscape'>\n\t\t\t\t<a href='https:\/\/archives.regards.fr\/wp-content\/uploads\/2021\/12\/screenshot_2021-12-01_16-177.10.41.png'><img loading=\"lazy\" decoding=\"async\" width=\"150\" height=\"150\" src=\"https:\/\/archives.regards.fr\/wp-content\/uploads\/2021\/12\/screenshot_2021-12-01_16-177.10.41-150x150.png\" class=\"attachment-thumbnail size-thumbnail\" alt=\"screenshot_2021-12-01_16.10.41.png\" \/><\/a>\n\t\t\t<\/div><\/figure>\n\t\t<\/div>\n<\/p>\n","protected":false},"excerpt":{"rendered":"<p>La Primaire populaire a d\u00e9pass\u00e9 les 200.000 inscriptions en perspective d&#8217;un vote fix\u00e9 du 27 au 30 janvier prochain. Ce 30 novembre, les derniers candidats en lice ont \u00e9t\u00e9 arr\u00eat\u00e9s : Yannick Jadot, Jean-Luc M\u00e9lenchon et Anne Hidalgo. Quelle suite pour cette initiative \u00e0 l&#8217;approche de la pr\u00e9sidentielle ? Mathilde Imer, porte-parole de la Primaire populaire, est l&#8217;invit\u00e9e de #LaMidinale.<\/p>\n","protected":false},"author":1204,"featured_media":31216,"comment_status":"open","ping_status":"open","sticky":false,"template":"","format":"standard","meta":{"_themeisle_gutenberg_block_has_review":false,"footnotes":""},"categories":[238],"tags":[293],"class_list":["post-13268","post","type-post","status-publish","format-standard","has-post-thumbnail","hentry","category-la-midinale","tag-entretien"],"_links":{"self":[{"href":"https:\/\/archives.regards.fr\/index.php?rest_route=\/wp\/v2\/posts\/13268","targetHints":{"allow":["GET"]}}],"collection":[{"href":"https:\/\/archives.regards.fr\/index.php?rest_route=\/wp\/v2\/posts"}],"about":[{"href":"https:\/\/archives.regards.fr\/index.php?rest_route=\/wp\/v2\/types\/post"}],"author":[{"embeddable":true,"href":"https:\/\/archives.regards.fr\/index.php?rest_route=\/wp\/v2\/users\/1204"}],"replies":[{"embeddable":true,"href":"https:\/\/archives.regards.fr\/index.php?rest_route=%2Fwp%2Fv2%2Fcomments&post=13268"}],"version-history":[{"count":0,"href":"https:\/\/archives.regards.fr\/index.php?rest_route=\/wp\/v2\/posts\/13268\/revisions"}],"wp:featuredmedia":[{"embeddable":true,"href":"https:\/\/archives.regards.fr\/index.php?rest_route=\/wp\/v2\/media\/31216"}],"wp:attachment":[{"href":"https:\/\/archives.regards.fr\/index.php?rest_route=%2Fwp%2Fv2%2Fmedia&parent=13268"}],"wp:term":[{"taxonomy":"category","embeddable":true,"href":"https:\/\/archives.regards.fr\/index.php?rest_route=%2Fwp%2Fv2%2Fcategories&post=13268"},{"taxonomy":"post_tag","embeddable":true,"href":"https:\/\/archives.regards.fr\/index.php?rest_route=%2Fwp%2Fv2%2Ftags&post=13268"}],"curies":[{"name":"wp","href":"https:\/\/api.w.org\/{rel}","templated":true}]}}