{"id":13265,"date":"2021-11-30T13:42:47","date_gmt":"2021-11-30T12:42:47","guid":{"rendered":"https:\/\/wp.muchomaas.com\/article-adrien-tiberti-la-candidature-de-fabien-roussel-fait-bouger-les-lignes-a-gauche\/"},"modified":"2023-06-24T00:21:53","modified_gmt":"2023-06-23T22:21:53","slug":"article-adrien-tiberti-la-candidature-de-fabien-roussel-fait-bouger-les-lignes-a-gauche","status":"publish","type":"post","link":"https:\/\/archives.regards.fr\/?p=13265","title":{"rendered":"Adrien Tiberti : \u00ab La candidature de Fabien Roussel fait bouger les lignes \u00e0 gauche \u00bb"},"content":{"rendered":"<p class=\"post_excerpt\">L\u2019actuel secr\u00e9taire d\u00e9partemental du PCF-Paris, Igor Zamichei, passe la main \u00e0 Adrien Tiberti, \u00e9lu communiste du 11\u00e8me arrondissement de Paris. Signe de changements \u00e0 venir \u00e0 la direction du PCF dans la perspective de l\u2019\u00e9lection pr\u00e9sidentielle ? Adrien Tiberti est l\u2019invit\u00e9 de #LaMidinale.<\/p>\n<h2>UNE MIDINALE \u00c0 VOIR&#8230;<\/h2>\n<p><iframe loading=\"lazy\" width=\"490\" height=\"279\" src=\"https:\/\/www.youtube.com\/embed\/9G5AfkUuuGg\" title=\"YouTube video player\" frameborder=\"0\" allow=\"accelerometer; autoplay; clipboard-write; encrypted-media; gyroscope; picture-in-picture\" allowfullscreen><\/iframe><\/p>\n<p>&nbsp;<\/p>\n<p><h2>ET \u00c0 LIRE&#8230;<\/h2>\n<p><em>\u00a0<strong>Sur le #Metoo politique\u00a0<\/em>\u00a0<\/strong><br \/>\n\u00ab\u00a0Je ne sais pas si on peut parler de tournant puisque \u00e7a fait maintenant quelques ann\u00e9es que des affaires comme celle-l\u00e0 [Hulot] se succ\u00e8dent.\u00a0\u00bb<br \/>\n\u00ab\u00a0Toutes ces affaires mises bout \u00e0 bout r\u00e9v\u00e8lent l\u2019ampleur des violences faites aux femmes dans notre soci\u00e9t\u00e9 et de l\u2019absence de r\u00e9ponse des pouvoirs publics.\u00a0\u00bb<br \/>\n\u00ab\u00a0Il faut d\u00e9velopper les services publics et mettre un milliard d\u2019euros pour permettre d\u2019augmenter le nombre de policiers et de magistrats form\u00e9s. Mais aussi pour ouvrir des centres d\u2019h\u00e9bergement pour accueillir les femmes.\u00a0\u00bb<br \/>\n\u00ab\u00a0L\u2019affaire Hulot est une \u00e9tape de plus.\u00a0\u00bb<br \/>\n\u00ab\u00a0Il ne faut pas perdre de vue que tous les milieux sociaux sont concern\u00e9s.\u00a0\u00bb<br \/>\n\u00ab\u00a0L\u00e0 o\u00f9 il \u00e0 des enjeux de pouvoir, le patriarcat se redouble.\u00a0\u00bb<br \/>\n\u00ab\u00a0Le #MeToo entreprise n\u2019est pas encore sorti.\u00a0\u00bb<br \/>\n\u00ab\u00a0Le nombre de plaintes a explos\u00e9 dans les mois qui ont suivi le premier #MeToo et les moyens de la justice n\u2019ont pas \u00e9t\u00e9 augment\u00e9s pour que les victimes obtiennent des r\u00e9ponses judiciaires.\u00a0\u00bb<br \/>\n\u00ab\u00a0Il y a un d\u00e9calage entre ce qu\u2019il se passe dans la soci\u00e9t\u00e9 et la r\u00e9ponse du gouvernement.\u00a0\u00bb<\/p>\n<p><em>\u00a0<strong>Sur l\u2019affaire Maxime Cochard<\/em>\u00a0<\/strong><br \/>\n\u00ab\u00a0Maxime Cochard est toujours conseiller de Paris mais \u00e7a n\u2019est pas de notre fait. Il n\u2019est plus membre du groupe communiste au Conseil de Paris.\u00a0\u00bb<br \/>\n\u00ab\u00a0La position du PCF est de dire qu\u2019on croit les victimes.\u00a0\u00bb<br \/>\n\u00ab\u00a0Dans l\u2019attente d\u2019une d\u00e9cision de justice, ses droits ont \u00e9t\u00e9 suspendus.\u00a0\u00bb<br \/>\n\u00ab\u00a0Je suis choqu\u00e9 que Rapha\u00eblle R\u00e9my-Leleu ou Alice Coffin ne consid\u00e8rent pas le Parti communiste fran\u00e7ais comme un alli\u00e9 dans la lutte f\u00e9ministe.\u00a0\u00bb<br \/>\n\u00ab\u00a0J\u2019ai l\u2019impression qu\u2019il y a une volont\u00e9 de politiser salement cette affaire [Cochard].\u00a0\u00bb<br \/>\n\u00ab\u00a0Maxime Cochard a \u00e9t\u00e9 suspendu de ses droits d\u2019adh\u00e9rents au PCF.\u00a0\u00bb<br \/>\n\u00ab\u00a0\u00c0 gauche, on est cens\u00e9 tous porter la m\u00eame chose.\u00a0\u00bb<br \/>\n\u00ab\u00a0Crier sur les autres sans vouloir regarder chez soi c\u2019est : 1- politiser ce qui ne devrait pas l\u2019\u00eatre et surtout 2- ne pas vouloir mener le combat qui est un combat commun.\u00a0\u00bb<br \/>\n\u00ab\u00a0\u00c7a fait des ann\u00e9es que les associations f\u00e9ministes alertent sur la difficult\u00e9 du recueil de la parole et d\u2019aller au bout du processus du d\u00e9p\u00f4t de plainte. \u00bb<br \/>\n\u00ab\u00a0Le parti communiste fran\u00e7ais n\u2019est pas propri\u00e9taire des mandats et encore moins de ceux qui ont \u00e9t\u00e9 suspendus.\u00a0\u00bb<\/p>\n<p><em>\u00a0<strong>Sur la F\u00e9d\u00e9ration PCF de Paris<\/em>\u00a0<\/strong><br \/>\n\u00ab\u00a0Mon pr\u00e9d\u00e9cesseur a d\u00e9cid\u00e9 de passer la main parce qu\u2019il est tr\u00e8s pris dans le cadre de la campagne pr\u00e9sidentielle.\u00a0\u00bb<br \/>\n\u00ab\u00a0S\u2019il est \u00e9lu [Fabien Roussel] la question du changement de secr\u00e9taire national du PCF se posera en avril.\u00a0\u00bb<br \/>\n\u00ab\u00a0Le scrutin municipal est un scrutin diff\u00e9rent de la pr\u00e9sidentielle [cf. Rapport \u00e0 la strat\u00e9gie d\u2019autonomie du PCF].\u00a0Un scrutin de liste n\u2019est pas la m\u00eame chose qu\u2019un scrutin \u00e0 la proportionnelle. \u00bb<br \/>\n\u00ab\u00a0Le congr\u00e8s national du PCF aura lieu dans un an et mon mandat qui commence est un mandat d\u2019un an qui sera principalement domin\u00e9 par l\u2019\u00e9lection pr\u00e9sidentielle et des l\u00e9gislatives.\u00a0\u00bb<\/p>\n<p><em>\u00a0<strong>Sur la gauche et la pr\u00e9sidentielle\u00a0<\/em>\u00a0<\/strong><br \/>\n\u00ab\u00a0Il est tr\u00e8s important pour nous d\u2019avoir un candidat \u00e0 l\u2019\u00e9lection pr\u00e9sidentielle et je ne dis pas \u00e7a juste pour le Parti communiste fran\u00e7ais.\u00a0\u00bb<br \/>\n\u00ab\u00a0On a un besoin d\u2019un candidat communiste \u00e0 l\u2019\u00e9lection pr\u00e9sidentielle qui porte des contenus transformateurs dans le d\u00e9bat public.\u00a0\u00bb<br \/>\n\u00ab\u00a0La gauche s\u2019est affaiblie du fait des contenus qui ont \u00e9t\u00e9 abandonn\u00e9s. Il y a un travail de politisation \u00e0 mener.\u00a0\u00bb<br \/>\n\u00ab\u00a0La gauche est affaiblie parce que la derni\u00e8re fois qu\u2019elle a \u00e9t\u00e9 au pouvoir les \u00e9cologistes et les socialistes ont trahi la gauche.\u00a0Elle a d\u00e9velopp\u00e9 une politique qui \u00e9tait \u00e0 des kilom\u00e8tres des aspirations populaires.\u00a0\u00bb<br \/>\n\u00ab\u00a0Sur le fond, la gauche s\u2019est \u00e9loign\u00e9e des contenus transformateurs qui lui ont assur\u00e9 un massif soutien populaire dans les p\u00e9riodes pr\u00e9c\u00e9dentes.\u00a0\u00bb<br \/>\n\u00ab\u00a0Nous nous sommes rang\u00e9s pendant longtemps derri\u00e8re des candidatures de rassemblement. La question des contenus est la question prioritaire \u00e0 pr\u00e9sent.\u00a0\u00bb<\/p>\n<p><em>\u00a0<strong>Sur la strat\u00e9gie du PCF\u00a0<\/em>\u00a0<\/strong><br \/>\n\u00ab\u00a0Pour l\u2019instant, le d\u00e9bat ne fait que commencer.\u00a0\u00bb<br \/>\n\u00ab\u00a0C\u2019est bien parce que la gauche va \u00eatre capable de porter des contenus transformateurs &#8211; ce que nous faisons avec la candidature de Fabien Roussel &#8211; que les rapports de force peuvent changer.\u00a0\u00bb<br \/>\n\u00ab\u00a0Je remarque que la campagne de Fabien Roussel a d\u00e9j\u00e0 des effets : elle fait bouger les lignes \u00e0 gauche. Elle oblige la candidate socialiste \u00e0 monter sur les contenus (\u2026). Du c\u00f4t\u00e9 de Yannick Jadot, on sait qu\u2019il est capable de propos tr\u00e8s droitiers et il s\u2019en abstient totalement pour l\u2019instant.\u00a0\u00bb<br \/>\n\u00ab\u00a0La candidature de Fabien Roussel a des effets positifs sur le d\u00e9bat sur, \u00e0 terme, la capacit\u00e9 de la gauche \u00e0 parler \u00e0 plus large partie de la population.\u00a0\u00bb<br \/>\n\u00ab\u00a0La gauche a toutes ses chances en avril et en juin 2022.\u00a0\u00bb<br \/>\n\u00ab\u00a0La conqu\u00eate du pouvoir est possible.\u00a0\u00bb<br \/>\n\u00ab\u00a0Le Figaro a des analyses plus objectives de la situation \u00e0 gauche &#8211; notamment parce que c\u2019est un terrain sur lequel il ne sont pas engag\u00e9s.\u00a0\u00bb<br \/>\n\u00ab\u00a0Les journalistes de droite aiment bien jouer sur les divisions de la gauche.\u00a0\u00bb<\/p>\n<p><em>\u00a0<strong>Sur la primaire populaire\u00a0<\/em>\u00a0<\/strong><br \/>\n\u00ab\u00a0Le PCF est une organisation d\u00e9mocratique. \u00c0 l\u2019issue d\u2019un long d\u00e9bat, on a d\u00e9cid\u00e9 d\u2019une strat\u00e9gie. On ne peut changer de strat\u00e9gie qu\u2019\u00e0 l\u2019issue d&#8217;un autre long d\u00e9bat. Et l\u00e0, \u00e7a n\u2019est pas \u00e0 l\u2019ordre du jour.\u00a0\u00bb<\/p>\n<p><em>\u00a0<strong>Sur le logement \u00e0 Paris\u00a0<\/em>\u00a0<\/strong><br \/>\n\u00ab\u00a0La Mairie de Paris a demand\u00e9 &#8211; \u00e0 travers Ian Brossat &#8211; \u00e0 ce que l\u2019Etat se d\u00e9charge de ses responsabilit\u00e9s pour la confier \u00e0 la Ville de Paris et nous permettre de faire les contr\u00f4les [sur les loyers].\u00a0On le fait d\u00e9j\u00e0 sur les locations touristiques. \u00bb<br \/>\n\u00ab\u00a0Le pouvoir des propri\u00e9taires priv\u00e9s est trop important.\u00a0Il y a une concentration de richesse dans le domaine du logement. \u00bb<div id='gallery-1' class='gallery galleryid-13265 gallery-columns-3 gallery-size-thumbnail'><figure class='gallery-item'>\n\t\t\t<div class='gallery-icon landscape'>\n\t\t\t\t<a href='https:\/\/archives.regards.fr\/wp-content\/uploads\/2021\/11\/capture_d_e_cran_2021-11-30_a_12-00a.29.33.png'><img loading=\"lazy\" decoding=\"async\" width=\"150\" height=\"150\" src=\"https:\/\/archives.regards.fr\/wp-content\/uploads\/2021\/11\/capture_d_e_cran_2021-11-30_a_12-00a.29.33-150x150.png\" class=\"attachment-thumbnail size-thumbnail\" alt=\"capture_d_e_cran_2021-11-30_a_12.29.33.png\" \/><\/a>\n\t\t\t<\/div><\/figure>\n\t\t<\/div>\n<\/p>\n","protected":false},"excerpt":{"rendered":"<p>L\u2019actuel secr\u00e9taire d\u00e9partemental du PCF-Paris, Igor Zamichei, passe la main \u00e0 Adrien Tiberti, \u00e9lu communiste du 11\u00e8me arrondissement de Paris. Signe de changements \u00e0 venir \u00e0 la direction du PCF dans la perspective de l\u2019\u00e9lection pr\u00e9sidentielle ? Adrien Tiberti est l\u2019invit\u00e9 de #LaMidinale.<\/p>\n","protected":false},"author":1039,"featured_media":31212,"comment_status":"open","ping_status":"open","sticky":false,"template":"","format":"standard","meta":{"_themeisle_gutenberg_block_has_review":false,"footnotes":""},"categories":[238],"tags":[293],"class_list":["post-13265","post","type-post","status-publish","format-standard","has-post-thumbnail","hentry","category-la-midinale","tag-entretien"],"_links":{"self":[{"href":"https:\/\/archives.regards.fr\/index.php?rest_route=\/wp\/v2\/posts\/13265","targetHints":{"allow":["GET"]}}],"collection":[{"href":"https:\/\/archives.regards.fr\/index.php?rest_route=\/wp\/v2\/posts"}],"about":[{"href":"https:\/\/archives.regards.fr\/index.php?rest_route=\/wp\/v2\/types\/post"}],"author":[{"embeddable":true,"href":"https:\/\/archives.regards.fr\/index.php?rest_route=\/wp\/v2\/users\/1039"}],"replies":[{"embeddable":true,"href":"https:\/\/archives.regards.fr\/index.php?rest_route=%2Fwp%2Fv2%2Fcomments&post=13265"}],"version-history":[{"count":0,"href":"https:\/\/archives.regards.fr\/index.php?rest_route=\/wp\/v2\/posts\/13265\/revisions"}],"wp:featuredmedia":[{"embeddable":true,"href":"https:\/\/archives.regards.fr\/index.php?rest_route=\/wp\/v2\/media\/31212"}],"wp:attachment":[{"href":"https:\/\/archives.regards.fr\/index.php?rest_route=%2Fwp%2Fv2%2Fmedia&parent=13265"}],"wp:term":[{"taxonomy":"category","embeddable":true,"href":"https:\/\/archives.regards.fr\/index.php?rest_route=%2Fwp%2Fv2%2Fcategories&post=13265"},{"taxonomy":"post_tag","embeddable":true,"href":"https:\/\/archives.regards.fr\/index.php?rest_route=%2Fwp%2Fv2%2Ftags&post=13265"}],"curies":[{"name":"wp","href":"https:\/\/api.w.org\/{rel}","templated":true}]}}