{"id":13260,"date":"2021-11-26T12:36:15","date_gmt":"2021-11-26T11:36:15","guid":{"rendered":"https:\/\/wp.muchomaas.com\/article-david-assouline-l-ensemble-des-proprietaires-des-medias-doivent-s-expliquer\/"},"modified":"2023-06-24T00:21:43","modified_gmt":"2023-06-23T22:21:43","slug":"article-david-assouline-l-ensemble-des-proprietaires-des-medias-doivent-s-expliquer","status":"publish","type":"post","link":"https:\/\/archives.regards.fr\/?p=13260","title":{"rendered":"David Assouline : \u00ab L\u2019ensemble des propri\u00e9taires des m\u00e9dias doivent s\u2019expliquer \u00bb"},"content":{"rendered":"<p class=\"post_excerpt\">Alors que la presse et les m\u00e9dias font l\u2019objet d\u2019un app\u00e9tit de plus en plus d\u00e9mesur\u00e9 de la part de nombreux milliardaires \u2013 souvent \u00e0 des fins politiques \u2013, le S\u00e9nat lance une commission d&#8217;enqu\u00eate parlementaire sur la concentration des m\u00e9dias. David Assouline, s\u00e9nateur socialiste et rapporteur de la commission, est l&#8217;invit\u00e9 de #LaMidinale.<\/p>\n<h2>UNE MIDINALE \u00c0 VOIR&#8230;<\/h2>\n<p><iframe loading=\"lazy\" width=\"490\" height=\"276\" src=\"https:\/\/www.youtube.com\/embed\/UCkFae2gJhU\" title=\"YouTube video player\" frameborder=\"0\" allow=\"accelerometer; autoplay; clipboard-write; encrypted-media; gyroscope; picture-in-picture\" allowfullscreen><\/iframe><\/p>\n<p>&nbsp;<\/p>\n<p><h2>ET \u00c0 LIRE&#8230;<\/h2>\n<p><em>\u00a0<strong>Sur la commission d\u2019enqu\u00eate parlementaire\u00a0<\/em>\u00a0<\/strong><br \/>\n\u00ab\u00a0C\u2019est un combat que je m\u00e8ne depuis longtemps.\u00a0\u00bb<br \/>\n\u00ab\u00a0La concentration des m\u00e9dias est un processus continue depuis une vingtaine d\u2019ann\u00e9es et qui s\u2019est acc\u00e9l\u00e9r\u00e9 ces dix derni\u00e8res ann\u00e9es.\u00a0\u00bb<br \/>\n\u00ab\u00a0Il y a sur la TNT qui \u00e9tait voulue comme une offre pluraliste et accessible \u00e0 tous une concentration encore plus accrue.\u00a0\u00bb<br \/>\n\u00ab\u00a0On peut consid\u00e9rer que 70% du march\u00e9 publicitaire sera concentr\u00e9 dans les m\u00eames mains.\u00a0\u00bb<br \/>\n\u00ab\u00a0Je veux qu\u2019on \u00e9claire l\u2019opinion publique et les citoyens de l\u2019enjeu de la concentration des m\u00e9dias.\u00a0\u00bb<br \/>\n\u00ab\u00a0On atteint un moment un peu crucial parce qu\u2019on voit de fa\u00e7on plus palpable que l\u2019\u00e9quilibre peut \u00eatre compl\u00e8tement modifi\u00e9.\u00a0\u00bb<br \/>\n\u00ab\u00a0La quantit\u00e9 peut parfois \u00eatre signe de qualit\u00e9 et l\u00e0 on a le sentiment qu\u2019on peut basculer dans tout autre chose &#8211; notamment quand il y a un projet m\u00e9diatique qui n\u2019est plus r\u00e9publicain.\u00a0Et l\u00e0, la question se pose \u00e0 toute la soci\u00e9t\u00e9. \u00bb<br \/>\n\u00ab\u00a0On doit revoir notre arsenal l\u00e9gislatif et l\u2019environnement informationnel.\u00a0\u00bb<br \/>\n\u00ab\u00a0Il n\u2019est jamais trop tard pour ouvrir le d\u00e9bat et faire des propositions.\u00a0\u00bb<\/p>\n<p><em>\u00a0<strong>Sur le r\u00f4le du CSA\/ARCOM<\/em>\u00a0<\/strong><br \/>\n\u00ab\u00a0Le CSA donne des amendes de plus en plus lourdes qui peuvent faire r\u00e9fl\u00e9chir.\u00a0\u00bb<br \/>\n\u00ab\u00a0On va auditionner le CSA &#8211; l\u2019ARCOM &#8211; mais il ne s\u2019agit pour nous, politiques, de se d\u00e9fausser sur cette\u00a0autorit\u00e9. \u00bb<br \/>\n\u00ab\u00a0On ne peut pas dire que les pr\u00e9rogatives qui ont \u00e9t\u00e9 donn\u00e9es \u00e0 l\u2019ARCOM lui donnent compl\u00e8tement les moyens de r\u00e9agir \u00e0 des tendances actuelles qui n\u2019avaient peut-\u00eatre pas \u00e9t\u00e9 envisag\u00e9es.\u00a0\u00c7a ne doit pas dispenser le l\u00e9gislateur de r\u00e9fl\u00e9chir et de r\u00e9agir. \u00bb<br \/>\n\u00ab\u00a0L\u2019une de nos premi\u00e8res auditions sera sans doute le pr\u00e9sident de l\u2019ARCOM.\u00a0\u00bb<\/p>\n<p><em>\u00a0<strong>Sur les convocations\/auditions de la commission<\/em>\u00a0<\/strong><br \/>\n\u00ab\u00a0On va auditionner tout le monde.\u00a0\u00bb<br \/>\n\u00ab\u00a0Toutes les personnes sollicit\u00e9es sont tenues \u00e0 venir t\u00e9moigner et \u00e0 r\u00e9pondre \u00e0 l\u2019audition.\u00a0\u00bb<br \/>\n\u00ab\u00a0L\u2019ensemble de ceux qui poss\u00e8dent la presse &#8211; et pas seulement ceux qui la dirigent &#8211; vont \u00eatre auditionn\u00e9s et c\u2019est pr\u00e9vu dans le plan de travail. Il n\u2019y a aucune raison que l\u2019un ou l\u2019autre puisse se d\u00e9filer d\u2019une telle audition.\u00a0\u00bb<br \/>\n\u00ab\u00a0Il y a une concentration dans la presse \u00e9crite de plus en plus grande &#8211; \u00e0 l\u2019instar du paysage de la presse quotidienne r\u00e9gionale.\u00a0Il y a six banques ou assurances qui sont \u00e0 leur t\u00eate. \u00bb<\/p>\n<p><em>\u00a0<strong>Sur les objectifs de la commission d\u2019enqu\u00eate\u00a0<\/em>\u00a0<\/strong><br \/>\n\u00ab\u00a0Chacun jouera son r\u00f4le.\u00a0\u00bb<br \/>\n\u00ab\u00a0Je veux rentrer des cette commission d\u2019enqu\u00eate en pensant que bien entendu il y a diff\u00e9rentes opinions politiques mais que sur cette question &#8211; celle de la diversit\u00e9 de l\u2019offre, du pluralisme et de l\u2019ind\u00e9pendance des m\u00e9dias &#8211; nous saurons agir ensemble.\u00a0\u00bb<br \/>\n\u00ab\u00a0Quand on a, en face de nous, des Amazon ou des Netflix, il nous faut assumer une pluralit\u00e9 de l\u2019offre. C\u2019est un leurre de crise qu\u2019on r\u00e9sistera \u00e0 Amazon ou Netflix parce qu\u2019on aura fusionn\u00e9 deux grands groupes en France. \u00c7a restera un nain.\u00a0\u00bb<\/p>\n<p><em>\u00a0<strong>Sur l\u2019audiovisuel public\u00a0<\/em>\u00a0<\/strong><br \/>\n\u00ab\u00a0Il y a une n\u00e9cessit\u00e9 d\u2019affirmer un service public beaucoup plus fort et beaucoup plus puissant. C\u2019est ce que je demande chaque ann\u00e9e dans les d\u00e9bats sur le projet de loi de finance de l\u2019audiovisuel.\u00a0\u00bb<br \/>\n\u00ab\u00a0Il faut faire progresser la redevance \u00e0 l\u2019audiovisuel public.\u00a0\u00bb<br \/>\n\u00ab\u00a0On croit souvent que les budgets de l\u2019audiovisuel public seraient parmi les plus \u00e9lev\u00e9s d\u2019Europe alors qu\u2019on est plut\u00f4t en bas, loin derri\u00e8re l\u2019Allemagne ou la Grande-Bretagne.\u00a0\u00bb<br \/>\n\u00ab\u00a0Je me bats pour que le canal de France Info soit ramen\u00e9 dans un paquet des cha\u00eenes d\u2019infos. Il n\u2019est pas normal que la cha\u00eene d\u2019information publique soit rel\u00e9gu\u00e9e \u00e0 la toute fin. Je pense qu\u2019on peut y arriver.\u00a0\u00bb<\/p>\n<p><em>\u00a0<strong>Sur le financement de la presse\u00a0<\/em>\u00a0<\/strong><br \/>\n\u00ab\u00a0Il faut un d\u00e9bat global sur les aides \u00e0 la presse.\u00a0\u00bb<br \/>\n\u00ab\u00a0Il faut reconsid\u00e9rer les crit\u00e8res des aides \u00e0 la presse.\u00a0\u00bb<br \/>\n\u00ab\u00a0Le paysage audiovisuel et de la presse a \u00e9t\u00e9 compl\u00e8tement boulevers\u00e9 sans que jamais il n\u2019y ait eu de d\u00e9bat public.\u00a0\u00bb<br \/>\n\u00ab\u00a0La TNT a fait l\u2019objet d\u2019un d\u00e9bat.\u00a0\u00bb<br \/>\n\u00ab\u00a0L\u2019ensemble des propri\u00e9taires des m\u00e9dias doivent s\u2019expliquer.\u00a0\u00bb<\/p>\n<p><em>\u00a0<strong>Sur la gauche dans les m\u00e9dias<\/em>\u00a0<\/strong><br \/>\n\u00ab\u00a0Je pense qu\u2019il y a une question d\u2019offre.\u00a0Dans les th\u00e8mes choisis dans les m\u00e9dias, la gauche est, de fait, \u00e9cart\u00e9e. On choisit des th\u00e8mes qui font le buzz pour faire de l\u2019audimat de fa\u00e7on facile.\u00a0En parlant principalement de s\u00e9curit\u00e9 ou d\u2019immigration on sait tr\u00e8s bien vers quoi on va tendre contrairement aux sujets qui touchent au social par exemple. \u00bb<\/p>\n<p><em>\u00a0<strong>Sur la candidature d\u2019Anne Hidalgo<\/em>\u00a0<\/strong><br \/>\n\u00ab\u00a0On va voir comment les choses se d\u00e9veloppent : il n\u2019y a rien d\u2019arithm\u00e9tique dans la politique. Il n\u2019y a que des dynamiques.\u00a0\u00bb<br \/>\n\u00ab\u00a0La candidature d\u2019Anne Hidalgo r\u00e9pond \u00e0 la diversit\u00e9 de ce qu\u2019est la gauche aujourd\u2019hui.\u00a0\u00bb<br \/>\n\u00ab\u00a0Il n\u2019y aura pas de projet sans qu\u2019il y ait le social au c\u0153ur. L\u2019urgence climatique et l\u2019\u00e9cologie au c\u0153ur.\u00a0\u00bb<br \/>\n\u00ab\u00a0Anne Hidalgo a accumul\u00e9 une exp\u00e9rience \u00e0 la t\u00eate d\u2019une tr\u00e8s grande collectivit\u00e9 territoriale et une notori\u00e9t\u00e9 internationale.\u00a0\u00bb<br \/>\n\u00ab\u00a0Je suis sensible &#8211; m\u00eame si \u00e7a n\u2019est pas l\u2019argument &#8211; \u00e0 ce qu\u2019une femme puisse \u00eatre pr\u00e9sidente de la R\u00e9publique.\u00a0\u00bb<br \/>\n\u00ab\u00a0M\u00e9lenchon passe plus de temps \u00e0 nous attaquer [les socialistes] qu\u2019\u00e0 attaquer la droite.\u00a0\u00bb<br \/>\n\u00ab\u00a0Au-del\u00e0 des personnalit\u00e9s, il y a un peuple de gauche.\u00a0Beaucoup de ce peuple de gauche sont avec Jean-Luc M\u00e9lenchon et c\u2019est eux aujourd\u2019hui qu\u2019il faut rassembler. \u00bb<div id='gallery-1' class='gallery galleryid-13260 gallery-columns-3 gallery-size-thumbnail'><figure class='gallery-item'>\n\t\t\t<div class='gallery-icon landscape'>\n\t\t\t\t<a href='https:\/\/archives.regards.fr\/wp-content\/uploads\/2021\/11\/capture_d_e_cran_2021-11-26_a_12-dc2.31.09.png'><img loading=\"lazy\" decoding=\"async\" width=\"150\" height=\"150\" src=\"https:\/\/archives.regards.fr\/wp-content\/uploads\/2021\/11\/capture_d_e_cran_2021-11-26_a_12-dc2.31.09-150x150.png\" class=\"attachment-thumbnail size-thumbnail\" alt=\"capture_d_e_cran_2021-11-26_a_12.31.09.png\" \/><\/a>\n\t\t\t<\/div><\/figure>\n\t\t<\/div>\n<\/p>\n","protected":false},"excerpt":{"rendered":"<p>Alors que la presse et les m\u00e9dias font l\u2019objet d\u2019un app\u00e9tit de plus en plus d\u00e9mesur\u00e9 de la part de nombreux milliardaires \u2013 souvent \u00e0 des fins politiques \u2013, le S\u00e9nat lance une commission d&#8217;enqu\u00eate parlementaire sur la concentration des m\u00e9dias. David Assouline, s\u00e9nateur socialiste et rapporteur de la commission, est l&#8217;invit\u00e9 de #LaMidinale.<\/p>\n","protected":false},"author":1204,"featured_media":31202,"comment_status":"open","ping_status":"open","sticky":false,"template":"","format":"standard","meta":{"_themeisle_gutenberg_block_has_review":false,"footnotes":""},"categories":[238],"tags":[293],"class_list":["post-13260","post","type-post","status-publish","format-standard","has-post-thumbnail","hentry","category-la-midinale","tag-entretien"],"_links":{"self":[{"href":"https:\/\/archives.regards.fr\/index.php?rest_route=\/wp\/v2\/posts\/13260","targetHints":{"allow":["GET"]}}],"collection":[{"href":"https:\/\/archives.regards.fr\/index.php?rest_route=\/wp\/v2\/posts"}],"about":[{"href":"https:\/\/archives.regards.fr\/index.php?rest_route=\/wp\/v2\/types\/post"}],"author":[{"embeddable":true,"href":"https:\/\/archives.regards.fr\/index.php?rest_route=\/wp\/v2\/users\/1204"}],"replies":[{"embeddable":true,"href":"https:\/\/archives.regards.fr\/index.php?rest_route=%2Fwp%2Fv2%2Fcomments&post=13260"}],"version-history":[{"count":0,"href":"https:\/\/archives.regards.fr\/index.php?rest_route=\/wp\/v2\/posts\/13260\/revisions"}],"wp:featuredmedia":[{"embeddable":true,"href":"https:\/\/archives.regards.fr\/index.php?rest_route=\/wp\/v2\/media\/31202"}],"wp:attachment":[{"href":"https:\/\/archives.regards.fr\/index.php?rest_route=%2Fwp%2Fv2%2Fmedia&parent=13260"}],"wp:term":[{"taxonomy":"category","embeddable":true,"href":"https:\/\/archives.regards.fr\/index.php?rest_route=%2Fwp%2Fv2%2Fcategories&post=13260"},{"taxonomy":"post_tag","embeddable":true,"href":"https:\/\/archives.regards.fr\/index.php?rest_route=%2Fwp%2Fv2%2Ftags&post=13260"}],"curies":[{"name":"wp","href":"https:\/\/api.w.org\/{rel}","templated":true}]}}