{"id":13259,"date":"2021-11-25T16:28:26","date_gmt":"2021-11-25T15:28:26","guid":{"rendered":"https:\/\/wp.muchomaas.com\/article-raphaelle-remy-leleu-ce-qui-est-difficile-a-comprendre-c-est-pourquoi-on-n-est\/"},"modified":"2023-06-24T00:21:43","modified_gmt":"2023-06-23T22:21:43","slug":"article-raphaelle-remy-leleu-ce-qui-est-difficile-a-comprendre-c-est-pourquoi-on-n-est","status":"publish","type":"post","link":"https:\/\/archives.regards.fr\/?p=13259","title":{"rendered":"Rapha\u00eblle R\u00e9my-Leleu : \u00ab Ce qui est difficile \u00e0 comprendre c\u2019est pourquoi on n\u2019est jamais entendues la premi\u00e8re fois \u00bb"},"content":{"rendered":"<p class=\"post_excerpt\">Ce jeudi 25 novembre, c\u2019est la journ\u00e9e mondiale de lutte contre les violences faites aux femmes. Rapha\u00eblle R\u00e9my-Leleu, conseill\u00e8re de Paris \u00e9cologiste, f\u00e9ministe, est l\u2019invit\u00e9e de #LaMidinale.<\/p>\n<h2>UNE MIDINALE \u00c0 VOIR&#8230;<\/h2>\n<p><iframe loading=\"lazy\" width=\"490\" height=\"276\" src=\"https:\/\/www.youtube.com\/embed\/H-IjstS1b8g\" title=\"YouTube video player\" frameborder=\"0\" allow=\"accelerometer; autoplay; clipboard-write; encrypted-media; gyroscope; picture-in-picture\" allowfullscreen><\/iframe><\/p>\n<p>&nbsp;<\/p>\n<p><h2>ET \u00c0 LIRE&#8230;<\/h2>\n<p><em>\u00a0<strong>Sur Nicolas Hulot<\/em>\u00a0<\/strong><br \/>\n\u00ab\u00a0Nicolas Hulot est un tr\u00e8s bon communicant. Il avait fait exactement la m\u00eame chose en 2018 lors de la parution de l\u2019enqu\u00eate de l\u2019Hebdo.\u00a0\u00bb<br \/>\n\u00ab\u00a0Je me suis \u00e9tonn\u00e9e hier aupr\u00e8s de BFMTV qui lui a donn\u00e9 la parole en premier [avant qu\u2019on entende ce que les victimes ont \u00e0 dire].\u00a0\u00bb<br \/>\n\u00ab\u00a0L\u2019espace m\u00e9diatique n\u2019est pas le seul bon endroit pour t\u00e9moigner. Le probl\u00e8me, c\u2019est que c\u2019est un endroit dont on a encore d\u00e9sesp\u00e9r\u00e9ment besoin parce qu\u2019il y a tr\u00e8s peu de plaintes ou de mains courantes qui sont d\u00e9pos\u00e9es et qui donnent suite \u00e0 des enqu\u00eates.\u00a0On estime qu\u2019il y a moins de 1% des violeurs qui sont condamn\u00e9s. \u00bb<br \/>\n\u00ab\u00a0L\u2019accueil en gendarmerie ou en commissariat est extr\u00eamement insuffisant.\u00a0\u00bb<br \/>\n\u00ab\u00a0C\u2019est Nicolas Hulot qui installe le tribunal m\u00e9diatique en choisissant d\u2019abord de prendre la parole.\u00a0\u00bb<br \/>\n\u00ab\u00a0S\u2019il n\u2019y avait pas eu de plainte d\u00e9pos\u00e9e en 2018 contre Nicolas Hulot et la m\u00e9diatisation qui a suivi, est-ce qu\u2019aujourd\u2019hui on aurait cinq t\u00e9moignages de femmes contre Nicolas Hulot ? Est-ce qu\u2019on aurait pour ces femmes donn\u00e9 la possibilit\u00e9 d\u2019\u00eatre crues et entendues dans l\u2019espace public &#8211; voire dans l\u2019espace judiciaire ? Je ne le crois pas. \u00bb<br \/>\n\u00ab\u00a0Notre responsabilit\u00e9 en tant que soci\u00e9t\u00e9 c\u2019est de donner les conditions n\u00e9cessaires aux femmes, pour qu\u2019elles puissent parler.\u00a0\u00bb<\/p>\n<p><em>\u00a0<strong>Sur Marl\u00e8ne Schiappa<\/em>\u00a0<\/strong>\u00a0<br \/>\n\u00ab\u00a0Un rapport a \u00e9t\u00e9 command\u00e9 sur l\u2019accueil des femmes victimes de violences sexistes et sexuelles dans les commissariats et les gendarmeries. Ce rapport a \u00e9t\u00e9 remis au pr\u00e9fet de police en 2019 et depuis, il n\u2019a pas \u00e9t\u00e9 publi\u00e9. C\u2019est bien dommage.\u00a0\u00bb<br \/>\n\u00ab\u00a0Il y a une vraie dose de sinc\u00e9rit\u00e9 dans l\u2019engagement de Marl\u00e8ne Schiappa mais il y a beaucoup de d\u00e9saccords &#8211; y compris sur ce qu\u2019elle raconte sur le mouvement #MeToo ou encore les tribunaux m\u00e9diatiques.\u00a0\u00bb<br \/>\n\u00ab\u00a0Marl\u00e8ne Schiappa sert avant tout de caution au gouvernement (\u2026). Elle sert surtout de caution \u00e0 ces hommes [Darmanin, Hulot\u2026] qui n\u2019ont plus rien \u00e0 faire dans la vie publique et politique.\u00a0\u00bb<\/p>\n<p><em>\u00a0<strong>Sur la prescription\u00a0<\/em>\u00a0<\/strong><br \/>\n\u00ab\u00a0Il y a chez les femmes victimes de violences sexistes et sexuelles une demande de justice mais peut-\u00eatre pas toujours une demande de judiciarisation. Ce qui est en d\u00e9bat c\u2019est ce qu\u2019il peut se passer du point de vue de l\u2019amn\u00e9sie traumatique. \u00bb<br \/>\n\u00ab\u00a0On vit dans un monde o\u00f9 on inverse la culpabilit\u00e9 et on a tendance \u00e0 demander toujours \u00e0 la victime si quelque part elle ne l\u2019a pas cherch\u00e9.\u00a0\u00bb<br \/>\n\u00ab\u00a0Il arrive tr\u00e8s r\u00e9guli\u00e8rement que les victimes parlent apr\u00e8s ou juste apr\u00e8s les d\u00e9lais de prescription.\u00a0\u00bb<br \/>\n\u00ab\u00a0On a encore un arsenal juridique \u00e0 am\u00e9liorer et une mise en confiance des victimes \u00e0 am\u00e9liorer et \u00e0 affirmer.\u00a0\u00bb<\/p>\n<p><em>\u00a0<strong>Sur le consentement\u00a0<\/strong>\u00a0<\/em><br \/>\n\u00ab\u00a0La question du consentement est une question difficile puisque dans le droit fran\u00e7ais, il n\u2019y a pas de notion de consentement dans la d\u00e9finition du viol.\u00a0\u00bb<br \/>\n\u00ab\u00a0Cette notion de consentement permettrait d\u2019affirmer quelque chose dans les proc\u00e9dures (\u2026). Pour autant, si on \u00e9tait un peu plus avanc\u00e9 dans notre r\u00e9flexion et dans nos politiques publiques du point de vue f\u00e9ministe, je ne suis pas certaine que la notion de consentement suffirait. \u00bb<br \/>\n\u00ab\u00a0Je suis convaincue que nous savons tr\u00e8s bien quand on d\u00e9passe les limites et notamment que les hommes savent tr\u00e8s bien quand ils d\u00e9passent les limites.\u00a0\u00bb<br \/>\n\u00ab\u00a0La culture du viol et de l\u2019impunit\u00e9 oblige les femmes \u00e0 devoir expliciter ce qu\u2019est le non.\u00a0\u00bb<\/p>\n<p><em>\u00a0<strong>Sur le \u00ab\u00a0tout le monde savait\u00a0\u00bb<\/em>\u00a0<\/strong><br \/>\n\u00ab\u00a0C\u2019est difficile \u00e0 entendre pour des victimes et des entourages. Y compris pour des f\u00e9ministes.\u00a0\u00bb<br \/>\n\u00ab\u00a0Beaucoup de femmes me t\u00e9moignent des violences dont elles ont \u00e9t\u00e9 victimes. Je ne peux pas pour autant prendre leur place pour faire la d\u00e9nonciation publique.\u00a0\u00bb<br \/>\n\u00ab\u00a0La question que l\u2019on doit se poser, c\u2019est celle de l\u2019impunit\u00e9 : qu\u2019est-ce qui construit l\u2019impunit\u00e9 ? \u00bb<\/p>\n<p><em>\u00a0<strong>Sur le #MeToo politique\u00a0<\/em>\u00a0<\/strong><br \/>\n\u00ab\u00a0Il y a la question du pouvoir qui cristallise beaucoup de tension et de notion d\u2019impunit\u00e9, voire d\u2019omerta.\u00a0\u00bb<br \/>\n\u00ab\u00a0En politique, on a l\u2019impression de red\u00e9couvrir les choses mois apr\u00e8s mois : qu\u2019il s\u2019agisse de Hulot, de Baylet, de Pocrain, d\u2019Asselineau, de Zemmour. \u00bb<br \/>\n\u00ab\u00a0Ce qui est difficile \u00e0 comprendre c\u2019est pourquoi on n\u2019est jamais entendues la premi\u00e8re fois. \u00bb<br \/>\n\u00ab\u00a0On devrait avoir des r\u00e9actions beaucoup plus fermes et beaucoup plus imm\u00e9diates.\u00a0\u00bb<br \/>\n\u00ab\u00a0Au Conseil de Paris, on a encore sur nos bancs Christophe Girard &#8211; qui a soutenu Gabriel Matzneff et qui a \u00e9t\u00e9 accus\u00e9 d\u2019agression sexuelle et de viol par un homme, mais aussi Maxime Cochard qui a \u00e9t\u00e9 accus\u00e9 de viol par un jeune homme qui s\u2019est suicid\u00e9 par la suite.\u00a0\u00bb<br \/>\n\u00ab\u00a0J\u2019ai \u00e9t\u00e9 tr\u00e8s choqu\u00e9 de voir que Christophe Girard et Maxime Cochard reviennent au Conseil de Paris. Ils devraient d\u00e9missionner.\u00a0\u00bb<br \/>\n\u00ab\u00a0Il faut interroger la responsabilit\u00e9 des partis politiques : Maxime Cochard est l\u2019unique repr\u00e9sentant du PCF \u00e0 la mairie du 14\u00e8me arrondissement de Paris. Les deux autres \u00e9lus communistes, choqu\u00e9s par la pr\u00e9sence de Maxime Cochard, ont d\u00e9missionn\u00e9.\u00a0\u00bb\u00a0<br \/>\n\u00ab\u00a0Il y a toujours une charge qui incombe aux femmes o\u00f9 \u00e7a serait \u00e0 elle de parler, \u00e0 elle d\u2019expliquer.\u00a0\u00bb<\/p>\n<p><em>\u00a0<strong>Sur les droits des femmes\u00a0<\/em>\u00a0<\/strong><br \/>\n\u00ab\u00a0Aujourd\u2019hui, les questions f\u00e9ministes font partie des marqueurs politiques et du d\u00e9bat public et donc il y a une forme de retour de b\u00e2ton.\u00a0\u00bb<br \/>\n\u00ab\u00a0La violence contre les femmes politiques, les militantes f\u00e9ministes, les activistes est extr\u00eamement pr\u00e9sente.\u00a0\u00bb<br \/>\n\u00ab\u00a0Il faut que nous soyons encore plus nombreuses.\u00a0\u00bb<br \/>\n\u00ab\u00a0Les r\u00e9actionnaires remettent en cause les droits des femmes.\u00a0\u00bb<br \/>\n\u00ab\u00a0Ce qui m\u2019inqui\u00e8te, c\u2019est que dans le paysage politique et m\u00e9diatique &#8211; y compris \u00e0 gauche &#8211; on tient mal les digues.\u00a0\u00bb<br \/>\n\u00ab\u00a0Je suis rassur\u00e9e de voir qu\u2019au Parti socialiste, la doctrine consiste \u00e0 croire les femmes et je crois que c\u2019\u00e9tait la premi\u00e8re fois que je l\u2019entendais de la part d\u2019Olivier Faure.\u00a0\u00bb<\/p>\n<p><em>\u00a0<strong>Sur Yannick Jadot\u00a0<\/em>\u00a0<\/strong><br \/>\n\u00ab\u00a0Le programme de Yannick Jadot est le plus f\u00e9ministe des candidats de gauche et des \u00e9cologistes. Et \u00e7a n\u2019est pas la seule raison pour laquelle je le soutiens.\u00a0\u00bb<br \/>\n\u00ab\u00a0Je n\u2019ai pas de doute \u00e0 ce que Yannick Jadot entende ce que les f\u00e9ministes ont \u00e0 dire ou qu\u2019il accepte les gentils petits coups de pieds au cul que l\u2019on peut mettre quand parfois les choses nous d\u00e9rangent.\u00a0\u00bb<div id='gallery-1' class='gallery galleryid-13259 gallery-columns-3 gallery-size-thumbnail'><figure class='gallery-item'>\n\t\t\t<div class='gallery-icon landscape'>\n\t\t\t\t<a href='https:\/\/archives.regards.fr\/wp-content\/uploads\/2021\/11\/capture_d_e_cran_2021-11-25_a_16-82b.18.18.png'><img loading=\"lazy\" decoding=\"async\" width=\"150\" height=\"150\" src=\"https:\/\/archives.regards.fr\/wp-content\/uploads\/2021\/11\/capture_d_e_cran_2021-11-25_a_16-82b.18.18-150x150.png\" class=\"attachment-thumbnail size-thumbnail\" alt=\"capture_d_e_cran_2021-11-25_a_16.18.18.png\" \/><\/a>\n\t\t\t<\/div><\/figure>\n\t\t<\/div>\n<\/p>\n","protected":false},"excerpt":{"rendered":"<p>Ce jeudi 25 novembre, c\u2019est la journ\u00e9e mondiale de lutte contre les violences faites aux femmes. Rapha\u00eblle R\u00e9my-Leleu, conseill\u00e8re de Paris \u00e9cologiste, f\u00e9ministe, est l\u2019invit\u00e9e de #LaMidinale.<\/p>\n","protected":false},"author":1039,"featured_media":31200,"comment_status":"open","ping_status":"open","sticky":false,"template":"","format":"standard","meta":{"_themeisle_gutenberg_block_has_review":false,"footnotes":""},"categories":[238],"tags":[293],"class_list":["post-13259","post","type-post","status-publish","format-standard","has-post-thumbnail","hentry","category-la-midinale","tag-entretien"],"_links":{"self":[{"href":"https:\/\/archives.regards.fr\/index.php?rest_route=\/wp\/v2\/posts\/13259","targetHints":{"allow":["GET"]}}],"collection":[{"href":"https:\/\/archives.regards.fr\/index.php?rest_route=\/wp\/v2\/posts"}],"about":[{"href":"https:\/\/archives.regards.fr\/index.php?rest_route=\/wp\/v2\/types\/post"}],"author":[{"embeddable":true,"href":"https:\/\/archives.regards.fr\/index.php?rest_route=\/wp\/v2\/users\/1039"}],"replies":[{"embeddable":true,"href":"https:\/\/archives.regards.fr\/index.php?rest_route=%2Fwp%2Fv2%2Fcomments&post=13259"}],"version-history":[{"count":0,"href":"https:\/\/archives.regards.fr\/index.php?rest_route=\/wp\/v2\/posts\/13259\/revisions"}],"wp:featuredmedia":[{"embeddable":true,"href":"https:\/\/archives.regards.fr\/index.php?rest_route=\/wp\/v2\/media\/31200"}],"wp:attachment":[{"href":"https:\/\/archives.regards.fr\/index.php?rest_route=%2Fwp%2Fv2%2Fmedia&parent=13259"}],"wp:term":[{"taxonomy":"category","embeddable":true,"href":"https:\/\/archives.regards.fr\/index.php?rest_route=%2Fwp%2Fv2%2Fcategories&post=13259"},{"taxonomy":"post_tag","embeddable":true,"href":"https:\/\/archives.regards.fr\/index.php?rest_route=%2Fwp%2Fv2%2Ftags&post=13259"}],"curies":[{"name":"wp","href":"https:\/\/api.w.org\/{rel}","templated":true}]}}