{"id":13256,"date":"2021-11-24T19:33:44","date_gmt":"2021-11-24T18:33:44","guid":{"rendered":"https:\/\/wp.muchomaas.com\/article-robert-guediguian-hidalgo-jadot-et-melenchon-foncent-tous-dans-le-mur\/"},"modified":"2021-11-24T19:33:44","modified_gmt":"2021-11-24T18:33:44","slug":"article-robert-guediguian-hidalgo-jadot-et-melenchon-foncent-tous-dans-le-mur","status":"publish","type":"post","link":"https:\/\/archives.regards.fr\/?p=13256","title":{"rendered":"Robert Gu\u00e9diguian : \u00ab Hidalgo, Jadot et M\u00e9lenchon foncent tous dans le mur \u00bb"},"content":{"rendered":"<p class=\"post_excerpt\">Avant la sortie en salles de son prochain film, \u00ab Twist \u00e0 Bamako \u00bb, pr\u00e9vu en janvier prochain, le cin\u00e9aste Robert Gu\u00e9diguian publie <em>Les lendemains chanteront-ils encore ?<\/em> aux \u00c9ditions Les Liens Qui Lib\u00e8rent. Il est l\u2019invit\u00e9 de #LaMidinale.<\/p>\n<h2>UNE MIDINALE \u00c0 VOIR&#8230;<\/h2>\n<p><iframe loading=\"lazy\" width=\"490\" height=\"276\" src=\"https:\/\/www.youtube.com\/embed\/VfM8fo9jsl4\" title=\"YouTube video player\" frameborder=\"0\" allow=\"accelerometer; autoplay; clipboard-write; encrypted-media; gyroscope; picture-in-picture\" allowfullscreen><\/iframe><\/p>\n<p>&nbsp;<\/p>\n<p><h2>ET \u00c0 LIRE&#8230;<\/h2>\n<p><em> <strong>Sur la presse et l\u2019\u00e9dition<\/strong> <\/em><br \/>\n\u00ab Je suis tr\u00e8s inquiet : il y a de moins en moins de paroles libres et ind\u00e9pendantes. C\u2019est vrai du monde de la presse, dans le cin\u00e9ma, un peu loin dans la litt\u00e9rature peut-\u00eatre\u2026 \u00bb<br \/>\n\u00ab Si les m\u00e9dias de gauche sont moins forts qu\u2019auparavant, c\u2019est que la gauche est moins forte qu\u2019auparavant. \u00bb<br \/>\n\u00ab Comme il n\u2019y a plus de confiance dans la parole des ma\u00eetres, il n\u2019y a plus de confiance dans la presse non plus. \u00bb<br \/>\n\u00ab Les gens pensent que c\u2019est mieux d\u2019avoir juste des news, c\u2019est-\u00e0-dire des infos factuelles, comme si \u00e7a allait leur suffire. Ils pensent pouvoir eux-m\u00eame \u00e9ditorialiser les choses\u2026 \u00bb<\/p>\n<p><em> <strong>Sur la litt\u00e9rature et le cin\u00e9ma<\/strong> <\/em><br \/>\n\u00ab L\u2019essentiel de mon travail et de mon expression, c\u2019est \u00e0 travers le cin\u00e9ma. \u00bb<br \/>\n\u00ab Si on regarde les 22 films que j\u2019ai faits, on sait \u00e0 peu pr\u00e8s ce que je pense. \u00bb<br \/>\n\u00ab Le livre apporte du discours sur des choses que l\u2019on ne peut pas traiter au cin\u00e9ma, sur des choses plus abstraites. \u00bb<br \/>\n\u00ab Depuis mon enfance, le livre reste un objet sacr\u00e9, \u00e0 la fois myst\u00e9rieux et \u00e9trange. \u00bb<br \/>\n\u00ab Le livre m\u2019appara\u00eet comme plus important et \u00e9ternel que le cin\u00e9ma. \u00bb<\/p>\n<p><em> <strong>Sur le communisme et la politique<\/strong> <\/em><br \/>\n\u00ab Je publie ce livre parce que je pense qu\u2019il faut restaurer un certain nombre d\u2019id\u00e9es, notamment l\u2019id\u00e9e communiste. \u00bb<br \/>\n\u00ab Je crois que la soci\u00e9t\u00e9 enti\u00e8re devrait se poser la question du pourquoi \u00eatre communiste. \u00bb<br \/>\n\u00ab Etre communiste, c\u2019est une mani\u00e8re d\u2019envisager le monde qu\u2019il faut remettre au go\u00fbt du jour. \u00bb<br \/>\n\u00ab Je cherche le communisme qui est d\u00e9j\u00e0 l\u00e0. \u00bb<br \/>\n\u00ab A gauche, personne ne me fait r\u00eaver d\u2019une autre soci\u00e9t\u00e9, d\u2019un autre monde, de la possibilit\u00e9 d\u2019une alternative. \u00bb<br \/>\n\u00ab Il y a quelques envol\u00e9es \u00e0 gauche, dans les discours notamment, par exemple chez Jean-Luc M\u00e9lenchon mais \u00e7a reste souvent sur le factuel. Les repr\u00e9sentants r\u00e9pondent \u00e0 des questions qui viennent d\u2019\u00eatre pos\u00e9es. Pour moi, ce n\u2019est pas comme cela que l\u2019on redonne du go\u00fbt \u00e0 la politique. \u00bb<br \/>\n\u00ab La politique, \u00e7a a \u00e0 voir avec la litt\u00e9rature, la morale, la philosophie. \u00bb<\/p>\n<p><em> <strong>Sur Fabien Roussel<\/strong> <\/em><br \/>\n\u00ab [Quand Fabien Roussel parle des intellectuels], c\u2019est horrible &#8211; comme l\u2019\u00e9tait sa participation \u00e0 la manifestation de la police. \u00bb<br \/>\n\u00ab Ce Parti communiste qui n\u2019en finit pas de mourir, essaie de recourir \u00e0 des basses manoeuvres populistes dans le plus mauvais sens du terme. \u00bb<br \/>\n\u00ab Pour moi, populiste, c\u2019est forc\u00e9ment de droite : cela veut dire coller \u00e0 l\u2019opinion g\u00e9n\u00e9rale du peuple. Il n\u2019y a pas de populisme de gauche. La gauche propose des choses au peuple, quitte \u00e0 se fritter avec &#8211; mais \u00e7a doit rester une discussion. \u00bb<br \/>\n\u00ab Le Parti communiste va perdre les quelques dizaines d\u2019adh\u00e9rents qui restent encore accroch\u00e9s \u00e0 ce parti. Mais je continue \u00e0 dire que je suis communiste. \u00bb<br \/>\n\u00ab Du point de vue de la recherche, notamment du c\u00f4t\u00e9 des historiens, il y a plein de gens brillantissimes. Mais aucun parti ne les prend en compte. \u00bb<br \/>\n\u00ab Il ne faut pas abandonner un rapport intellectuel aux choses : il est inimaginable que le secr\u00e9taire g\u00e9n\u00e9ral du Parti communiste dise des choses comme il dit. \u00bb<br \/>\n\u00ab Il n\u2019y a plus de ponts entre les mondes artistiques, intellectuels et politiques parce que le projet est inexistant. \u00bb<br \/>\n\u00ab De l\u2019id\u00e9e de projet, m\u00eame s\u2019il est mou, de l\u2019id\u00e9e de direction avec quelques points de vue clairs sur l\u2019\u00e9conomie, l\u2019\u00e9cologie ou le social, on peut cr\u00e9er une convergence. Mais personne ne semble vouloir se donner la peine de le b\u00e2tir. \u00bb<br \/>\n\u00ab Le projet de la gauche se construit par intermittence. \u00bb<\/p>\n<p><em> <strong>Sur le fait d\u2019\u00eatre communiste aujourd\u2019hui<\/strong> <\/em><br \/>\n\u00ab Etre communiste aujourd\u2019hui, cela veut dire l\u2019\u00eatre en permanence : c\u2019est un imp\u00e9ratif cat\u00e9gorique et une \u00e9thique. \u00bb<br \/>\n\u00ab Tout ce que je fais est sous-tendu par l\u2019id\u00e9e de cr\u00e9er du communisme, c\u2019est-\u00e0-dire du commun et du partage, du moment o\u00f9 collectif et individu ne s\u2019opposent pas. \u00bb<br \/>\n\u00ab Une entreprise peut \u00eatre un moment communiste, une ZAD et un film aussi. Si j\u2019exag\u00e8re, le quoiqu\u2019il en co\u00fbte d\u2019Emmanuel Macron est un moment communiste. \u00bb<br \/>\n\u00ab Je pense qu\u2019il faut \u00eatre anti-multinationales. Mais sur les entreprises plus moyennes, il faut travailler la l\u00e9gislation pour faire du communisme \u00e0 l\u2019int\u00e9rieur de l\u2019entreprise. \u00bb<br \/>\n\u00ab Si on regarde, les nationalisations n\u2019ont absolument pas cr\u00e9er une appropriation de l\u2019outil de travail par les travailleurs. \u00bb<br \/>\n\u00ab Je crois qu\u2019il faudrait faire le Congr\u00e8s de Tours \u00e0 l\u2019envers. \u00bb<\/p>\n<p><em> <strong>Sur l\u2019antiracisme<\/strong> <\/em><br \/>\n\u00ab Pour moi, l\u2019universalisme, c\u2019est la lutte des classes. C\u2019est donc une grille de lecture. L\u00e0 o\u00f9 l\u2019on s\u2019est tromp\u00e9, c\u2019est concernant le ressenti de certaines personnes, notamment immigr\u00e9es ou issues des anciennes colonies. L\u2019ouvrier, il a toujours \u00e9t\u00e9 attaqu\u00e9 et exploit\u00e9 mais il n\u2019est pas ni\u00e9 en tant qu\u2019individu. Les arabes et les noirs peuvent \u00eatre ni\u00e9s en tant qu\u2019individus parce qu\u2019il reste dans la soci\u00e9t\u00e9 fran\u00e7aise cette vieillerie coloniale de ne pas les consid\u00e9rer \u00e0 \u00e9galit\u00e9. Or leur humanit\u00e9 ni\u00e9e ne se r\u00e9sout pas dans la question de classe. \u00bb<br \/>\n\u00ab Il y a un danger dans le wokisme. Mais le danger, c\u2019est la fragmentation des luttes, la d\u00e9sunion alors m\u00eame que sur l\u2019analyse de classes, on pourrait s\u2019entendre. \u00bb<br \/>\n\u00ab Il ne faut pas s\u2019opposer sur des questions nouvelles qui ont surgi il y a peu\u2026 Mais il ne faut pas les minorer non plus ! Il faut savoir qu\u2019elles existent. \u00bb<\/p>\n<p><em> <strong>Sur le colonialisme<\/strong> <\/em><br \/>\n\u00ab Le colonialisme est un crime contre l\u2019humanit\u00e9. \u00bb<br \/>\n\u00ab La base du colonialisme est le racisme. \u00bb<br \/>\n\u00ab Je suis fran\u00e7ais et je n\u2019ai aucun souci \u00e0 dire que la France coloniale \u00e9tait une horreur. \u00bb<br \/>\n\u00ab Je ne suis pas tellement d\u2019accord avec l\u2019expression racisme d\u2019Etat mais je crois qu\u2019il existe plut\u00f4t un racisme de la soci\u00e9t\u00e9 fran\u00e7aise. \u00bb<\/p>\n<p><em> <strong>Sur la gauche et les migrations<\/strong> <\/em><br \/>\n\u00ab La gauche s\u2019y prend mal pour \u00eatre \u00e9lue : on gagnerait plus \u00e0 dire ce que l\u2019on pense. \u00bb<br \/>\n\u00ab La gauche devient populiste, c\u2019est-\u00e0-dire pour moi elle devient de droite. \u00bb<br \/>\n\u00ab M\u00eame si on prend tous les r\u00e9fugi\u00e9s, on ne remplit pas tous les villages d\u00e9saffect\u00e9s d\u2019Europe. \u00bb<\/p>\n<p><em> <strong>Sur l\u2019avenir de la gauche<\/strong> <\/em><br \/>\n\u00ab Je pense que l\u2019on peut \u00eatre et r\u00e9formiste et r\u00e9volutionnaire. \u00bb<br \/>\n \u00ab Je crois que l\u2019on peut vouloir transformer les choses sans arr\u00eat, c\u2019est-\u00e0-dire plus de communisme et de rupture avec un mode lib\u00e9ral et capitaliste. \u00bb<br \/>\n\u00ab Anne Hidalgo a tort et se trompe de consid\u00e9rer Jean-Luc M\u00e9lenchon comme infr\u00e9quentable. Elle est dans une logique \u00e9lectorale : elle pense que c\u2019est ce qui va lui permettre de prendre le pouvoir. \u00bb<br \/>\n\u00ab D\u2019abord, prendre le pouvoir, si c\u2019est pour ne pas en faire grand chose, \u00e7a ne sert \u00e0 rien. Autant avoir du pouvoir sans le prendre : avoir le pouvoir de manifester, de s\u2019opposer\u2026 Pour prendre le pouvoir, il faut avoir l\u2019ambition de faire quelque chose de tr\u00e8s pr\u00e9cis et de tr\u00e8s en rupture. \u00bb<br \/>\n\u00ab Tous les dirigeants de la gauche se trompent : je suis persuad\u00e9 qu\u2019ils vont tous dans le mur. Anne Hidalgo fera que dalle, Yannick Jadot fera que dalle et Jean-Luc M\u00e9lenchon fera que dalle. \u00bb<br \/>\n\u00ab Je pense que pour 2022, c\u2019est trop tard. \u00bb<br \/>\n\u00ab La gauche en Occident n\u2019a jamais gagn\u00e9 qu\u2019en \u00e9tant unie. \u00bb<\/p>\n","protected":false},"excerpt":{"rendered":"<p>Avant la sortie en salles de son prochain film, \u00ab Twist \u00e0 Bamako \u00bb, pr\u00e9vu en janvier prochain, le cin\u00e9aste Robert Gu\u00e9diguian publie <em>Les lendemains chanteront-ils encore ?<\/em> aux \u00c9ditions Les Liens Qui Lib\u00e8rent. Il est l\u2019invit\u00e9 de #LaMidinale.<\/p>\n","protected":false},"author":1039,"featured_media":0,"comment_status":"open","ping_status":"open","sticky":false,"template":"","format":"standard","meta":{"_themeisle_gutenberg_block_has_review":false,"footnotes":""},"categories":[238],"tags":[293],"class_list":["post-13256","post","type-post","status-publish","format-standard","hentry","category-la-midinale","tag-entretien"],"_links":{"self":[{"href":"https:\/\/archives.regards.fr\/index.php?rest_route=\/wp\/v2\/posts\/13256","targetHints":{"allow":["GET"]}}],"collection":[{"href":"https:\/\/archives.regards.fr\/index.php?rest_route=\/wp\/v2\/posts"}],"about":[{"href":"https:\/\/archives.regards.fr\/index.php?rest_route=\/wp\/v2\/types\/post"}],"author":[{"embeddable":true,"href":"https:\/\/archives.regards.fr\/index.php?rest_route=\/wp\/v2\/users\/1039"}],"replies":[{"embeddable":true,"href":"https:\/\/archives.regards.fr\/index.php?rest_route=%2Fwp%2Fv2%2Fcomments&post=13256"}],"version-history":[{"count":0,"href":"https:\/\/archives.regards.fr\/index.php?rest_route=\/wp\/v2\/posts\/13256\/revisions"}],"wp:attachment":[{"href":"https:\/\/archives.regards.fr\/index.php?rest_route=%2Fwp%2Fv2%2Fmedia&parent=13256"}],"wp:term":[{"taxonomy":"category","embeddable":true,"href":"https:\/\/archives.regards.fr\/index.php?rest_route=%2Fwp%2Fv2%2Fcategories&post=13256"},{"taxonomy":"post_tag","embeddable":true,"href":"https:\/\/archives.regards.fr\/index.php?rest_route=%2Fwp%2Fv2%2Ftags&post=13256"}],"curies":[{"name":"wp","href":"https:\/\/api.w.org\/{rel}","templated":true}]}}