{"id":13242,"date":"2021-11-19T13:51:30","date_gmt":"2021-11-19T12:51:30","guid":{"rendered":"https:\/\/wp.muchomaas.com\/article-la-gauche-a-perdu-son-imaginaire-social-et-politique\/"},"modified":"2023-06-24T00:21:33","modified_gmt":"2023-06-23T22:21:33","slug":"article-la-gauche-a-perdu-son-imaginaire-social-et-politique","status":"publish","type":"post","link":"https:\/\/archives.regards.fr\/?p=13242","title":{"rendered":"\u00ab La gauche a perdu son imaginaire social et politique \u00bb"},"content":{"rendered":"<p class=\"post_excerpt\">Dans une r\u00e9ponse \u00e0 Thierry Pech, directeur g\u00e9n\u00e9ral de Terra Nova, l&#8217;\u00e9conomiste Pierre Khalfa revient sur le rapport de la gauche avec les classes populaires. Il est l&#8217;invit\u00e9 de #LaMidinale.<\/p>\n<h2>UNE MIDINALE \u00c0 VOIR&#8230;<\/h2>\n<p><iframe loading=\"lazy\" width=\"490\" height=\"276\" src=\"https:\/\/www.youtube.com\/embed\/GR9_F3fcFXY\" title=\"YouTube video player\" frameborder=\"0\" allow=\"accelerometer; autoplay; clipboard-write; encrypted-media; gyroscope; picture-in-picture\" allowfullscreen><\/iframe><\/p>\n<p>&nbsp;<\/p>\n<p><h2>ET \u00c0 LIRE&#8230;<\/h2>\n<p><em> <strong>Sur la note de Terra Nova<\/strong> <\/em><br \/>\n\u00ab Ce n\u2019est pas la premi\u00e8re fois que Terra Nova et Thierry Pech s\u2019essaient \u00e0 s\u2019int\u00e9resser aux rapports de la gauche et des classes populaires : en 2011, ils avaient fait un rapport qui disait qu\u2019il fallait que la gauche laisse tomber les ouvriers et les employ\u00e9s pour se concentrer sur les femmes et les soi-disant minorit\u00e9s, rapporteur justifier l\u2019abandon des ouvriers et des classes populaires par les gouvernements successifs du PS. \u00bb<br \/>\n\u00ab Thierry Pech parle d\u2019accidents de la vie : des gens tomberaient dans l\u2019exclusion par des accidents de la vie. On sait que ce sont les r\u00e9sultats des politiques n\u00e9olib\u00e9rales de r\u00e9gression sociale et de pr\u00e9carit\u00e9 du travail men\u00e9es depuis des d\u00e9cennies. Et comme par hasard, la tribune de Thierry Pech ne dit pas un mot sur les politiques n\u00e9olib\u00e9rales men\u00e9es par les gouvernements socialistes depuis des d\u00e9cennies. \u00bb<\/p>\n<p><em> <strong>Sur l\u2019histoire de l\u2019unit\u00e9 fantasm\u00e9e des classes populaires<\/strong> <\/em><br \/>\n\u00ab Les politiques n\u00e9olib\u00e9rales men\u00e9es par la droite ont transform\u00e9 en profondeur les classes sociales. Mais c\u2019est aussi sous l\u2019impulsion des transformations du capitalisme que ces politiques ont encourag\u00e9. \u00bb<br \/>\n\u00ab Il y a un rapport sp\u00e9cifique de la gauche gouvernementale par rapport aux classes populaires. \u00bb<br \/>\n\u00ab Historiquement, la gauche \u00e9tait porteuse d\u2019une perspective d\u2019\u00e9mancipation et d\u2019extension des droits. \u00bb<br \/>\n\u00ab Les classes populaires ont toujours \u00e9t\u00e9 divis\u00e9es. Il n\u2019y a jamais eu une classe ouvri\u00e8re homog\u00e8ne. \u00bb<br \/>\n\u00ab Deux choses permettaient de d\u00e9passer les divisions des classes populaires : l\u2019extension continuelle des droits commenc\u00e9e essentiellement avec la mise en place de l\u2019Etat social et les services publics et les perspectives \u00e9mancipatrices d\u2019un imaginaire social, l\u2019id\u00e9e qu\u2019il y allait avoir des lendemains qui chantent, le socialisme et le communisme, donnaient une identit\u00e9 politique aux classes populaires. \u00bb<br \/>\n\u00ab Ce ne sont pas les conditions sociales objectives qui d\u00e9terminent l\u2019imaginaire social. Il n\u2019y a pas de lien direct entre la sociologie des classes populaires et leur comportement politique ou id\u00e9ologique. \u00bb<br \/>\n\u00ab Jusque dans les ann\u00e9es 1970, il y avait un imaginaire social dominant qu\u2019unifiaient, d\u2019un point de vue politique et id\u00e9ologique, les classes populaires &#8211; m\u00eame si elles pouvaient \u00eatre divis\u00e9es par ailleurs. Il y avait l\u2019id\u00e9e que l\u2019avenir serait meilleur que le pass\u00e9 et le pr\u00e9sent, qu\u2019on allait vers une extension des droits, que c\u2019\u00e9tait en luttant qu\u2019on allait pouvoir gagner. Et il y avait une perspective d\u2019\u00e9mancipation globale port\u00e9e par le communisme et le socialisme. \u00bb<br \/>\n\u00ab \u00c0 partir du moment o\u00f9 l\u2019imaginaire social s\u2019effondre dans les ann\u00e9es 1980, on est dans une situation radicalement nouvelle : il y a une offensive capitaliste qui transforme les conditions des classes populaires avec notamment la fin des collectifs ouvriers. \u00bb<br \/>\n\u00ab Il n\u2019y a plus de perspective \u00e9mancipatrice qui permette de sublimer et d\u00e9passer les divisions des classes populaires. \u00bb<\/p>\n<p><em> <strong>Sur la gauche et les classes populaires<\/strong> <\/em><br \/>\n\u00ab La gauche en g\u00e9n\u00e9ral et une partie de la gauche populaire sont ext\u00e9rieures aux classes populaires : c\u2019est un probl\u00e8me majeur. \u00bb<br \/>\n\u00ab Le Parti socialiste et le Parti communiste avaient une implantation dans les classes populaires. \u00bb<br \/>\n\u00ab Pour rencontrer les classes populaires, il faut que la gauche soit porteuse d\u2019une perspective d\u2019\u00e9mancipation et pas de gestion de l\u2019ordre existant. \u00bb<br \/>\n\u00ab Un programme, c\u2019est une suite de mesures mais ca ne remplace pas un imaginaire social. \u00bb<br \/>\n\u00ab L\u2019id\u00e9e du communisme ne sort ni de Marx ni de Proudhon. Elle sort des ouvriers qui ont d\u00e9couvert cette id\u00e9e dans leurs luttes sociales. \u00bb<br \/>\n\u00ab Il faut que l\u2019imaginaire social soit port\u00e9 par un sujet r\u00e9volutionnaire de transformation sociale. Or, c\u2019est probl\u00e9matique car s\u2019il y a exist\u00e9, c\u2019est parce que la perceptive \u00e9mancipatrice a pu \u00eatre cr\u00e9\u00e9e. Aujourd\u2019hui, il y a un \u00e9clatement g\u00e9n\u00e9ral et une identit\u00e9 qui reste \u00e0 reconstruire. \u00bb<br \/>\n\u00ab Il n\u2019y a pas un rapport social qui structure la soci\u00e9t\u00e9 dans son enti\u00e8ret\u00e9 : il y a le rapport capital-travail, notamment via le rapport salarial mais \u00e7a ne r\u00e9sout pas la question \u00e9cologiste, la question des discriminations, la question f\u00e9ministe. \u00bb<\/p>\n<p><em> <strong>Sur la reconstruction d&#8217;un nouveau mouvement d&#8217;\u00e9mancipation<\/strong> <\/em><br \/>\n\u00ab On peut penser que les choses vont s&#8217;acc\u00e9l\u00e9rer. L&#8217;importance qu&#8217;a pris la question \u00e9cologique, le f\u00e9minisme, l&#8217;antiracisme, acc\u00e9l\u00e8rent les choses, notamment chez les jeunes. Mais un des gros probl\u00e8mes c&#8217;est que le lien entre tout \u00e7a se fait en pointill\u00e9s. \u00bb<\/p>\n<p><em> <strong>Sur la popularit\u00e9 d&#8217;Emmanuel Macron<\/strong> <\/em><br \/>\n\u00ab On verra s&#8217;il se porte \u00e0 merveille \u00e0 la fin du cycle \u00e9lectoral. \u00bb<br \/>\n\u00ab Il y a eu une volont\u00e9 d&#8217;Emmanuel Macron de siphonner l&#8217;\u00e9lectorat de droite. \u00c7a a plut\u00f4t bien march\u00e9. Il a r\u00e9ussi \u00e0 compenser une partie de son \u00e9lectorat qui venait du PS, qui l&#8217;a plus ou moins d\u00e9sert\u00e9. \u00bb<br \/>\n\u00ab On peut aussi l&#8217;expliquer par l&#8217;absence d&#8217;alternative. Il y a un nombre de gens qui veulent s&#8217;abstenir \u00e0 la pr\u00e9sidentielle qui est consid\u00e9rable dans les sondages. \u00bb<br \/>\n\u00ab Il n&#8217;y a pas d&#8217;adh\u00e9sion de la soci\u00e9t\u00e9 fran\u00e7aise au n\u00e9olib\u00e9ralisme. \u00bb<br \/>\n\u00ab Il y a une droitisation du champ m\u00e9diatique et politique, pas dans la soci\u00e9t\u00e9. \u00bb<div id='gallery-1' class='gallery galleryid-13242 gallery-columns-3 gallery-size-thumbnail'><figure class='gallery-item'>\n\t\t\t<div class='gallery-icon landscape'>\n\t\t\t\t<a href='https:\/\/archives.regards.fr\/wp-content\/uploads\/2021\/11\/screenshot_2021-11-19_13-d5c.46.29.png'><img loading=\"lazy\" decoding=\"async\" width=\"150\" height=\"150\" src=\"https:\/\/archives.regards.fr\/wp-content\/uploads\/2021\/11\/screenshot_2021-11-19_13-d5c.46.29-150x150.png\" class=\"attachment-thumbnail size-thumbnail\" alt=\"screenshot_2021-11-19_13.46.29.png\" \/><\/a>\n\t\t\t<\/div><\/figure>\n\t\t<\/div>\n<\/p>\n","protected":false},"excerpt":{"rendered":"<p>Dans une r\u00e9ponse \u00e0 Thierry Pech, directeur g\u00e9n\u00e9ral de Terra Nova, l&#8217;\u00e9conomiste Pierre Khalfa revient sur le rapport de la gauche avec les classes populaires. Il est l&#8217;invit\u00e9 de #LaMidinale.<\/p>\n","protected":false},"author":1204,"featured_media":31165,"comment_status":"open","ping_status":"open","sticky":false,"template":"","format":"standard","meta":{"_themeisle_gutenberg_block_has_review":false,"footnotes":""},"categories":[238],"tags":[293],"class_list":["post-13242","post","type-post","status-publish","format-standard","has-post-thumbnail","hentry","category-la-midinale","tag-entretien"],"_links":{"self":[{"href":"https:\/\/archives.regards.fr\/index.php?rest_route=\/wp\/v2\/posts\/13242","targetHints":{"allow":["GET"]}}],"collection":[{"href":"https:\/\/archives.regards.fr\/index.php?rest_route=\/wp\/v2\/posts"}],"about":[{"href":"https:\/\/archives.regards.fr\/index.php?rest_route=\/wp\/v2\/types\/post"}],"author":[{"embeddable":true,"href":"https:\/\/archives.regards.fr\/index.php?rest_route=\/wp\/v2\/users\/1204"}],"replies":[{"embeddable":true,"href":"https:\/\/archives.regards.fr\/index.php?rest_route=%2Fwp%2Fv2%2Fcomments&post=13242"}],"version-history":[{"count":0,"href":"https:\/\/archives.regards.fr\/index.php?rest_route=\/wp\/v2\/posts\/13242\/revisions"}],"wp:featuredmedia":[{"embeddable":true,"href":"https:\/\/archives.regards.fr\/index.php?rest_route=\/wp\/v2\/media\/31165"}],"wp:attachment":[{"href":"https:\/\/archives.regards.fr\/index.php?rest_route=%2Fwp%2Fv2%2Fmedia&parent=13242"}],"wp:term":[{"taxonomy":"category","embeddable":true,"href":"https:\/\/archives.regards.fr\/index.php?rest_route=%2Fwp%2Fv2%2Fcategories&post=13242"},{"taxonomy":"post_tag","embeddable":true,"href":"https:\/\/archives.regards.fr\/index.php?rest_route=%2Fwp%2Fv2%2Ftags&post=13242"}],"curies":[{"name":"wp","href":"https:\/\/api.w.org\/{rel}","templated":true}]}}