{"id":13241,"date":"2021-11-18T14:04:23","date_gmt":"2021-11-18T13:04:23","guid":{"rendered":"https:\/\/wp.muchomaas.com\/article-politis-peut-disparaitre-et-c-est-avec-beaucoup-de-gravite-que-nous-lancons\/"},"modified":"2023-06-24T00:21:31","modified_gmt":"2023-06-23T22:21:31","slug":"article-politis-peut-disparaitre-et-c-est-avec-beaucoup-de-gravite-que-nous-lancons","status":"publish","type":"post","link":"https:\/\/archives.regards.fr\/?p=13241","title":{"rendered":"\u00ab Politis peut dispara\u00eetre et c\u2019est avec beaucoup de gravit\u00e9 que nous lan\u00e7ons notre appel \u00bb"},"content":{"rendered":"<p class=\"post_excerpt\">Alors que la presse et notamment la presse ind\u00e9pendante est menac\u00e9e, que l\u2019empire Bollor\u00e9 \u00e9tend son influence dans les m\u00e9dias et l\u2019\u00e9dition, l\u2019hebdomadaire Politis, 33 ans, pourrait disparaitre du paysage m\u00e9diatique. Sa r\u00e9daction lance une campagne de souscription pour se relever. Agn\u00e8s Rousseau, directrice de Politis, est l\u2019invit\u00e9e de #LaMidinale.<\/p>\n<h2>UNE MIDINALE \u00c0 VOIR&#8230;<\/h2>\n<p><iframe loading=\"lazy\" width=\"490\" height=\"276\" src=\"https:\/\/www.youtube.com\/embed\/MSy1OPlUZG4\" title=\"YouTube video player\" frameborder=\"0\" allow=\"accelerometer; autoplay; clipboard-write; encrypted-media; gyroscope; picture-in-picture\" allowfullscreen><\/iframe><\/p>\n<p>&nbsp;<\/p>\n<p><h2>ET \u00c0 LIRE&#8230;<\/h2>\n<p><em>\u00a0<strong>Sur ce qu\u2019est Politis\u00a0<\/em>\u00a0<\/strong><br \/>\n\u00ab\u00a0Politis est un hebdomadaire ind\u00e9pendant et engag\u00e9. Il n\u2019est pas entre les mains d\u2019un milliardaire comme beaucoup de m\u00e9dias et d\u2019hebdomadaires en l\u2019occurrence.\u00a0\u00bb<br \/>\n\u00ab\u00a0Politis est la propri\u00e9t\u00e9 de ses lecteurs et de ses abonn\u00e9s.\u00a0\u00bb<br \/>\n\u00ab\u00a0Politis prend le parti de toujours partir du point de vue des laisser-pour-compte du capitalisme, des exclus, des exploit\u00e9s et des domin\u00e9s.\u00a0\u00bb<br \/>\n\u00ab\u00a0Face aux d\u00e9fis auxquels on fait face dans le monde, un journalisme honn\u00eate et rigoureux ne peut pas rester indiff\u00e9rent et se doit de prendre parti sur les questions \u00e9cologiques, l\u2019accroissement des in\u00e9galit\u00e9s ou la mise en p\u00e9ril de nos libert\u00e9s publiques.\u00a0\u00bb<br \/>\n\u00ab\u00a0Politis se situe aux carrefours des gauches et de l\u2019\u00e9cologie.\u00a0\u00bb<br \/>\n\u00ab\u00a0Politis est un lieu de d\u00e9bats et de r\u00e9flexions pour les gauches pour inventer un avenir pour les gauches.\u00a0\u00bb<\/p>\n<p><em>\u00a0<strong>Sur les enjeux d\u2019une presse ind\u00e9pendante\u00a0<\/em>\u00a0<\/strong><br \/>\n\u00ab\u00a0On lance l\u2019appel parce qu\u2019on y est contraint et on a envie que Politis vive.\u00a0Politis a encore des choses \u00e0 dire sur le monde. \u00bb<br \/>\n\u00ab\u00a0On est d\u2019autant plus inquiets face \u00e0 ce qu\u2019il se passe aujourd\u2019hui : la casse autour du pluralisme des m\u00e9dias avec une concentration toujours plus importante.\u00a0Les ph\u00e9nom\u00e8nes de rachats par Bollor\u00e9 n\u2019en sont qu\u2019un des sympt\u00f4mes. \u00bb<br \/>\n\u00ab\u00a0On est dans un contexte de tr\u00e8s grande inqui\u00e9tude par rapport \u00e0 la concentration de la presse qui est entre les mains d\u2019une dizaine de milliardaires.\u00a0\u00bb<br \/>\n\u00ab\u00a0Il y a forc\u00e9ment des convergences qui se cr\u00e9ent et des logiques similaires.\u00a0\u00bb<br \/>\n\u00ab\u00a0On ne peut rien tout seul. C\u2019est pas seulement des m\u00e9dias qu\u2019il faut sauver et qu\u2019il faut faire vivre. C\u2019est tout un \u00e9cosyst\u00e8me de la presse ind\u00e9pendante qu\u2019il faut contribuer \u00e0 d\u00e9velopper et \u00e0 consolider.\u00a0\u00bb<br \/>\n\u00ab\u00a0Il y a beaucoup de m\u00e9dias ind\u00e9pendants qui sont fragiles et isol\u00e9s. Il nous faut r\u00e9fl\u00e9chir \u00e0 des logiques de mutualisation et de consolidation collectives si l\u2019on veut contrebalancer la presse qui n\u2019est pas ind\u00e9pendante.\u00a0\u00bb<\/p>\n<p><em>\u00a0<strong>Sur Vincent Bollor\u00e9 et les m\u00e9dias\u00a0<\/em>\u00a0<\/strong><br \/>\n\u00ab\u00a0Bollor\u00e9 s\u2019est acharn\u00e9 sur Bastamag. Il nous a fait beaucoup de proc\u00e8s qu\u2019on a gagn\u00e9 en appel ou en Cassation.\u00a0C\u2019est tr\u00e8s r\u00e9v\u00e9lateur de ce dont peut \u00eatre capable Bollor\u00e9 : c\u2019est-\u00e0-dire un acharnement pour faire taire la presse &#8211; parce qu\u2019on a enqu\u00eat\u00e9 sur ses affaires en Afrique ou en Asie. \u00bb<br \/>\n\u00ab\u00a0Beaucoup de m\u00e9dias et de journalistes ont eu affaire \u00e0 Bollor\u00e9 : c\u2019est un m\u00e9pris vis-\u00e0-vis de la presse et du travail des journalistes. C\u2019est tr\u00e8s symptomatique du regard qu\u2019il porte sur le d\u00e9bat d\u00e9mocratique.\u00a0\u00bb<br \/>\n\u00ab\u00a0Le fait que Bollor\u00e9 se soit lanc\u00e9 dans du rachat des m\u00e9dias participe d\u2019une volont\u00e9 d\u2019influence et d\u2019ing\u00e9rence dans les d\u00e9bats (\u2026). Ce qui est encore plus probl\u00e9matique c\u2019est que sa conception de la presse est tr\u00e8s inqui\u00e9tante : il a un agenda id\u00e9ologique qui n\u2019est plus cach\u00e9 et qui est compl\u00e8tement r\u00e9v\u00e9l\u00e9. Son agenda politique est ouvertement x\u00e9nophobe et raciste.\u00a0\u00bb<\/p>\n<p><em>\u00a0<strong>Sur l\u2019appel pour une presse ind\u00e9pendante\u00a0<\/em>\u00a0<\/strong><br \/>\n\u00ab\u00a0L\u2019appel a \u00e9t\u00e9 lanc\u00e9 par le fonds pour la presse libre qui vise \u00e0 soutenir et \u00e0 renforcer l\u2019\u00e9cosyst\u00e8me de la presse ind\u00e9pendante, lanc\u00e9 \u00e0 l\u2019initiative de Mediapart.\u00a0\u00bb<br \/>\n\u00ab\u00a0Ce fonds distribue des fonds \u00e0 des m\u00e9dias ind\u00e9pendants sous forme de subventions et de pr\u00eats.\u00a0\u00bb<br \/>\n\u00ab On a un probl\u00e8me aujourd\u2019hui puisque ce sont les plus gros m\u00e9dias qui touchent le plus d\u2019argent public &#8211; surtout quand ils sont la propri\u00e9t\u00e9 de milliardaires.\u00a0\u00bb<br \/>\n\u00ab Le syst\u00e8me des aides \u00e0 la presse est \u00e0 revoir compl\u00e8tement. Il est tr\u00e8s archa\u00efque. Il est difficile de le remettre en cause parce que les principaux b\u00e9n\u00e9ficiaires n\u2019ont pas envie que ces aides soient remises en cause.\u00a0\u00bb<\/p>\n<p><em>\u00a0<strong>Sur l&#8217;appel \u00e0 souscription<\/em>\u00a0<\/strong><br \/>\n\u00ab\u00a0On s\u2019est pos\u00e9 la question de rester un hebdomadaire mais pour l\u2019instant on souhaite le rester.\u00a0\u00bb<br \/>\n\u00ab\u00a0On a r\u00e9fl\u00e9chi \u00e0 produire des articles plus sur du temps long, faire des grands entretiens\u2026 Nos lecteurs sont tr\u00e8s attach\u00e9s au fait que l\u2019on puisse expliquer la complexit\u00e9 du monde dans un moment o\u00f9 on a souvent des positions de surplomb faites principalement de commentaires.\u00a0\u00bb<br \/>\n\u00ab\u00a0Pour la premi\u00e8re fois depuis longtemps, nos abonnements commencent \u00e0 r\u00e9augmenter.\u00a0Il faudrait que l\u2019on regagne 2000 abonn\u00e9s pour retrouver un \u00e9quilibre et une certaine s\u00e9r\u00e9nit\u00e9.\u00a0\u00bb<br \/>\n\u00ab\u00a0Oui, Politis peut dispara\u00eetre : c\u2019est avec beaucoup de gravit\u00e9 que l\u2019on lance notre appel. On n\u2019a que quelques mois de tr\u00e9sorerie donc si on ne r\u00e9ussit pas \u00e0 r\u00e9colter des fonds d\u2019ici la pr\u00e9sidentielle, on disparaitra.\u00a0\u00bb<div id='gallery-1' class='gallery galleryid-13241 gallery-columns-3 gallery-size-thumbnail'><figure class='gallery-item'>\n\t\t\t<div class='gallery-icon landscape'>\n\t\t\t\t<a href='https:\/\/archives.regards.fr\/wp-content\/uploads\/2021\/11\/capture_d_e_cran_2021-11-18_a_13-be6.58.12.png'><img loading=\"lazy\" decoding=\"async\" width=\"150\" height=\"150\" src=\"https:\/\/archives.regards.fr\/wp-content\/uploads\/2021\/11\/capture_d_e_cran_2021-11-18_a_13-be6.58.12-150x150.png\" class=\"attachment-thumbnail size-thumbnail\" alt=\"capture_d_e_cran_2021-11-18_a_13.58.12.png\" \/><\/a>\n\t\t\t<\/div><\/figure>\n\t\t<\/div>\n<\/p>\n","protected":false},"excerpt":{"rendered":"<p>Alors que la presse et notamment la presse ind\u00e9pendante est menac\u00e9e, que l\u2019empire Bollor\u00e9 \u00e9tend son influence dans les m\u00e9dias et l\u2019\u00e9dition, l\u2019hebdomadaire Politis, 33 ans, pourrait disparaitre du paysage m\u00e9diatique. Sa r\u00e9daction lance une campagne de souscription pour se relever. Agn\u00e8s Rousseau, directrice de Politis, est l\u2019invit\u00e9e de #LaMidinale.<\/p>\n","protected":false},"author":1039,"featured_media":31163,"comment_status":"open","ping_status":"open","sticky":false,"template":"","format":"standard","meta":{"_themeisle_gutenberg_block_has_review":false,"footnotes":""},"categories":[238],"tags":[293],"class_list":["post-13241","post","type-post","status-publish","format-standard","has-post-thumbnail","hentry","category-la-midinale","tag-entretien"],"_links":{"self":[{"href":"https:\/\/archives.regards.fr\/index.php?rest_route=\/wp\/v2\/posts\/13241","targetHints":{"allow":["GET"]}}],"collection":[{"href":"https:\/\/archives.regards.fr\/index.php?rest_route=\/wp\/v2\/posts"}],"about":[{"href":"https:\/\/archives.regards.fr\/index.php?rest_route=\/wp\/v2\/types\/post"}],"author":[{"embeddable":true,"href":"https:\/\/archives.regards.fr\/index.php?rest_route=\/wp\/v2\/users\/1039"}],"replies":[{"embeddable":true,"href":"https:\/\/archives.regards.fr\/index.php?rest_route=%2Fwp%2Fv2%2Fcomments&post=13241"}],"version-history":[{"count":0,"href":"https:\/\/archives.regards.fr\/index.php?rest_route=\/wp\/v2\/posts\/13241\/revisions"}],"wp:featuredmedia":[{"embeddable":true,"href":"https:\/\/archives.regards.fr\/index.php?rest_route=\/wp\/v2\/media\/31163"}],"wp:attachment":[{"href":"https:\/\/archives.regards.fr\/index.php?rest_route=%2Fwp%2Fv2%2Fmedia&parent=13241"}],"wp:term":[{"taxonomy":"category","embeddable":true,"href":"https:\/\/archives.regards.fr\/index.php?rest_route=%2Fwp%2Fv2%2Fcategories&post=13241"},{"taxonomy":"post_tag","embeddable":true,"href":"https:\/\/archives.regards.fr\/index.php?rest_route=%2Fwp%2Fv2%2Ftags&post=13241"}],"curies":[{"name":"wp","href":"https:\/\/api.w.org\/{rel}","templated":true}]}}