{"id":13240,"date":"2021-11-17T13:26:14","date_gmt":"2021-11-17T12:26:14","guid":{"rendered":"https:\/\/wp.muchomaas.com\/article-le-discours-des-reacs-traduit-une-crise-profonde-du-capital-culturel-de\/"},"modified":"2023-06-24T00:21:30","modified_gmt":"2023-06-23T22:21:30","slug":"article-le-discours-des-reacs-traduit-une-crise-profonde-du-capital-culturel-de","status":"publish","type":"post","link":"https:\/\/archives.regards.fr\/?p=13240","title":{"rendered":"\u00ab Le discours des r\u00e9acs traduit une crise profonde du capital culturel de certaines \u00e9lites \u00bb"},"content":{"rendered":"<p class=\"post_excerpt\">Les r\u00e9acs ont-ils gagn\u00e9 la bataille pour l\u2019h\u00e9g\u00e9monie culturelle ? Pas encore tout \u00e0 fait mais \u00e7a fait maintenant plus de 40 ans qu\u2019ils labourent le terrain de leurs id\u00e9es conservatrice. On en parle dans #LaMidinale avec Fr\u00e9d\u00e9rique Matonti, enseignante en sciences politiques \u00e0 Paris-I Panth\u00e9on-Sorbonne et autrice de <em>Comment sommes-nous devenus r\u00e9acs ?<\/em> aux \u00e9ditions Fayard.<\/p>\n<h2>UNE MIDINALE \u00c0 VOIR&#8230;<\/h2>\n<p><iframe loading=\"lazy\" width=\"490\" height=\"276\" src=\"https:\/\/www.youtube.com\/embed\/0XI1lwDR-gs\" title=\"YouTube video player\" frameborder=\"0\" allow=\"accelerometer; autoplay; clipboard-write; encrypted-media; gyroscope; picture-in-picture\" allowfullscreen><\/iframe><\/p>\n<p>&nbsp;<\/p>\n<p><h2>ET \u00c0 LIRE&#8230;<\/h2>\n<p><em>\u00a0<strong>Qu\u2019est-ce qu\u2019\u00eatre r\u00e9actionnaire ?<\/em>\u00a0<\/strong><br \/>\n\u00ab\u00a0Etre r\u00e9ac, c\u2019est vouloir revenir en arri\u00e8re c\u2019est-\u00e0-dire id\u00e9aliser un pass\u00e9 qui souvent n\u2019a jamais exist\u00e9.\u00a0\u00bb<br \/>\n\u00ab\u00a0Quand on regarde le discours des r\u00e9acs actuels, il y a la dimension sexiste, refus de l\u2019antiracisme qualifi\u00e9 de racisme, le fait de s\u2019\u00e9lever contre tous les mouvements d\u2019action collective type #metoo. Mais c\u2019est aussi \u00eatre, presque de mani\u00e8re anecdotique, contre l\u2019\u00e9criture inclusive ou dire que le niveau baisse continument ou que les Fran\u00e7ais vivent au-dessus de leurs moyens.\u00a0\u00bb<br \/>\n\u00ab\u00a0Toute nouvelle demande de droits par des minorit\u00e9s est consid\u00e9r\u00e9e comme absolument insupportable.\u00a0\u00bb<br \/>\n\u00ab\u00a0Le \u201cnous\u201d du Comment sommes-nous devenus r\u00e9acs ?, c\u2019est principalement le nous de la droite, de l\u2019extr\u00eame droite et d\u2019une partie de la gauche qui est incapable d\u2019avoir un discours face aux positions r\u00e9actionnaires.\u00a0\u00bb<br \/>\n\u00ab\u00a0Si l\u2019on prend l\u2019offensive autour de la suppos\u00e9e cancel culture ou des wokes, la gauche, au lieu d\u2019avoir un discours offensif, tient un discours d\u00e9fensif quand elle ne reprend pas les propositions de droite sur la question. Pourtant, \u00eatre woke, c\u2019est simplement \u00eatre \u00e9veill\u00e9 sur les questions de discriminations.\u00a0\u00bb<\/p>\n<p><em>\u00a0<strong>Sur l\u2019h\u00e9g\u00e9monie culturelle de la gauche jusque dans les ann\u00e9es 1970<\/em>\u00a0<\/strong><br \/>\n\u00ab\u00a0Dans les ann\u00e9es 1970, les valeurs qui permettent \u00e0 la gauche partisane de construire un bloc h\u00e9g\u00e9monique qui va gagner des \u00e9lections, ce sont les valeurs d\u2019\u00e9galit\u00e9, de redistribution, de modifications de l\u2019\u00e9conomie avec \u00e9ventuellement une sortie du capitalisme. Du point de vue culturel, il y avait une attention particuli\u00e8re \u00e0 toutes les innovations dans le th\u00e9\u00e2tre ou la litt\u00e9rature.\u00a0\u00bb<br \/>\n\u00ab\u00a0Je n\u2019id\u00e9alise pas cette h\u00e9g\u00e9monie de la gauche : certains ont pu d\u00e9fendre le r\u00e9gime cambodgien ou les d\u00e9buts de la r\u00e9volution iranienne.\u00a0\u00bb<\/p>\n<p><em>\u00a0<strong>Sur l\u2019\u00e9laboration de la pens\u00e9e r\u00e9actionnaire \u00e0 la fin des ann\u00e9es 1980<\/em>\u00a0<\/strong><br \/>\n\u00ab\u00a0Pour qu\u2019un livre est un impact, il faut qu\u2019il soit repris par la presse. C\u2019est le cas de La d\u00e9faite de la pens\u00e9e d\u2019Alain Finkielkraut en 1987, tr\u00e8s bien accueilli par le Monde.\u00a0Il faut aussi qu\u2019il y ait des reprises de plus en plus violentes de ses th\u00e8mes.\u00a0\u00bb<br \/>\n\u00ab\u00a0En 1987, la gauche a perdu les l\u00e9gislatives mais Fran\u00e7ois Mitterrand est toujours pr\u00e9sident et son ministre Jack Lang a eu une politique culturelle extr\u00eamement ambitieuse qui s\u2019est int\u00e9ress\u00e9e \u00e0 des sujets auxquels on ne s\u2019int\u00e9ressait pas comme le clip, la BD, le hip hop. Alain Finkielkraut prend cela comme une atteinte \u00e0 la culture l\u00e9gitime.\u00a0Mais il n\u2019est pas le seul : il y a beaucoup de livres \u00e0 l\u2019\u00e9poque. \u00bb<br \/>\n\u00ab\u00a0La fin des ann\u00e9es 1980, c\u2019est aussi le moment des grandes op\u00e9rations antiracistes autour de SOS Racisme. Et, dans La d\u00e9faite de la pens\u00e9e, il y a aussi de la part d\u2019Alain Finkielkraut, une d\u00e9nonciation virulente du jeunisme, de l\u2019antiracisme per\u00e7u comme du multiculturalisme.\u00a0\u00bb<br \/>\n\u00ab\u00a0Quelques ann\u00e9es plus tard, Alain Finkielkraut durcit encore son discours qui revient \u00e0 expliquer que les vrais responsables du racisme, ce ne sont pas les racistes ou les partis racistes comme le Front national, mais les antiracistes qui stigmatisent ceux qui ne pensent pas comme eux.\u00a0\u00bb<br \/>\n\u00ab\u00a0Il faut aussi mettre en lumi\u00e8re le r\u00f4le de la revue Le D\u00e9bat dans l&#8217;importation des pol\u00e9miques \u00e9tasunienne sans aucune pr\u00e9caution.\u00a0\u00bb<br \/>\n\u00ab\u00a0Il y a quelque chose de l\u2019ordre de la crise du capital culturel des \u00e9lites. Alain Finkielkraut et d\u2019autres se sentent d\u00e9pass\u00e9s dans un monde o\u00f9 les dipl\u00f4mes ne donnent plus des places aussi assur\u00e9es que 15 ans auparavant.\u00a0\u00bb<br \/>\n\u00ab\u00a0Alain Finkielkraut s\u2019est enferm\u00e9 dans un personnage de la d\u00e9ploration de tout, jusqu\u2019aux choses les plus singuli\u00e8res, par exemple les expositions de photos sur les grilles du jardin du Luxembourg.\u00a0\u00bb<br \/>\n\u00ab\u00a0Je ne suis pas s\u00fbre que les classes populaires soient tr\u00e8s pr\u00e9occup\u00e9es par ce dont on leur parle comme la cancel culture ou la woke culture. C\u2019est circonscrit \u00e0 un espace m\u00e9diatique et politique. Mais c\u2019est un air du temps difficile \u00e0 combattre.\u00a0\u00bb<\/p>\n<p><em>\u00a0<strong>Sur les offensives r\u00e9actionnaires<\/em>\u00a0<\/strong><br \/>\n\u00ab\u00a0Quand on parle de l\u2019\u00e9criture inclusive, arrivent des fake news comme le fait que l\u2019on mettrait des mauvaises notes aux \u00e9tudiants qui ne l\u2019emploieraient pas. Le probl\u00e8me de l\u2019universit\u00e9 ou de l\u2019\u00e9ducation nationale, ce n\u2019est pas de savoir si on va pouvoir employer iel\u2026 C\u2019est le manque de moyens ou le grand nombre d\u2019\u00e9tudiants le probl\u00e8me.\u00a0\u00bb<br \/>\n\u00ab\u00a0L\u2019offensive sur l\u2019islamogauchisme a \u00e9t\u00e9 lanc\u00e9e au moment du second confinement, c\u2019est-\u00e0-dire o\u00f9 une partie des \u00e9tudiants connaissaient une grande pr\u00e9carit\u00e9.\u00a0\u00bb<br \/>\n\u00ab\u00a0Il faut d\u00e9construire ce qui est racont\u00e9, le r\u00e9cit parano\u00efaque des choses.\u00a0\u00bb<br \/>\n\u00ab\u00a0Il ne faut pas oublier que cela s\u2019inscrit dans une guerre culturelle : tout cela n\u2019est que la reprise des d\u00e9bats \u00e9tasuniens venus de la droite trumpiste repris en France.\u00a0\u00bb<\/p>\n<p><em>\u00a0<strong>Sur la diffusion des id\u00e9es par la t\u00e9l\u00e9vision et les r\u00e9seaux sociaux<\/em>\u00a0<\/strong><br \/>\n\u00ab\u00a0Mon bouquin est parti de mon exasp\u00e9ration vis-\u00e0-vis de la t\u00e9l\u00e9vision c\u2019est-\u00e0-dire de me retrouver \u00e0 zapper sur les chaines d\u2019info et de m\u2019apercevoir du nombre de chroniqueurs, journalistes ou faux experts qui avaient envahi les plateaux et qui tenaient ces discours r\u00e9actionnaires.\u00a0\u00bb<br \/>\n\u00ab\u00a0Le probl\u00e8me des cha\u00eenes de t\u00e9l\u00e9 en continu, c\u2019est qu\u2019elles ont besoin de produire de l\u2019info en continu et de faire du buzz, c\u2019est-\u00e0-dire du scandale, car c\u2019est e qui alimente le clic sur les r\u00e9seaux sociaux.\u00a0\u00bb<br \/>\n\u00ab\u00a0Un discours patient de reconstruction de l\u2019anath\u00e8me contre le politiquement correct, \u00e7a ne fait pas de buzz.\u00a0Donc les cha\u00eenes de t\u00e9l\u00e9 ont tout int\u00e9r\u00eat \u00e0 avoir des types comme Eric Zemmour.\u00a0\u00bb<br \/>\n\u00ab\u00a0Ce qui m\u2019inqui\u00e8te, c\u2019est que cela ne s\u2019arr\u00eate pas aux cha\u00eenes d\u2019information en continu : progressivement, ces gens qui viennent de Valeurs Actuelles, de Causeur, d\u2019Atlantico ou du Figaro Vox gagnent de plus d\u2019espace, notamment dans des m\u00e9dias mainstream.\u00a0Conf\u00e8rent la mani\u00e8re dont Europe 1 a \u00e9t\u00e9 litt\u00e9ralement phagocyt\u00e9 par Vincent Bollor\u00e9 et la fa\u00e7on dont France inter, dans la perspective de la pr\u00e9sidentielle qui vient, a donn\u00e9 des chroniques \u00e0 Alexandre Devecchio et \u00e0 Natacha Polony pour soi-disant faire du pluralisme alors qu\u2019ils sont d\u00e9j\u00e0 partout. \u00bb<br \/>\n\u00ab\u00a0Les r\u00e9seaux sociaux, on y trouve le pire comme le meilleur.\u00a0\u00bb<\/p>\n<p><em>\u00a0<strong>Sur les d\u00e9faites dans la bataille pour l\u2019h\u00e9g\u00e9monie culturelle<\/em>\u00a0<\/strong><br \/>\n\u00ab\u00a0Les f\u00e9ministes ne perdent pas : dans les nouvelles g\u00e9n\u00e9rations, il y a une conscience f\u00e9ministe importante. On le voit avec #metoo qui gagne l\u2019ensemble des espaces sociaux.\u00a0\u00bb<br \/>\n\u00ab\u00a0De m\u00eame, la conscience \u00e9cologiste est de plus en plus pr\u00e9sente dans les nouvelles g\u00e9n\u00e9rations.\u00a0\u00bb<br \/>\n\u00ab\u00a0Sur l\u2019antiracisme, on a plus de mal \u00e0 faire co\u00efncider une vieille image de l\u2019antiracisme tr\u00e8s universaliste type SOS Racisme et une image qui prend plus en compte les probl\u00e8mes des cit\u00e9s et des banlieues type la V\u00e9rit\u00e9 pour Adama.\u00a0\u00bb<\/p>\n<p><em>\u00a0<strong>Sur les partis politiques<\/em>\u00a0<\/strong><br \/>\n\u00ab\u00a0Le probl\u00e8me, c\u2019est que les partis politiques ont de moins en moins de rapport avec les intellectuels. Ils n\u2019attendent plus que des experts qui leur fassent des notes pr\u00eates \u00e0 \u00eatre dig\u00e9r\u00e9es. Leur bonne forme, c\u2019est le think tank avec des hauts fonctionnaires, c\u2019est-\u00e0-dire des gens qui ont des fonctions pratiques plut\u00f4t que des intellectuels.\u00a0\u00bb<br \/>\n\u00ab\u00a0Les partis ont aussi une vraie m\u00e9fiance vis-\u00e0-vis des sciences humaines et sociales : la mani\u00e8re dont Emmanuel Macron parle de l\u2019intersectionnalit\u00e9 prouve qu\u2019il a eu une mauvaise fiche.\u00a0\u00bb<br \/>\n\u00ab\u00a0Les intellectuels ont aussi une d\u00e9fiance tr\u00e8s forte vis-\u00e0-vis des politiques.\u00a0Ils ne veulent pas mettre les mains dans le cambouis.\u00a0\u00bb<br \/>\n\u00ab\u00a0Les partis font toujours du porte-\u00e0-porte mais l\u2019essentiel du travail, c\u2019est d\u2019abord h\u00e9las les \u00e9l\u00e9ments de langage et la petite phrase qui va pouvoir \u00eatre reprise au journal t\u00e9l\u00e9vis\u00e9 de 20h.\u00a0\u00bb<div id='gallery-1' class='gallery galleryid-13240 gallery-columns-3 gallery-size-thumbnail'><figure class='gallery-item'>\n\t\t\t<div class='gallery-icon landscape'>\n\t\t\t\t<a href='https:\/\/archives.regards.fr\/wp-content\/uploads\/2021\/11\/capture_d_e_cran_2021-11-17_a_12-7dd.42.31.png'><img loading=\"lazy\" decoding=\"async\" width=\"150\" height=\"150\" src=\"https:\/\/archives.regards.fr\/wp-content\/uploads\/2021\/11\/capture_d_e_cran_2021-11-17_a_12-7dd.42.31-150x150.png\" class=\"attachment-thumbnail size-thumbnail\" alt=\"capture_d_e_cran_2021-11-17_a_12.42.31.png\" \/><\/a>\n\t\t\t<\/div><\/figure>\n\t\t<\/div>\n<\/p>\n","protected":false},"excerpt":{"rendered":"<p>Les r\u00e9acs ont-ils gagn\u00e9 la bataille pour l\u2019h\u00e9g\u00e9monie culturelle ? Pas encore tout \u00e0 fait mais \u00e7a fait maintenant plus de 40 ans qu\u2019ils labourent le terrain de leurs id\u00e9es conservatrice. On en parle dans #LaMidinale avec Fr\u00e9d\u00e9rique Matonti, enseignante en sciences politiques \u00e0 Paris-I Panth\u00e9on-Sorbonne et autrice de <em>Comment sommes-nous devenus r\u00e9acs ?<\/em> aux \u00e9ditions Fayard.<\/p>\n","protected":false},"author":1204,"featured_media":31161,"comment_status":"open","ping_status":"open","sticky":false,"template":"","format":"standard","meta":{"_themeisle_gutenberg_block_has_review":false,"footnotes":""},"categories":[238],"tags":[293],"class_list":["post-13240","post","type-post","status-publish","format-standard","has-post-thumbnail","hentry","category-la-midinale","tag-entretien"],"_links":{"self":[{"href":"https:\/\/archives.regards.fr\/index.php?rest_route=\/wp\/v2\/posts\/13240","targetHints":{"allow":["GET"]}}],"collection":[{"href":"https:\/\/archives.regards.fr\/index.php?rest_route=\/wp\/v2\/posts"}],"about":[{"href":"https:\/\/archives.regards.fr\/index.php?rest_route=\/wp\/v2\/types\/post"}],"author":[{"embeddable":true,"href":"https:\/\/archives.regards.fr\/index.php?rest_route=\/wp\/v2\/users\/1204"}],"replies":[{"embeddable":true,"href":"https:\/\/archives.regards.fr\/index.php?rest_route=%2Fwp%2Fv2%2Fcomments&post=13240"}],"version-history":[{"count":0,"href":"https:\/\/archives.regards.fr\/index.php?rest_route=\/wp\/v2\/posts\/13240\/revisions"}],"wp:featuredmedia":[{"embeddable":true,"href":"https:\/\/archives.regards.fr\/index.php?rest_route=\/wp\/v2\/media\/31161"}],"wp:attachment":[{"href":"https:\/\/archives.regards.fr\/index.php?rest_route=%2Fwp%2Fv2%2Fmedia&parent=13240"}],"wp:term":[{"taxonomy":"category","embeddable":true,"href":"https:\/\/archives.regards.fr\/index.php?rest_route=%2Fwp%2Fv2%2Fcategories&post=13240"},{"taxonomy":"post_tag","embeddable":true,"href":"https:\/\/archives.regards.fr\/index.php?rest_route=%2Fwp%2Fv2%2Ftags&post=13240"}],"curies":[{"name":"wp","href":"https:\/\/api.w.org\/{rel}","templated":true}]}}