{"id":13234,"date":"2021-11-15T14:02:39","date_gmt":"2021-11-15T13:02:39","guid":{"rendered":"https:\/\/wp.muchomaas.com\/article-fabien-roussel-vient-du-peuple-il-parle-sans-tabou-de-ce-qui-touche-le\/"},"modified":"2023-06-24T00:21:20","modified_gmt":"2023-06-23T22:21:20","slug":"article-fabien-roussel-vient-du-peuple-il-parle-sans-tabou-de-ce-qui-touche-le","status":"publish","type":"post","link":"https:\/\/archives.regards.fr\/?p=13234","title":{"rendered":"\u00ab Fabien Roussel vient du peuple : il parle sans tabou de ce qui touche le quotidien des Fran\u00e7ais \u00bb"},"content":{"rendered":"<p class=\"post_excerpt\">\u00c0 six mois de l\u2019\u00e9lection pr\u00e9sidentielle, le candidat du Parti communiste est cr\u00e9dit\u00e9 de 2% des intentions de vote. D\u2019o\u00f9 pourrait venir le sursaut ? On en parle dans #LaMidinale avec L\u00e9on Deffontaines, porte-parole de Fabien Roussel.<\/p>\n<h2>UNE MIDINALE \u00c0 VOIR&#8230;<\/h2>\n<p><iframe loading=\"lazy\" width=\"490\" height=\"276\" src=\"https:\/\/www.youtube.com\/embed\/_0-YQzJrSs8\" title=\"YouTube video player\" frameborder=\"0\" allow=\"accelerometer; autoplay; clipboard-write; encrypted-media; gyroscope; picture-in-picture\" allowfullscreen><\/iframe><\/p>\n<p>&nbsp;<\/p>\n<p><h2>ET \u00c0 LIRE&#8230;<\/h2>\n<p><em> <strong>Sur la crise migratoire aux fronti\u00e8res de l&#8217;Europe<\/strong> <\/em><br \/>\n\u00ab Ces images sont insupportables. On voit des milliers de femmes et d&#8217;hommes, beaucoup d&#8217;enfants, aux fronti\u00e8res de l&#8217;Union europ\u00e9enne qui sont dans des situations catastrophiques, dans le froid, d\u00e8s fois sans nourriture. On ne peut supporter ces images. Encore plus quand on se veut une terre d&#8217;accueil d\u00e9fendant les droits de l&#8217;homme. \u00bb<br \/>\n\u00ab Il faut mener une politique d&#8217;accueil \u00e0 l&#8217;\u00e9chelle europ\u00e9enne pour leur permettre de vivre dignement. \u00bb<br \/>\n\u00ab Il faut leur donner des cours de fran\u00e7ais si ce n&#8217;est pas leur langue maternelle, leur permettre de trouver une formation, un emploi, pour qu&#8217;ils puissent participer \u00e0 l&#8217;effort collectif, \u00e0 la nation. D&#8217;ailleurs, ils y participent d\u00e9j\u00e0 mais, on le voit, ils acceptent beaucoup de boulots que les Fran\u00e7ais n&#8217;acceptent pas, ils sont surexploit\u00e9s et vivent dans des situations indignes. \u00bb<br \/>\n\u00ab On ferme les yeux et on laisse se d\u00e9t\u00e9riorer des situations. La France n&#8217;est pas du tout \u00e0 la hauteur. \u00bb<\/p>\n<p><em> <strong>Sur le malaise \u00e0 gauche concernant l&#8217;immigration<\/strong> <\/em><br \/>\n\u00ab On l&#8217;a vu avec l&#8217;intervention de Jean-Luc M\u00e9lenchon, qui a fait de la langue de bois, qui n&#8217;a pas r\u00e9pondu aux questions du journaliste pour savoir s&#8217;il fallait accueillir les migrants en France. Quand on est de gauche, on est avant tout humaniste et, dans ce cas-l\u00e0, la question ne se pose pas. Bien s\u00fbr qu&#8217;il faut les accueillir dignement. \u00bb<\/p>\n<p><strong> <em>Sur Fabien Roussel d\u00e9clarant qu&#8217;il faut expulser les \u00e9trangers d\u00e9bout\u00e9s du droit d&#8217;asile<\/em><br \/>\n\u00ab Il y est revenu. Il faut regarder au cas par cas. \u00bb<br \/>\n\u00ab La r\u00e9alit\u00e9 est radicalement diff\u00e9rente, aujourd&#8217;hui on est face \u00e0 une urgence humanitaire. \u00bb<\/p>\n<p><em> <strong>Sur le nucl\u00e9aire<\/strong> <\/em><br \/>\n\u00ab Il faut parler de la production d&#8217;\u00e9nergie et du r\u00e9chauffement climatique sans  <\/strong> dogmatisme. Si on veut que la plan\u00e8te continue d&#8217;\u00eatre habitable, il faut r\u00e9duire notre empreinte carbone. On a deux options : 1\/ sortir du nucl\u00e9aire, investir dans le tout-renouvelable et accepter qu&#8217;il y ait des coupures d&#8217;\u00e9nergies lorsqu&#8217;il n&#8217;y a pas assez de soleil, pas de vent. \u00c7a veut dire que, de temps en temps, l&#8217;h\u00f4pital public est en sous-r\u00e9gime parce que l&#8217;\u00e9lectricit\u00e9 ne fonctionne pas. 2\/ investir dans une \u00e9nergie potable, qui puisse \u00eatre produite \u00e0 longueur de temps et qui soit d\u00e9carbon\u00e9e. \u00c7a veut dire investir dans le nucl\u00e9aire. Nous faisons le choix de cette deuxi\u00e8me option parce que nous pensons qu&#8217;il va falloir augmenter la production \u00e9nerg\u00e9tique. \u00bb<br \/>\n\u00ab Nous avons conscience des dangers du nucl\u00e9aire. La France a les instituts les plus forts au monde. Renfor\u00e7ons-les encore ! Et investissons aussi dans la recherche pour permettre de tendre vers le z\u00e9ro d\u00e9chet. \u00bb<br \/>\n\u00ab Il faut aussi investir massivement dans l&#8217;hydraulique. \u00bb<\/p>\n<p><em> <strong>Sur la sobri\u00e9t\u00e9 et la d\u00e9croissance<\/strong> <\/em><br \/>\n\u00ab Parler de sobri\u00e9t\u00e9 alors qu&#8217;aujourd&#8217;hui on a des milliers de foyers qui ne se chauffent pas parce qu&#8217;ils n&#8217;ont pas les moyens de se chauffer, je trouve que c&#8217;est ind\u00e9cent. \u00bb<br \/>\n\u00ab Il faut regarder comment on am\u00e9liore les rendements : la r\u00e9novation thermiques des b\u00e2timents. Mais la d\u00e9croissance ? Au contraire, on a besoin de construire des h\u00f4pitaux publics, des \u00e9coles, des chemins de fer. On a besoin de grands travaux \u00e9cologiques qui demandent davantage de production. \u00bb<br \/>\n\u00ab La sobri\u00e9t\u00e9 se ferait au d\u00e9triment des pauvres. \u00bb<\/p>\n<p><em> <strong>Sur la proposition du PCF et la candidature de Fabien Roussel<\/strong> <\/em><br \/>\n\u00ab Tout d&#8217;abord, ce qui m&#8217;attire, c&#8217;est la place qu&#8217;il laisse \u00e0 la jeunesse. Il veut en faire une des priorit\u00e9s de sa campagne et, contrairement aux autres forces politiques, il n&#8217;impose pas son programme \u00e0 la jeunesse, il veut construire un pacte avec les jeunes. Il met des revendications sur la table avec l&#8217;id\u00e9e de les travailler, de pouvoir les retirer, en ajouter d&#8217;autres, dans des d\u00e9bats que nous organisons partout en France. \u00bb<\/p>\n<p><em> <strong>Sur l\u2019incarnation du populaire par Fabien Roussel<\/strong> <\/em><br \/>\n\u00ab Fabien Roussel vient du peuple : c\u2019est un gars de Saint-Amand-Les-Eaux dans le Nord. \u00bb<br \/>\n\u00ab La figure de Fabien Roussel renouvelle le personnel politique : on le voit, \u00e7a campagne d\u00e9tonne. \u00bb<br \/>\n\u00ab Fabien Roussel n\u2019a pas de sujet tabou, il peut discuter des aspirations des Fran\u00e7ais, de ce qui touche leur quotidien. Par exemple, la s\u00e9curit\u00e9 n\u2019est pas qu\u2019une question de droite : on la prend \u00e0 bras-le-corps parce que lorsque l\u2019on se balade dans nos villes, que ce soit dans les banlieues de Seine-Saint-Denis ou dans les villes et les villages partout en France, on nous interpelle l\u00e0-dessus. \u00bb<br \/>\n\u00ab Aujourd\u2019hui, il y a un sentiment d\u2019ins\u00e9curit\u00e9 et il faut y r\u00e9pondre. \u00bb<br \/>\n\u00ab Il faut construire une police de proximit\u00e9 capable de r\u00e9pondre aux besoins de la population, c\u2019est-\u00e0-dire avoir un r\u00f4le de pr\u00e9vention et surtout de gardien de la paix et pas juste de r\u00e9pression. \u00bb<\/p>\n<p><em> <strong>Sur les sondages qui cr\u00e9ditent Fabien Roussel de 1 \u00e0 2,5% des intentions de vote<\/strong> <\/em><br \/>\n\u00ab Les sondages \u00e0 6 mois des \u00e9lections pr\u00e9sidentielles &#8211; on l\u2019a vu par le pass\u00e9 &#8211; ont tendance \u00e0 \u00eatre des proph\u00e9ties qui ne se r\u00e9alisent pas. \u00bb<br \/>\n\u00ab On verra \u00e0 partir de janvier parce qu\u2019il y a beaucoup de Fran\u00e7aises et de Fran\u00e7ais qui sont \u00e9loign\u00e9s de la politique et ne savent pas aujourd\u2019hui pour qui voter. Fabien Roussel peut incarner cet espoir pour le peuple de gauche qui n\u2019a plus confiance dans la politique parce que la gauche a trahi et qu\u2019on ne parle plus de leurs besoins, de leurs aspirations ou de leur r\u00e9alit\u00e9. \u00bb<br \/>\n\u00ab Quand la candidature de Fabien Roussel sera connue du grand public &#8211; et cela arrivera vers janvier ou f\u00e9vrier -, je suis persuad\u00e9 que chez beaucoup, cela redonnera envie et espoir dans la politique. \u00bb<\/p>\n<p><em> <strong>Sur la main tendue \u00e0 Arnaud Montebourg et aux autres candidats de gauche<\/strong> <\/em><br \/>\n\u00ab Avec Arnaud Montebourg, notamment sur l\u2019\u00e9nergie ou la r\u00e9industrialisation, nous avons beaucoup de points communs. Mais nous avons aussi des divergences : on l\u2019a vu il y a une semaine sur la question des obligations de quitter le territoire fran\u00e7ais (OQTF) sur laquelle le Parti communiste \u00e9tait en profonde opposition. \u00bb<br \/>\n\u00ab La gauche n&#8217;est pas divis\u00e9e, elle est diverse : il faut respecter cette diversit\u00e9. Chaque candidat peut porter des propositions innovantes et in\u00e9dites. \u00bb<br \/>\n\u00ab Respecter la diversit\u00e9 de la gauche lui permettra de revenir en force en France. \u00bb<br \/>\n\u00ab Nous sommes favorables \u00e0 ce qu\u2019il y ait un pacte pour les \u00e9lections l\u00e9gislatives pour pouvoir \u00e9lire un maximum d\u2019\u00e9lus de la nation progressistes et \u00e9cologistes. \u00bb<br \/>\n\u00ab Il faut que d\u00e8s maintenant les partis politiques \u00e0 l\u2019\u00e9chelle nationale se rencontrent pour pouvoir discuter de chacune des circonscriptions. \u00bb<\/p>\n<p><em> <strong>Et qu\u2019est-ce qu\u2019il va se passer d\u2019ici le 10 avril 2022 pour que la campagne d\u00e9colle ?<\/strong> <\/em><br \/>\n\u00ab Malheureusement, notre syst\u00e8me politique est structur\u00e9 autour d\u2019une \u00e9lection-m\u00e8re : l\u2019\u00e9lection pr\u00e9sidentielle &#8211; que nous d\u00e9non\u00e7ons d\u2019ailleurs car c\u2019est un d\u00e9ni de d\u00e9mocratie \u00e0 plus d\u2019un titre. \u00bb<br \/>\n\u00ab L\u2019\u00e9lection pr\u00e9sidentielle peut \u00eatre un moment o\u00f9 l\u2019on redonne de l\u2019espoir dans la politique \u00e0 celles et ceux qui n\u2019y croient plus. \u00bb<br \/>\n\u00ab On le voit depuis 2-3 mois, il y a une r\u00e9elle dynamique sur le territoire. \u00bb<br \/>\n\u00ab Il faut aller faire du porte-\u00e0-porte pour retrouver le sens de ce qui faisait le peuple de gauche. \u00bb<br \/>\n\u00ab La candidature de Fabien Roussel permet de redonner de l\u2019espoir : nous sommes pr\u00e9sents sur la plupart des march\u00e9s de France et nous faisons du porte-\u00e0-porte. \u00bb<br \/>\n\u00ab La question, c\u2019est \u201cquel rapport de forces nous arriverons \u00e0 construire dans ces \u00e9lections pour que tout au long du quinquennat suivant, nous puissions peser dans la vie politique ?\u201d et ce, peu importe que le pr\u00e9sident de la R\u00e9publique soit de gauche ou de droite. \u00bb<div id='gallery-1' class='gallery galleryid-13234 gallery-columns-3 gallery-size-thumbnail'><figure class='gallery-item'>\n\t\t\t<div class='gallery-icon landscape'>\n\t\t\t\t<a href='https:\/\/archives.regards.fr\/wp-content\/uploads\/2021\/11\/screenshot_2021-11-15_13-39e.57.59.png'><img loading=\"lazy\" decoding=\"async\" width=\"150\" height=\"150\" src=\"https:\/\/archives.regards.fr\/wp-content\/uploads\/2021\/11\/screenshot_2021-11-15_13-39e.57.59-150x150.png\" class=\"attachment-thumbnail size-thumbnail\" alt=\"screenshot_2021-11-15_13.57.59.png\" \/><\/a>\n\t\t\t<\/div><\/figure>\n\t\t<\/div>\n<\/p>\n","protected":false},"excerpt":{"rendered":"<p>\u00c0 six mois de l\u2019\u00e9lection pr\u00e9sidentielle, le candidat du Parti communiste est cr\u00e9dit\u00e9 de 2% des intentions de vote. D\u2019o\u00f9 pourrait venir le sursaut ? On en parle dans #LaMidinale avec L\u00e9on Deffontaines, porte-parole de Fabien Roussel.<\/p>\n","protected":false},"author":1204,"featured_media":31150,"comment_status":"open","ping_status":"open","sticky":false,"template":"","format":"standard","meta":{"_themeisle_gutenberg_block_has_review":false,"footnotes":""},"categories":[238],"tags":[293,515],"class_list":["post-13234","post","type-post","status-publish","format-standard","has-post-thumbnail","hentry","category-la-midinale","tag-entretien","tag-presidentielle-2022"],"_links":{"self":[{"href":"https:\/\/archives.regards.fr\/index.php?rest_route=\/wp\/v2\/posts\/13234","targetHints":{"allow":["GET"]}}],"collection":[{"href":"https:\/\/archives.regards.fr\/index.php?rest_route=\/wp\/v2\/posts"}],"about":[{"href":"https:\/\/archives.regards.fr\/index.php?rest_route=\/wp\/v2\/types\/post"}],"author":[{"embeddable":true,"href":"https:\/\/archives.regards.fr\/index.php?rest_route=\/wp\/v2\/users\/1204"}],"replies":[{"embeddable":true,"href":"https:\/\/archives.regards.fr\/index.php?rest_route=%2Fwp%2Fv2%2Fcomments&post=13234"}],"version-history":[{"count":0,"href":"https:\/\/archives.regards.fr\/index.php?rest_route=\/wp\/v2\/posts\/13234\/revisions"}],"wp:featuredmedia":[{"embeddable":true,"href":"https:\/\/archives.regards.fr\/index.php?rest_route=\/wp\/v2\/media\/31150"}],"wp:attachment":[{"href":"https:\/\/archives.regards.fr\/index.php?rest_route=%2Fwp%2Fv2%2Fmedia&parent=13234"}],"wp:term":[{"taxonomy":"category","embeddable":true,"href":"https:\/\/archives.regards.fr\/index.php?rest_route=%2Fwp%2Fv2%2Fcategories&post=13234"},{"taxonomy":"post_tag","embeddable":true,"href":"https:\/\/archives.regards.fr\/index.php?rest_route=%2Fwp%2Fv2%2Ftags&post=13234"}],"curies":[{"name":"wp","href":"https:\/\/api.w.org\/{rel}","templated":true}]}}