{"id":13233,"date":"2021-11-15T08:55:31","date_gmt":"2021-11-15T07:55:31","guid":{"rendered":"https:\/\/wp.muchomaas.com\/article-la-gauche-cherche-son-peuple-exiles-quel-discours-a-gauche-droite-zemmourisee\/"},"modified":"2023-06-24T00:21:18","modified_gmt":"2023-06-23T22:21:18","slug":"article-la-gauche-cherche-son-peuple-exiles-quel-discours-a-gauche-droite-zemmourisee","status":"publish","type":"post","link":"https:\/\/archives.regards.fr\/?p=13233","title":{"rendered":"#LeD\u00e9brief. La gauche cherche son peuple ? Exil\u00e9s : quel discours \u00e0 gauche ? Droite zemmouris\u00e9e ?"},"content":{"rendered":"<p class=\"post_excerpt\">Chaque dimanche, la r\u00e9daction de <em>Regards<\/em> revient sur les \u00e9v\u00e9nements politiques de la semaine. Avec Catherine Tricot, Pierre Jacquemain et Pablo Pillaud-Vivien. <\/p>\n<p><iframe loading=\"lazy\" width=\"490\" height=\"276\" src=\"https:\/\/www.youtube.com\/embed\/QlT6OypCokc\" title=\"YouTube video player\" frameborder=\"0\" allow=\"accelerometer; autoplay; clipboard-write; encrypted-media; gyroscope; picture-in-picture\" allowfullscreen><\/iframe><div id='gallery-1' class='gallery galleryid-13233 gallery-columns-3 gallery-size-thumbnail'><figure class='gallery-item'>\n\t\t\t<div class='gallery-icon landscape'>\n\t\t\t\t<a href='https:\/\/archives.regards.fr\/wp-content\/uploads\/2021\/11\/le_debrief-8-2c1.png'><img loading=\"lazy\" decoding=\"async\" width=\"150\" height=\"150\" src=\"https:\/\/archives.regards.fr\/wp-content\/uploads\/2021\/11\/le_debrief-8-2c1-150x150.png\" class=\"attachment-thumbnail size-thumbnail\" alt=\"le_debrief-8.png\" \/><\/a>\n\t\t\t<\/div><\/figure>\n\t\t<\/div>\n<\/p>\n","protected":false},"excerpt":{"rendered":"<p>Chaque dimanche, la r\u00e9daction de <em>Regards<\/em> revient sur les \u00e9v\u00e9nements politiques de la semaine. Avec Catherine Tricot, Pierre Jacquemain et Pablo Pillaud-Vivien. <\/p>\n","protected":false},"author":1204,"featured_media":31148,"comment_status":"open","ping_status":"open","sticky":false,"template":"","format":"standard","meta":{"_themeisle_gutenberg_block_has_review":false,"footnotes":""},"categories":[279],"tags":[],"class_list":["post-13233","post","type-post","status-publish","format-standard","has-post-thumbnail","hentry","category-videos"],"_links":{"self":[{"href":"https:\/\/archives.regards.fr\/index.php?rest_route=\/wp\/v2\/posts\/13233","targetHints":{"allow":["GET"]}}],"collection":[{"href":"https:\/\/archives.regards.fr\/index.php?rest_route=\/wp\/v2\/posts"}],"about":[{"href":"https:\/\/archives.regards.fr\/index.php?rest_route=\/wp\/v2\/types\/post"}],"author":[{"embeddable":true,"href":"https:\/\/archives.regards.fr\/index.php?rest_route=\/wp\/v2\/users\/1204"}],"replies":[{"embeddable":true,"href":"https:\/\/archives.regards.fr\/index.php?rest_route=%2Fwp%2Fv2%2Fcomments&post=13233"}],"version-history":[{"count":0,"href":"https:\/\/archives.regards.fr\/index.php?rest_route=\/wp\/v2\/posts\/13233\/revisions"}],"wp:featuredmedia":[{"embeddable":true,"href":"https:\/\/archives.regards.fr\/index.php?rest_route=\/wp\/v2\/media\/31148"}],"wp:attachment":[{"href":"https:\/\/archives.regards.fr\/index.php?rest_route=%2Fwp%2Fv2%2Fmedia&parent=13233"}],"wp:term":[{"taxonomy":"category","embeddable":true,"href":"https:\/\/archives.regards.fr\/index.php?rest_route=%2Fwp%2Fv2%2Fcategories&post=13233"},{"taxonomy":"post_tag","embeddable":true,"href":"https:\/\/archives.regards.fr\/index.php?rest_route=%2Fwp%2Fv2%2Ftags&post=13233"}],"curies":[{"name":"wp","href":"https:\/\/api.w.org\/{rel}","templated":true}]}}