{"id":13232,"date":"2021-11-12T16:21:38","date_gmt":"2021-11-12T15:21:38","guid":{"rendered":"https:\/\/wp.muchomaas.com\/article-quand-on-gere-une-mairie-on-doit-rester-conscient-de-ce-qui-se-passe-sur-l\/"},"modified":"2023-06-24T00:21:18","modified_gmt":"2023-06-23T22:21:18","slug":"article-quand-on-gere-une-mairie-on-doit-rester-conscient-de-ce-qui-se-passe-sur-l","status":"publish","type":"post","link":"https:\/\/archives.regards.fr\/?p=13232","title":{"rendered":"\u00ab Quand on g\u00e8re une mairie, on doit rester conscient de ce qui se passe sur l&#8217;ensemble du territoire \u00bb"},"content":{"rendered":"<p class=\"post_excerpt\">Une centaine de personnes &#8211; dont une trentaine d&#8217;enfants &#8211; ont \u00e9t\u00e9 expuls\u00e9es par la pr\u00e9fecture de police et ont \u00e9t\u00e9 mis \u00e0 l&#8217;abri dans l&#8217;urgence, dans un gymnase de la mairie. Philippe Bouyssou, maire d&#8217;Ivry-sur-Seine, est l&#8217;invit\u00e9 de la Midinale.<\/p>\n<h2>UNE MIDINALE \u00c0 VOIR&#8230;<\/h2>\n<p><iframe loading=\"lazy\" width=\"490\" height=\"276\" src=\"https:\/\/www.youtube.com\/embed\/zhGEztqoI1g\" title=\"YouTube video player\" frameborder=\"0\" allow=\"accelerometer; autoplay; clipboard-write; encrypted-media; gyroscope; picture-in-picture\" allowfullscreen><\/iframe><\/p>\n<p>&nbsp;<\/p>\n<p><h2>ET \u00c0 LIRE&#8230;<\/h2>\n<p><em>\u00a0<strong>Sur l\u2019expulsion des familles d\u2019un squat rue Marceau \u00e0 Ivry<\/em>\u00a0<\/strong><br \/>\n\u00ab\u00a0Les familles occupaient le squat rue Marceau depuis 2017. D\u00e8s leur arriv\u00e9e sur Ivry, on a \u00e9t\u00e9 tout de suite sollicit\u00e9 par les r\u00e9seaux militants et les familles elles-m\u00eames. Et depuis le d\u00e9but, on demande \u00e0 l\u2019Etat d\u2019organiser un diagnostic social c\u2019est-\u00e0-dire conna\u00eetre les familles et leurs besoins.\u00a0\u00bb<br \/>\n\u00ab\u00a0On savait que le propri\u00e9taire allait vouloir r\u00e9cup\u00e9rer l\u2019usage d\u2019un immeuble comme celui-l\u00e0 aux fronti\u00e8res de Paris.\u00a0\u00bb<br \/>\n\u00ab\u00a0Le propri\u00e9taire a r\u00e9ussi \u00e0 faire condamner l\u2019Etat \u00e0 une amende assez forte \u00e0 chaque p\u00e9riode o\u00f9 il n\u2019ex\u00e9cutait pas l\u2019expulsion. L\u2019Etat a donc acc\u00e9l\u00e9r\u00e9 le processus d\u2019expulsion juste avant la tr\u00eave hivernale.\u00a0\u00bb<br \/>\n\u00ab\u00a0On a mis la pression pour qu\u2019une solution d\u2019h\u00e9bergement soit propos\u00e9e \u00e0 chaque famille au moment de l\u2019expulsion. Cela a \u00e9t\u00e9 fait mais dans les conditions que l\u2019on connait : des h\u00e9bergements au 115 refus\u00e9s par les familles.\u00a0\u00bb<br \/>\n\u00ab\u00a0La municipalit\u00e9, apr\u00e8s une petite occupation de l\u2019h\u00f4tel de ville, a ouvert \u00e0 un gymnase parce qu\u2019il fallait bien mettre ces familles \u00e0 l\u2019abri.\u00a0\u00bb<br \/>\n\u00ab\u00a0Comme on n\u2019allait pas faire \u00e9vacuer l\u2019h\u00f4tel de ville par les forces de l\u2019ordre (ce n\u2019est pas dans notre culture &#8211; et l\u2019Etat n\u2019en avait pas envie non plus), on a enfin r\u00e9ussi \u00e0 obtenir qu\u2019un op\u00e9rateur social soit nomm\u00e9 pour pouvoir, h\u00e9las dans de mauvaises conditions car des conditions d\u2019urgence, faire un diagnostic pour trouver des orientations durables et s\u00e9rieuses pour que ces familles puissent faire d\u00e9cemment leur parcours vers le droit commun.\u00a0\u00bb<br \/>\n\u00ab\u00a0Pour pr\u00e9empter, il aurait fallu que l\u2019on soit en capacit\u00e9 d\u2019acheter &#8211; plusieurs millions d\u2019euros qui n\u2019auraient pas \u00e9t\u00e9 pr\u00e9vus par la mairie\u2026\u00a0\u00bb<\/p>\n<p><em>\u00a0<strong>Sur le rapport \u00e0 la loi<\/em>\u00a0<\/strong><br \/>\n\u00ab\u00a0Je suis d\u00e9j\u00e0 souvent hors-la-loi : nombre de personnes sans titre de r\u00e9sidence ont \u00e9t\u00e9 h\u00e9berg\u00e9es dans des \u00e9quipements municipaux. Et heureusement que la justice n\u2019a pas \u00e9t\u00e9 nous chercher comme la justice italienne est all\u00e9e chercher Domenico Lugano, l\u2019ancien maire de Riace en Italie.\u00a0\u00bb<br \/>\n\u00ab\u00a0Il y a au moins 10 bonnes raisons qui auraient pu me conduire devant un tribunal pour aide au s\u00e9jour irr\u00e9gulier de personnes sur le territoire.\u00a0\u00bb<br \/>\n\u00ab\u00a0On a, \u00e0 quelques moments, planqu\u00e9 des personnes dont la situation administrative \u00e9tait inextricable.\u00a0\u00bb<br \/>\n\u00ab\u00a0J\u2019ai \u00e9t\u00e9 le seul maire d\u2019Ile-de-France \u00e0 accepter d\u2019accueillir sur mon territoire un centre d\u2019h\u00e9bergement d\u2019urgence des migrants en lien avec la Ville de Paris sur le site de l\u2019usine des eaux avec 400 places &#8211; o\u00f9 des milliers de familles ont maintenant transit\u00e9.\u00a0\u00bb<br \/>\n\u00ab\u00a0Nos services sociaux, notamment le CCAS, ont d\u00e9couvert tardivement dans le processus des situations de familles qui \u00e9taient sans couverture sociale ou sans AME et on les a accompagn\u00e9es comme on accompagne n\u2019importe quelle famille ivryienne quelle que soit sa situation administrative.\u00a0\u00bb<br \/>\n\u00ab\u00a0A Ivry, on a plus de mille places d\u2019h\u00e9bergement d\u2019urgence.\u00a0\u00bb<\/p>\n<p><em>\u00a0<strong>Sur les possibilit\u00e9s d\u2019une municipalit\u00e9<\/em>\u00a0<\/strong><br \/>\n\u00ab\u00a0Quand on g\u00e8re une collectivit\u00e9 locale, on est confront\u00e9 \u00e0 des probl\u00e8mes de gestion qui te rendent lucide et conscient de l\u2019ensemble de ce qui se passe sur le territoire.\u00a0\u00bb<br \/>\n\u00ab\u00a0A nous tout seuls, \u00e0 Ivry, quelle que soit notre bonne volont\u00e9 politique, on ne va pas y arriver.\u00a0\u00bb<br \/>\n\u00ab\u00a0Le d\u00e9saccord que j\u2019ai avec les squats &#8211; et je sais que les familles n\u2019ont pas le choix que d\u2019\u00eatre l\u00e0, elles ont eu des parcours de migration tr\u00e8s difficiles -, c\u2019est qu\u2019ils peuvent constituer des impasses du point de vue de l\u2019accompagnement individuel des personnes.\u00a0\u00bb<br \/>\n\u00ab\u00a0On pourrait se dire que, lorsqu\u2019il y a un squat, on vient avec nos \u00e9charpes d\u2019\u00e9lus et on emp\u00eache les CRS de les virer. Sauf qu\u2019on les laisse l\u00e0 et personne ne s\u2019en occupe vraiment.\u00a0\u00bb<br \/>\n\u00ab\u00a0Je me bats pour que partout o\u00f9 il y a de la pr\u00e9carit\u00e9, on d\u00e9signe des op\u00e9rateurs sociaux professionnels qui accompagnent individuellement les familles.\u00a0\u00bb<br \/>\n\u00ab\u00a0J\u2019ai beaucoup de respect pour les militants [qui aident les r\u00e9fugi\u00e9s] parce que l\u2019on partage les m\u00eames valeurs et on a les m\u00eames engagements. Mais ils ne vivent pas dans les m\u00eames conditions que les familles : ils ont des capacit\u00e9s d\u2019insertion, des perspectives\u2026\u00a0\u00bb<br \/>\n\u00ab\u00a0La ville n\u2019a pas les moyens de payer des op\u00e9rateurs sociaux chaque fois qu\u2019il y a un squat.\u00a0\u00bb<br \/>\n\u00ab\u00a0Le probl\u00e8me, c\u2019est que l\u2019on s\u2019adresse toujours du point de fixation le plus proche, c\u2019est-\u00e0-dire les villes. Plut\u00f4t que d\u2019envahir la mairie d\u2019Ivry, il vaut mieux aller envahir la pr\u00e9fecture parce que c\u2019est l\u00e0 que les d\u00e9cisions se prennent.\u00a0\u00bb<br \/>\n\u00ab\u00a0Une ville, si elle veut \u00eatre \u00e9quitable dans l\u2019ensemble des situations qu\u2019elle traite sur son territoire, ses moyens sont forc\u00e9ment limit\u00e9s.\u00a0\u00bb<br \/>\n\u00ab\u00a0On a environ 5.000 demandeurs de logements sociaux \u00e0 Ivry : si je leur dis que je vais saisir 10 ou 20 appartements dans le patrimoine social pour les donner \u00e0 des familles qui squattaient, quel message je renvoie ? Je casse la solidarit\u00e9, l\u2019\u00e9quit\u00e9 de r\u00e9ponse et je prends le risque de mettre les pr\u00e9carit\u00e9s et les souffrances en concurrence.\u00a0\u00bb<br \/>\n\u00ab\u00a0Les \u00e9lus locaux sont les seuls \u00e0 \u00eatre vraiment au contact des gens et \u00e0 recevoir toute leur souffrance.\u00a0\u00bb<div id='gallery-1' class='gallery galleryid-13232 gallery-columns-3 gallery-size-thumbnail'><figure class='gallery-item'>\n\t\t\t<div class='gallery-icon landscape'>\n\t\t\t\t<a href='https:\/\/archives.regards.fr\/wp-content\/uploads\/2021\/11\/capture_d_e_cran_2021-11-12_a_15-b63.45.47.png'><img loading=\"lazy\" decoding=\"async\" width=\"150\" height=\"150\" src=\"https:\/\/archives.regards.fr\/wp-content\/uploads\/2021\/11\/capture_d_e_cran_2021-11-12_a_15-b63.45.47-150x150.png\" class=\"attachment-thumbnail size-thumbnail\" alt=\"capture_d_e_cran_2021-11-12_a_15.45.47.png\" \/><\/a>\n\t\t\t<\/div><\/figure>\n\t\t<\/div>\n<\/p>\n","protected":false},"excerpt":{"rendered":"<p>Une centaine de personnes &#8211; dont une trentaine d&#8217;enfants &#8211; ont \u00e9t\u00e9 expuls\u00e9es par la pr\u00e9fecture de police et ont \u00e9t\u00e9 mis \u00e0 l&#8217;abri dans l&#8217;urgence, dans un gymnase de la mairie. Philippe Bouyssou, maire d&#8217;Ivry-sur-Seine, est l&#8217;invit\u00e9 de la Midinale.<\/p>\n","protected":false},"author":1204,"featured_media":31146,"comment_status":"open","ping_status":"open","sticky":false,"template":"","format":"standard","meta":{"_themeisle_gutenberg_block_has_review":false,"footnotes":""},"categories":[238],"tags":[293],"class_list":["post-13232","post","type-post","status-publish","format-standard","has-post-thumbnail","hentry","category-la-midinale","tag-entretien"],"_links":{"self":[{"href":"https:\/\/archives.regards.fr\/index.php?rest_route=\/wp\/v2\/posts\/13232","targetHints":{"allow":["GET"]}}],"collection":[{"href":"https:\/\/archives.regards.fr\/index.php?rest_route=\/wp\/v2\/posts"}],"about":[{"href":"https:\/\/archives.regards.fr\/index.php?rest_route=\/wp\/v2\/types\/post"}],"author":[{"embeddable":true,"href":"https:\/\/archives.regards.fr\/index.php?rest_route=\/wp\/v2\/users\/1204"}],"replies":[{"embeddable":true,"href":"https:\/\/archives.regards.fr\/index.php?rest_route=%2Fwp%2Fv2%2Fcomments&post=13232"}],"version-history":[{"count":0,"href":"https:\/\/archives.regards.fr\/index.php?rest_route=\/wp\/v2\/posts\/13232\/revisions"}],"wp:featuredmedia":[{"embeddable":true,"href":"https:\/\/archives.regards.fr\/index.php?rest_route=\/wp\/v2\/media\/31146"}],"wp:attachment":[{"href":"https:\/\/archives.regards.fr\/index.php?rest_route=%2Fwp%2Fv2%2Fmedia&parent=13232"}],"wp:term":[{"taxonomy":"category","embeddable":true,"href":"https:\/\/archives.regards.fr\/index.php?rest_route=%2Fwp%2Fv2%2Fcategories&post=13232"},{"taxonomy":"post_tag","embeddable":true,"href":"https:\/\/archives.regards.fr\/index.php?rest_route=%2Fwp%2Fv2%2Ftags&post=13232"}],"curies":[{"name":"wp","href":"https:\/\/api.w.org\/{rel}","templated":true}]}}