{"id":13230,"date":"2021-11-09T13:02:43","date_gmt":"2021-11-09T12:02:43","guid":{"rendered":"https:\/\/wp.muchomaas.com\/article-muriel-penicaud-incarne-de-la-violence-de-l-autoritarisme-et-un-recul-des\/"},"modified":"2023-06-24T00:21:17","modified_gmt":"2023-06-23T22:21:17","slug":"article-muriel-penicaud-incarne-de-la-violence-de-l-autoritarisme-et-un-recul-des","status":"publish","type":"post","link":"https:\/\/archives.regards.fr\/?p=13230","title":{"rendered":"\u00ab Muriel P\u00e9nicaud incarne de la violence, de l&#8217;autoritarisme et un recul des droits des salari\u00e9s \u00bb"},"content":{"rendered":"<p class=\"post_excerpt\">L&#8217;ancienne ministre du travail est candidate \u00e0 la direction du Bureau international du travail. <a href=\"https:\/\/www.change.org\/p\/monsieur-le-pr%C3%A9sident-de-la-r%C3%A9publique-nous-exigeons-le-retrait-de-la-candidature-de-muriel-p%C3%A9nicaud-%C3%A0-la-direction-de-l-oit?redirect=false\">Une p\u00e9tition<\/a> demande son retrait. Un de ses initiateurs, le responsable syndical au minist\u00e8re du travail, Anthony Smith, est l&#8217;invit\u00e9 de la Midinale.<\/p>\n<h2>UNE MIDINALE \u00c0 VOIR&#8230;<\/h2>\n<p><iframe loading=\"lazy\" width=\"490\" height=\"276\" src=\"https:\/\/www.youtube.com\/embed\/_QZ3S4UUvvQ\" title=\"YouTube video player\" frameborder=\"0\" allow=\"accelerometer; autoplay; clipboard-write; encrypted-media; gyroscope; picture-in-picture\" allowfullscreen><\/iframe><\/p>\n<p>&nbsp;<\/p>\n<p>Pour signer la p\u00e9tition, c&#8217;est <a href=\"https:\/\/www.change.org\/p\/monsieur-le-pr%C3%A9sident-de-la-r%C3%A9publique-nous-exigeons-le-retrait-de-la-candidature-de-muriel-p%C3%A9nicaud-%C3%A0-la-direction-de-l-oit?redirect=false\">par ici<\/a><\/p>\n<h2>ET \u00c0 LIRE&#8230;<\/h2>\n<p><em>\u00a0<strong>Sur Muriel P\u00e9nicaud, ancienne ministre du travail et candidate \u00e0 la t\u00eate du Bureau international du travail<\/em>\u00a0<\/strong><br \/>\n\u00ab\u00a0Muriel P\u00e9nicaud incarne une vraie violence conduite pendant 3 ans au Minist\u00e8re du Travail.\u00a0\u00bb<br \/>\n\u00ab\u00a0Les 3 ann\u00e9es de Muriel P\u00e9nicaud au Minist\u00e8re du Travail ont \u00e9t\u00e9 marqu\u00e9es par des reculs importants pour les droits des salari\u00e9s, et, en interne, une vague autoritaire.\u00a0\u00bb<\/p>\n<p><em>\u00a0<strong>Sur l\u2019inspection du travail, notamment en p\u00e9riode de pand\u00e9mie<\/em>\u00a0<\/strong><br \/>\n\u00ab\u00a0L\u2019inspection du travail est prot\u00e9g\u00e9e par une convention internationale, la 81, de l\u2019Organisation internationale du Travail, qui prot\u00e8ge les inspecteurs du travail parce qu\u2019ils ont des pr\u00e9rogatives tr\u00e8s fortes : ils peuvent entrer de jour comme de nuit dans tout \u00e9tablissement assujetti au contr\u00f4le, ils peuvent conduire des enqu\u00eates hors la pr\u00e9sence de l\u2019employeur, ils disposent des libert\u00e9s des suites \u00e0 donner au dossier qu\u2019ils instruisent\u2026 Malheureusement, pendant la premi\u00e8re vague de Covid, ces droits-l\u00e0 ont \u00e9t\u00e9 remis en cause.\u00a0\u00bb<br \/>\n\u00ab\u00a0A propos du Covid, il n\u2019y a eu aucune doctrine du Minist\u00e8re du Travail sur la fa\u00e7on d\u2019intervenir avant le mois de d\u00e9cembre 2020. Pendant toute la premi\u00e8re phase de Covid, le Minist\u00e8re du Travail s\u2019est plac\u00e9 derri\u00e8re les autorit\u00e9s sanitaires au prix d\u2019entrave au fonctionnent de l\u2019inspection du travail.\u00a0\u00bb<br \/>\n\u00ab\u00a0Il y a eu un effacement de l\u2019inspection du travail voulu par le Minist\u00e8re.\u00a0\u00bb<br \/>\n\u00ab\u00a0Par des notes, des circulaires et des instructions internes, on peut voir que, pendant la premi\u00e8re phase de Covid, l\u2019inspection du travail, au lieu de pouvoir diligenter des enqu\u00eates et mettre en place leurs pr\u00e9rogatives au b\u00e9n\u00e9fice de la sant\u00e9 des travailleurs qui \u00e9taient expos\u00e9s \u00e0 un risque mortel, a \u00e9t\u00e9 entrav\u00e9e dans son action.\u00a0\u00bb<br \/>\n\u00ab\u00a0Pendant le Covid, c\u2019est l\u2019ensemble du Minist\u00e8re du Travail qui a \u00e9t\u00e9 entrav\u00e9 : 5 organisations syndicales (CGT, SUD, SNU, CNT, FO) ont d\u00e9pos\u00e9 une plainte d\u00e8s le mois d\u2019avril 2020 aupr\u00e8s de l\u2019OIT en constatant depuis le d\u00e9but de l\u2019\u00e9pid\u00e9mie de graves infractions aux principes fondamentaux des conventions OIT.\u00a0\u00bb<br \/>\n\u00ab\u00a0On a suspendu pendant toute la p\u00e9riode Covid, le droit du travail. Et cela a \u00e9t\u00e9 pr\u00e9judiciable \u00e0 la sant\u00e9 de millions de travailleurs. Et c\u2019\u00e9tait Muriel P\u00e9nicaud qui \u00e9tait alors aux commandes.\u00a0\u00bb<br \/>\n\u00ab\u00a0Le patronat consid\u00e8re que les dispositions du code du travail limitent et contraignent l\u2019activit\u00e9 \u00e9conomique alors que la majeure partie de ces dispositions sont l\u00e0 pour r\u00e9tablir une situation d\u2019in\u00e9galit\u00e9 structurelle entre salari\u00e9s et employeurs.\u00a0\u00bb<br \/>\n\u00ab\u00a0Les id\u00e9es lib\u00e9rales d\u2019un code du travail trop \u00e9pais, en p\u00e9riode de crise sanitaire, on en a besoin. Mais si Muriel P\u00e9nicaud prend la t\u00eate de la direction g\u00e9n\u00e9rale du Bureau international du travail, ce code protecteur, on l\u2019attendra encore de longues ann\u00e9es.\u00a0\u00bb<\/p>\n<p><em>\u00a0<strong>Sur l\u2019Organisation internationale du travail<\/em>\u00a0<\/strong><br \/>\n\u00ab\u00a0Comme toute \u00e9norme machine, l\u2019OIT a ses limites : elle r\u00e9agit lentement mais a produit des normes sociales qui prot\u00e8gent, notamment la convention 80, les inspecteurs du travail.\u00a0\u00bb<br \/>\n\u00ab\u00a0Les normes internationales s\u2019appliquent dans les pays signataires.\u00a0\u00bb<br \/>\n\u00ab\u00a0A la t\u00eate de l\u2019OIT, il vaudrait mieux avoir quelqu\u2019un qui porte des valeurs de progr\u00e8s et de justice sociale.\u00a0\u00bb<\/p>\n<p>&nbsp;<\/p>\n<p>\n<img loading=\"lazy\" decoding=\"async\" class=\" alignleft size-full wp-image-31104\" src=\"https:\/\/wp.muchomaas.com\/wp-content\/uploads\/2021\/10\/ap_regard_gennevilliers_nov_1p__490x350_ok-2-c0a.png\" alt=\"ap_regard_gennevilliers_nov_1p__490x350_ok-2.png\" align=\"left\" width=\"490\" height=\"350\" \/><div id='gallery-1' class='gallery galleryid-13230 gallery-columns-3 gallery-size-thumbnail'><figure class='gallery-item'>\n\t\t\t<div class='gallery-icon landscape'>\n\t\t\t\t<a href='https:\/\/archives.regards.fr\/wp-content\/uploads\/2021\/11\/ap_regard_gennevilliers_nov_1p__490x350_ok-2-4ca.png'><img loading=\"lazy\" decoding=\"async\" width=\"150\" height=\"150\" src=\"https:\/\/archives.regards.fr\/wp-content\/uploads\/2021\/11\/ap_regard_gennevilliers_nov_1p__490x350_ok-2-4ca-150x150.png\" class=\"attachment-thumbnail size-thumbnail\" alt=\"ap_regard_gennevilliers_nov_1p__490x350_ok-2.png\" \/><\/a>\n\t\t\t<\/div><\/figure><figure class='gallery-item'>\n\t\t\t<div class='gallery-icon landscape'>\n\t\t\t\t<a href='https:\/\/archives.regards.fr\/wp-content\/uploads\/2021\/11\/capture_d_e_cran_2021-11-09_a_12-928.56.58.png'><img loading=\"lazy\" decoding=\"async\" width=\"150\" height=\"150\" src=\"https:\/\/archives.regards.fr\/wp-content\/uploads\/2021\/11\/capture_d_e_cran_2021-11-09_a_12-928.56.58-150x150.png\" class=\"attachment-thumbnail size-thumbnail\" alt=\"capture_d_e_cran_2021-11-09_a_12.56.58.png\" \/><\/a>\n\t\t\t<\/div><\/figure>\n\t\t<\/div>\n<\/p>\n","protected":false},"excerpt":{"rendered":"<p>L&#8217;ancienne ministre du travail est candidate \u00e0 la direction du Bureau international du travail. <a href=\"https:\/\/www.change.org\/p\/monsieur-le-pr%C3%A9sident-de-la-r%C3%A9publique-nous-exigeons-le-retrait-de-la-candidature-de-muriel-p%C3%A9nicaud-%C3%A0-la-direction-de-l-oit?redirect=false\">Une p\u00e9tition<\/a> demande son retrait. Un de ses initiateurs, le responsable syndical au minist\u00e8re du travail, Anthony Smith, est l&#8217;invit\u00e9 de la Midinale.<\/p>\n","protected":false},"author":1204,"featured_media":31104,"comment_status":"open","ping_status":"open","sticky":false,"template":"","format":"standard","meta":{"_themeisle_gutenberg_block_has_review":false,"footnotes":""},"categories":[238],"tags":[293],"class_list":["post-13230","post","type-post","status-publish","format-standard","has-post-thumbnail","hentry","category-la-midinale","tag-entretien"],"_links":{"self":[{"href":"https:\/\/archives.regards.fr\/index.php?rest_route=\/wp\/v2\/posts\/13230","targetHints":{"allow":["GET"]}}],"collection":[{"href":"https:\/\/archives.regards.fr\/index.php?rest_route=\/wp\/v2\/posts"}],"about":[{"href":"https:\/\/archives.regards.fr\/index.php?rest_route=\/wp\/v2\/types\/post"}],"author":[{"embeddable":true,"href":"https:\/\/archives.regards.fr\/index.php?rest_route=\/wp\/v2\/users\/1204"}],"replies":[{"embeddable":true,"href":"https:\/\/archives.regards.fr\/index.php?rest_route=%2Fwp%2Fv2%2Fcomments&post=13230"}],"version-history":[{"count":0,"href":"https:\/\/archives.regards.fr\/index.php?rest_route=\/wp\/v2\/posts\/13230\/revisions"}],"wp:featuredmedia":[{"embeddable":true,"href":"https:\/\/archives.regards.fr\/index.php?rest_route=\/wp\/v2\/media\/31104"}],"wp:attachment":[{"href":"https:\/\/archives.regards.fr\/index.php?rest_route=%2Fwp%2Fv2%2Fmedia&parent=13230"}],"wp:term":[{"taxonomy":"category","embeddable":true,"href":"https:\/\/archives.regards.fr\/index.php?rest_route=%2Fwp%2Fv2%2Fcategories&post=13230"},{"taxonomy":"post_tag","embeddable":true,"href":"https:\/\/archives.regards.fr\/index.php?rest_route=%2Fwp%2Fv2%2Ftags&post=13230"}],"curies":[{"name":"wp","href":"https:\/\/api.w.org\/{rel}","templated":true}]}}