{"id":13227,"date":"2021-11-08T15:14:52","date_gmt":"2021-11-08T14:14:52","guid":{"rendered":"https:\/\/wp.muchomaas.com\/article-david-guiraud-lfi-le-racisme-fait-exister-et-montebourg-surfe-la-dessus\/"},"modified":"2023-06-24T00:21:12","modified_gmt":"2023-06-23T22:21:12","slug":"article-david-guiraud-lfi-le-racisme-fait-exister-et-montebourg-surfe-la-dessus","status":"publish","type":"post","link":"https:\/\/archives.regards.fr\/?p=13227","title":{"rendered":"David Guiraud (LFI) : \u00ab Le racisme fait exister et Montebourg surfe l\u00e0-dessus \u00bb"},"content":{"rendered":"<p class=\"post_excerpt\">Une partie de la gauche aurait-elle c\u00e9d\u00e9 du terrain \u00e0 l\u2019extr\u00eame droite ? La gauche n\u2019assurerait-elle plus d\u2019\u00eatre de gauche ? David Guiraud, porte-parole jeunesse de la France insoumise, est l\u2019invit\u00e9 de #LaMidinale. <\/p>\n<h2>UNE MIDINALE \u00c0 VOIR&#8230;<\/h2>\n<p><iframe loading=\"lazy\" width=\"490\" height=\"276\" src=\"https:\/\/www.youtube.com\/embed\/kD19r_IQEYU\" title=\"YouTube video player\" frameborder=\"0\" allow=\"accelerometer; autoplay; clipboard-write; encrypted-media; gyroscope; picture-in-picture\" allowfullscreen><\/iframe><\/p>\n<p>&nbsp;<\/p>\n<p><h2>ET \u00c0 LIRE&#8230;<\/h2>\n<p><em>\u00a0<strong>Sur sa pr\u00e9sence sur Cnews\u00a0<\/em>\u00a0<\/strong><br \/>\n\u00ab\u00a0En ce moment, Cnews me fait la gueule. \u00c7a fait quelques semaines qu\u2019ils ne m\u2019invitent plus parce qu\u2019ils me consid\u00e8rent comme insupportable.\u00a0\u00bb<br \/>\n\u00ab\u00a0Quand on est de gauche et qu\u2019on va dans ces m\u00e9dias, il faut faire de leur vie un enfer.\u00a0\u00bb<br \/>\n\u00ab\u00a0Je comprends que des citoyens n\u2019aient pas envie d\u2019aller sur cette cha\u00eene.\u00a0\u00bb<br \/>\n\u00ab\u00a0La seule question qui se pose c\u2019est : est-ce qu\u2019une participation sur cette cha\u00eene est efficace.\u00a0Je consid\u00e8re que je suis efficace quand j\u2019arrive \u00e0 troubler l\u2019\u00e9mission. \u00bb<br \/>\n\u00ab\u00a0Il y a des obsessions sur Cnews qu\u2019on retrouve aussi sur d\u2019autres cha\u00eenes.\u00a0\u00bb<br \/>\n\u00ab\u00a0Il y a beaucoup de gens qui sont contents de voir qu\u2019il y a une autre voix qui existe sur cette cha\u00eene.\u00a0\u00bb<br \/>\n\u00ab\u00a0Plus que les intervenants, c\u2019est souvent les journalistes que je conteste.\u00a0\u00bb<br \/>\n\u00ab\u00a0On a d\u00e9j\u00e0 boycott\u00e9 Cnews notamment lorsque Zemmour est arriv\u00e9 sur la cha\u00eene.\u00a0\u00bb<br \/>\n\u00ab\u00a0On a respect\u00e9 le boycott et en r\u00e9alit\u00e9, il y a des personnalit\u00e9s de gauche qui ont rompu le boycott et ont continu\u00e9 d\u2019y aller.\u00a0\u00bb<br \/>\n\u00ab\u00a0Le fait est qu\u2019il y a des gens qui acceptent d\u2019\u00eatre la caution de gauche sur Cnews.\u00a0\u00bb<br \/>\n\u00ab\u00a0Il faut se pr\u00e9parer tr\u00e8s s\u00e9rieusement quand on va sur Cnews.\u00a0Avec de la pr\u00e9paration et des id\u00e9es, on peut convaincre. \u00bb<br \/>\n\u00ab\u00a0La trag\u00e9die \u00e0 gauche c\u2019est de penser que nos id\u00e9es ne sont pas surpuissants.\u00a0\u00bb<br \/>\n\u00ab\u00a0Chez beaucoup d\u2019intervenants \u00e0 gauche, il n\u2019y a plus l\u2019envie de d\u00e9fendre des id\u00e9es surpuissances \u00e0 partir desquelles on pourrait cliver.\u00a0\u00bb<br \/>\n\u00ab\u00a0Ce qui ennuie Cnews c\u2019est que je conteste leurs journalistes.\u00a0Leurs journalistes n\u2019animent plus les d\u00e9bats. Ils participent aux d\u00e9bats. S\u2019ils participent au d\u00e9bat, il ne faut pas s\u2019\u00e9tonner que je les cartonne. \u00bb<br \/>\n\u00ab\u00a0Quand on a un micro, on a un pouvoir.\u00a0\u00bb<\/p>\n<p><em>\u00a0<strong>Sur la gauche qui veut occuper le terrain de l\u2019extr\u00eame droite<\/em>\u00a0<\/strong><br \/>\n\u00ab\u00a0Dans toutes les p\u00e9riodes o\u00f9 le d\u00e9bat politique s\u2019effrite ou s\u2019effondre, il y a des gens, des responsables politiques qui sont plus pr\u00e9occup\u00e9s par leur petite \u00e9tiquette, leur pr\u00e9sence dans la soci\u00e9t\u00e9 bien bourgeoise et bien cod\u00e9e plut\u00f4t que par la d\u00e9fense de leurs id\u00e9es.\u00a0\u00bb<br \/>\n\u00ab\u00a0Je vois des gens de gauche qui, toute leur vie politique avaient l\u2019\u00e9tiquette du bon r\u00e9publicain, et maintenant que l\u2019extr\u00eame droite participe de la d\u00e9finition de l\u2019\u00e9tiquette du bon et du mauvais r\u00e9publicains, ils ont une peur bleue de se faire enlever ce capital symbolique (\u2026). Il y a beaucoup de gens qui abdiquent parce qu\u2019ils ont peur. Ils vont sur des sujets comme la s\u00e9curit\u00e9 ou l\u2019immigration \u00e0 reculons.\u00a0Ils acceptent ce qu\u2019on essaie de nous faire croire c\u2019est-\u00e0-dire que les Fran\u00e7ais seraient tous des racistes et qu\u2019ils sont tous contre l\u2019immigration. C\u2019est pas vrai. Il y a de la r\u00e9sistance dans notre pays. Les gens tendent la main aux gens qui sont dans le besoin. Il y a une tradition de solidarit\u00e9 dans notre pays. \u00bb<br \/>\n\u00ab\u00a0Les positions politiques racistes font exister aujourd\u2019hui.\u00a0Arnaud Montebourg pense que c\u2019est une bonne id\u00e9e de surfer sur ces th\u00e8mes-l\u00e0. \u00bb<br \/>\n\u00ab\u00a0C\u2019est pas vrai qu\u2019on ne peut exister que sur des propositions d\u2019extr\u00eame droite.\u00a0\u00bb\u00a0<br \/>\n\u00ab\u00a0Montebourg fait de la communication sur un truc objectivement raciste.\u00a0\u00bb<\/p>\n<p><em>\u00a0<strong>Sur l\u2019immigration et la gauche<\/em>\u00a0<\/strong><br \/>\n\u00ab\u00a0On n\u2019est pas ma\u00eetre du d\u00e9bat m\u00e9diatique.\u00a0\u00bb<br \/>\n\u00ab\u00a0Il y a des propositions clivantes qui avancent et qu\u2019on peut faire progresser. Et m\u00eame sur l\u2019immigration : il est possible de parler d\u2019immigration sans reprendre les th\u00e8ses de l\u2019extr\u00eame droite.\u00a0\u00bb<br \/>\n\u00ab\u00a0Sur l\u2019immigration, on est un peu seul \u00e0 la France insoumise : Roussel on ne sait pas tr\u00e8s bien ce qu\u2019il veut sur ces questions-l\u00e0. Montebourg se perd. Le PS est sur des positions un peu le cul entre deux chaises.\u00a0Il reste les candidats class\u00e9s \u00e0 notre gauche mais qui n\u2019ont pas acc\u00e8s aux m\u00e9dias. \u00bb\u00a0<br \/>\n\u00ab\u00a0On a une politique de d\u00e9livrance des OQTF qui sont des trappes \u00e0 pauvret\u00e9 et \u00e0 exclusion sociale. L\u2019Etat cr\u00e9e de la marginalit\u00e9. On pourrait faire autrement et refondre le syst\u00e8me des OQTF.\u00a0On pourrait se dire que notre but c\u2019est d\u2019accueillir dignement les gens parce qu\u2019il n\u2019y a pas d\u2019explosion dignement. \u00bb<br \/>\n\u00ab\u00a0On a besoin de dirigeants politiques qui assument.\u00a0\u00bb<br \/>\n\u00ab\u00a0Il faut arr\u00eater de faire croire aux gens qu\u2019ils ont forc\u00e9ment envie de partir de leur pays.\u00a0C\u2019est le d\u00e9bat \u00e0 gauche. Si on clive l\u00e0-dessus, \u00e7a ne me d\u00e9range pas. \u00bb<br \/>\n\u00ab\u00a0On a surv\u00e9cu \u00e0 plusieurs monarchies qui voulaient abattre la r\u00e9volution fran\u00e7aise, c\u2019est pas Zemmour et Le Pen qui vont\u00a0abattre nos id\u00e9es.\u00a0\u00bb\u00a0<br \/>\n\u00ab\u00a0Les id\u00e9es de gauche sont surpuissantes. On manque de gens pour incarner ces id\u00e9es.\u00a0Et il y a des gens tr\u00e8s intelligents et brillants \u00e0 gauche mais qui ont peur. \u00bb<br \/>\n\u00ab\u00a0Sur l\u2019immigration, on a sorti des propositions notamment au moment de la loi &#8220;asile et immigration&#8221; de G\u00e9rard Collomb.\u00a0\u00bb<br \/>\n\u00ab\u00a0On ne peut pas tol\u00e9rer qu\u2019il y ait des gamins dans les centres de r\u00e9tention.\u00a0Ce combat culturel, on doit le mener et je n\u2019ai aucun doute qu\u2019on peut toucher les gens. Personne ne peut tol\u00e9rer que des enfants soient incarc\u00e9r\u00e9s. \u00bb<\/p>\n<p><em>\u00a0<strong>Sur la question de la souverainet\u00e9 nationale<\/em>\u00a0<\/strong><br \/>\n\u00ab\u00a0Je n\u2019ai aucun probl\u00e8me \u00e0 me dire patriote m\u00eame si c\u2019est vrai que la notion a \u00e9t\u00e9 en partie reprise.\u00a0\u00bb\u00a0<br \/>\n\u00ab\u00a0On ne ma\u00eetrise pas toutes nos options politiques aujourd\u2019hui dans notre pays.\u00a0\u00bb<br \/>\n\u00ab\u00a0Il faut que le peuple reprenne en main son destin.\u00a0\u00bb<br \/>\n\u00ab\u00a0Depuis 2005, avec le TCE, il y a une coupure.\u00a0\u00bb<br \/>\n\u00ab\u00a0Je ne suis pas fan de parler de la souverainet\u00e9 nationale uniquement mais on ne peut pas l\u2019exclure du logiciel.\u00a0C\u2019est ce qui nous distingue de courants qui sont plus marqu\u00e9s \u00e0 notre gauche et qui se disent plus internationalistes. \u00bb\u00a0<br \/>\n\u00ab\u00a0Il y a parfois un glissement de gens qui ne font pas attention.\u00a0C\u2019est vrai que \u00e7a peut glisser vite. \u00bb<br \/>\n\u00ab\u00a0Si on ne traite la question des fronti\u00e8res que sur la question des personnes et des flux migratoires, c\u2019est un probl\u00e8me effectivement.\u00a0\u00bb<br \/>\n\u00ab\u00a0Je ne suis pas pour la libre circulation de tout.\u00a0\u00bb<br \/>\n\u00ab\u00a0Les gens ne veulent pas partir de leur pays donc arr\u00eatons de faire comme si les gens avaient envie de quitter leur pays.\u00a0\u00c7a entra\u00eene beaucoup de souffrances \u00e0 partir. Le but c\u2019est de faire en sorte que les gens n\u2019aient pas \u00e0 partir parce qu\u2019aujourd\u2019hui, les gens sont forc\u00e9s de partir et avec la catastrophe climatique ils vont \u00eatre encore plus forc\u00e9s. En revanche, il faut dire que quand ils sont l\u00e0, il faut accueillir dignement. \u00bb<br \/>\n\u00ab\u00a0On ne prend pas la question de l\u2019immigration comme un probl\u00e8me et pas plus comme une richesse. \u00c7a n\u2019est pas la question. Il y a des gens qui sont en gal\u00e8re et on doit les accueillir.\u00a0\u00bb<br \/>\n\u00ab\u00a0La r\u00e9alit\u00e9 du travail d\u00e9tach\u00e9 c\u2019est que c\u2019est une entreprise \u00e0 exploiter les gens.\u00a0\u00bb<br \/>\n\u00ab\u00a0Je suis contre le travail d\u00e9tach\u00e9.\u00a0\u00bb<\/p>\n<p><em>\u00a0<strong>Sur la faiblesse de la gauche face \u00e0 la puissance de l\u2019extr\u00eame droite\u00a0<\/em>\u00a0<\/strong><br \/>\n\u00ab On est en pr\u00e9-campagne encore.\u00a0\u00bb<br \/>\n\u00ab\u00a0Le probl\u00e8me de la p\u00e9riode qu\u2019on vit &#8211; et qui ressemble un peu \u00e0 ce qui s\u2019est jou\u00e9 en 2017 -, c\u2019est qu\u2019\u00e0 cette p\u00e9riode, les classes populaires ne sont pas totalement entr\u00e9es dans le processus.\u00a0\u00bb<br \/>\n\u00ab\u00a0On a besoin de cliver \u00e0 gauche sur nos th\u00e9matiques qui int\u00e9ressent les gens.\u00a0\u00bb<br \/>\n\u00ab\u00a0Marteler les 32 heures est un vrai sujet de d\u00e9bat tout comme assumer la retraite \u00e0 60 ans et faire hurler les types de droite en affirmant que certains travailleurs pourraient avoir le droit de partir plus t\u00f4t, parce qu\u2019us\u00e9s par le travail. \u00bb<br \/>\n\u00ab\u00a0Nos id\u00e9es sont belles et on doit les assumer.\u00a0\u00bb<br \/>\n\u00ab\u00a0Je me dis de gauche m\u00eame si je ne le claironne pas parce que l\u2019\u00e9tiquette a \u00e9t\u00e9 empoisonn\u00e9e par le mandat de Fran\u00e7ois Hollande.\u00a0\u00bb<br \/>\n\u00ab\u00a0On doit \u00eatre fiers de nos id\u00e9es face \u00e0 l\u2019extr\u00eame droite qui est forte. Nos id\u00e9es, qui s\u2019appuient sur une r\u00e9alit\u00e9 concr\u00e8te, sont plus fortes qu\u2019eux.\u00a0\u00bb<br \/>\n\u00ab\u00a0On n\u2019a plus le temps de rien dans le pays. On n\u2019a plus le temps de s\u2019occuper des n\u00f4tres. Ce discours peut toucher les gens.\u00a0La mani\u00e8re dont on traite nos anciens est une honte (\u2026). On n\u2019a plus le temps de prendre soin de nos gamins. Il n\u2019y a que la gauche qui peut lib\u00e9rer le temps.\u00a0Ce n&#8217;est pas la droite qui lib\u00e9rera du temps pour les gens. Nous, on peut le faire. \u00bb<div id='gallery-1' class='gallery galleryid-13227 gallery-columns-3 gallery-size-thumbnail'><figure class='gallery-item'>\n\t\t\t<div class='gallery-icon landscape'>\n\t\t\t\t<a href='https:\/\/archives.regards.fr\/wp-content\/uploads\/2021\/11\/capture_d_e_cran_2021-11-08_a_15-5f4.06.58.png'><img loading=\"lazy\" decoding=\"async\" width=\"150\" height=\"150\" src=\"https:\/\/archives.regards.fr\/wp-content\/uploads\/2021\/11\/capture_d_e_cran_2021-11-08_a_15-5f4.06.58-150x150.png\" class=\"attachment-thumbnail size-thumbnail\" alt=\"capture_d_e_cran_2021-11-08_a_15.06.58.png\" \/><\/a>\n\t\t\t<\/div><\/figure>\n\t\t<\/div>\n<\/p>\n","protected":false},"excerpt":{"rendered":"<p>Une partie de la gauche aurait-elle c\u00e9d\u00e9 du terrain \u00e0 l\u2019extr\u00eame droite ? La gauche n\u2019assurerait-elle plus d\u2019\u00eatre de gauche ? David Guiraud, porte-parole jeunesse de la France insoumise, est l\u2019invit\u00e9 de #LaMidinale. <\/p>\n","protected":false},"author":1039,"featured_media":31135,"comment_status":"open","ping_status":"open","sticky":false,"template":"","format":"standard","meta":{"_themeisle_gutenberg_block_has_review":false,"footnotes":""},"categories":[238],"tags":[293],"class_list":["post-13227","post","type-post","status-publish","format-standard","has-post-thumbnail","hentry","category-la-midinale","tag-entretien"],"_links":{"self":[{"href":"https:\/\/archives.regards.fr\/index.php?rest_route=\/wp\/v2\/posts\/13227","targetHints":{"allow":["GET"]}}],"collection":[{"href":"https:\/\/archives.regards.fr\/index.php?rest_route=\/wp\/v2\/posts"}],"about":[{"href":"https:\/\/archives.regards.fr\/index.php?rest_route=\/wp\/v2\/types\/post"}],"author":[{"embeddable":true,"href":"https:\/\/archives.regards.fr\/index.php?rest_route=\/wp\/v2\/users\/1039"}],"replies":[{"embeddable":true,"href":"https:\/\/archives.regards.fr\/index.php?rest_route=%2Fwp%2Fv2%2Fcomments&post=13227"}],"version-history":[{"count":0,"href":"https:\/\/archives.regards.fr\/index.php?rest_route=\/wp\/v2\/posts\/13227\/revisions"}],"wp:featuredmedia":[{"embeddable":true,"href":"https:\/\/archives.regards.fr\/index.php?rest_route=\/wp\/v2\/media\/31135"}],"wp:attachment":[{"href":"https:\/\/archives.regards.fr\/index.php?rest_route=%2Fwp%2Fv2%2Fmedia&parent=13227"}],"wp:term":[{"taxonomy":"category","embeddable":true,"href":"https:\/\/archives.regards.fr\/index.php?rest_route=%2Fwp%2Fv2%2Fcategories&post=13227"},{"taxonomy":"post_tag","embeddable":true,"href":"https:\/\/archives.regards.fr\/index.php?rest_route=%2Fwp%2Fv2%2Ftags&post=13227"}],"curies":[{"name":"wp","href":"https:\/\/api.w.org\/{rel}","templated":true}]}}