{"id":13225,"date":"2021-11-05T12:04:42","date_gmt":"2021-11-05T11:04:42","guid":{"rendered":"https:\/\/wp.muchomaas.com\/article-l-assemblee-nationale-de-2017-est-l-une-des-plus-homogenes-et-elitistes-depuis\/"},"modified":"2023-06-24T00:21:10","modified_gmt":"2023-06-23T22:21:10","slug":"article-l-assemblee-nationale-de-2017-est-l-une-des-plus-homogenes-et-elitistes-depuis","status":"publish","type":"post","link":"https:\/\/archives.regards.fr\/?p=13225","title":{"rendered":"\u00ab L\u2019Assembl\u00e9e nationale de 2017 est l&#8217;une des plus homog\u00e8nes et \u00e9litistes depuis plus d&#8217;un si\u00e8cle \u00bb"},"content":{"rendered":"<p class=\"post_excerpt\">Les \u00e9lections l\u00e9gislatives de 2017, \u00e9tait-ce \u00ab tout changer en apparences pour qu&#8217;en fait, rien ne change \u00bb ? \u00c9tienne Ollion, sociologue, directeur de recherche au CNRS, professeur \u00e0 Polytechnique et auteur de <em>Les candidats. Novices et professionnels en politique<\/em> aux Presses universitaires de France (PUF), est l&#8217;invit\u00e9 de #LaMidinale.<\/p>\n<h2>UNE MIDINALE \u00c0 VOIR&#8230;<\/h2>\n<p><iframe loading=\"lazy\" width=\"490\" height=\"276\" src=\"https:\/\/www.youtube.com\/embed\/znWvc0j1DQA\" title=\"YouTube video player\" frameborder=\"0\" allow=\"accelerometer; autoplay; clipboard-write; encrypted-media; gyroscope; picture-in-picture\" allowfullscreen><\/iframe><\/p>\n<p>&nbsp;<\/p>\n<p><h2>ET \u00c0 LIRE&#8230;<\/h2>\n<p><em>\u00a0<strong>Sur les sp\u00e9cificit\u00e9s des campagnes l\u00e9gislatives de 2017<\/em>\u00a0<\/strong><br \/>\n\u00ab\u00a0La campagne de 2017 \u00e9tait tr\u00e8s diff\u00e9rente des autres campagnes pr\u00e9sidentielle de la V\u00e8 R\u00e9publique : d\u2019abord parce qu\u2019il y a le th\u00e8me du d\u00e9gagisme qu\u2019on a vu \u00e9merger dans les ann\u00e9es qui pr\u00e9c\u00e8dent &#8211; Emmanuel Macron a d\u2019ailleurs fait toute \u00e7a campagne l\u00e0-dessus (\u201cla caste\u201d, \u201cle syst\u00e8me \u00e0 d\u00e9verrouiller\u201d.)\u00a0\u00bb<br \/>\n\u00ab\u00a0La promesse d\u2019Emmanuel Macron \u00e9tait de renouveler la fa\u00e7on de faire de la politique. Pour ce faire, il a transform\u00e9 une faiblesse structurelle c\u2019est-\u00e0-dire une absence de partis, en une force de communication en disant que n\u2019importe qui pouvait candidater.\u00a0\u00bb<br \/>\n\u00ab\u00a0Emmanuel Macron a chang\u00e9 les visages puisque 72% \u00e9taient de nouveaux \u00e9lus. Il a aussi f\u00e9miniser l\u2019Assembl\u00e9e : on est pass\u00e9 de 25% de femmes en 2012 \u00e0 39% en 2017.\u00a0L\u2019Assembl\u00e9e nationale est aussi plus jeune.\u00a0En revanche, un crit\u00e8re qui n\u2019\u00e9tait pas dans ceux de la Commission nationale d\u2019investiture, la diversit\u00e9 sociale, n\u2019est pas tenu puisque l\u2019on a une Assembl\u00e9e nationale de cadres sup\u00e9rieurs.\u00a0\u00bb<br \/>\n\u00ab\u00a0L\u2019Assembl\u00e9e nationale de 2017 est une des plus homog\u00e8nes et des plus \u00e9litistes depuis plus d\u2019un si\u00e8cle et demi.\u00a0\u00bb<\/p>\n<p><em>\u00a0<strong>Sur les professionnels de la politique<\/em>\u00a0<\/strong><br \/>\n\u00ab\u00a0Professionnel de la politique est une insulte qui est n\u00e9e \u00e0 la fin du XIX\u00e8 si\u00e8cle au moment o\u00f9 le champ politique se transforme et que l\u2019on consid\u00e8re qu\u2019il faut payer les politiques pour qu\u2019ils puissent s\u2019engager. Auparavant, c\u2019\u00e9tait des bourgeois qui s\u2019engageaient en politique comme une charge ou un honneur, sans avoir besoin d\u2019un salaire.\u00a0\u00bb<br \/>\n\u00ab\u00a0Pour avoir une Assembl\u00e9e plus d\u00e9mocratique, un des combats de la gauche a consist\u00e9 \u00e0 demander la r\u00e9mun\u00e9ration des hommes politiques. Mais la droite a imm\u00e9diatement critiqu\u00e9 la mesure en affirmant que des personnes pourraient \u00eatre int\u00e9ress\u00e9es au mandat ou incomp\u00e9tents dans leur profession pour s\u2019engager en politique.\u00a0\u00bb<br \/>\n\u00ab\u00a0A partir des ann\u00e9es 1990 et surtout 2000, on a vu en Europe et dans d\u2019autres pays, on a vu \u00e9voluer et remonter la critique de professionnalisation de la politique avec la fermeture du champ politique sur lui-m\u00eame o\u00f9 les responsables politiques devaient passer de plus en plus de temps en mandats avant de pouvoir acc\u00e9der \u00e0 des positions politiques.\u00a0\u00bb<\/p>\n<p><em>\u00a0<strong>Sur ladite soci\u00e9t\u00e9 civile<\/em>\u00a0<\/strong><br \/>\n\u00ab\u00a0Emmanuel Macron a affirm\u00e9 vouloir pr\u00e9senter 50% de personnes issues de la soci\u00e9t\u00e9 civile et 50% de personnes exp\u00e9riment\u00e9es.\u00a0\u00bb<br \/>\n\u00ab\u00a0Le terme de soci\u00e9t\u00e9 civile est un signifiant relativement flottant.\u00a0\u00bb<br \/>\n\u00ab\u00a0La R\u00e9publique En Marche va donner au sens de soci\u00e9t\u00e9 civile un sens tr\u00e8s particulier : elle va dire que font partie de la soci\u00e9t\u00e9 civile ceux qui n\u2019ont jamais de mandat auparavant. Cela pourrait faire sens mais c\u2019est oubli\u00e9 qu\u2019une autre mani\u00e8re de faire de la politique en France, c\u2019\u00e9tait d\u2019avoir une trajectoire en tant que collaborateur d\u2019\u00e9lu\u2026\u00a0\u00bb<\/p>\n<p><em>\u00a0<strong>Sur les d\u00e9put\u00e9s dans leur travail<\/em>\u00a0<\/strong><br \/>\n\u00ab\u00a0Le probl\u00e8me, c\u2019est que l\u2019on a plong\u00e9 une centaine de personnes sans exp\u00e9rience de la politique dans un bain o\u00f9 les codes n\u2019avaient pas chang\u00e9. On s\u2019attendait \u00e0 ce que ces personnes trouvent leur place sans que l\u2019on leur explique quoique ce soit.\u00a0\u00bb<br \/>\n\u00ab\u00a0Parler de ticket d\u2019entr\u00e9e, \u00e7a aurait pour cons\u00e9quence de limiter la d\u00e9mocratie alors que l\u2019on a besoin d\u2019avoir plus de diversit\u00e9 au Parlement.\u00a0\u00bb<br \/>\n\u00ab\u00a0Ce que je montre dans le livre, c\u2019est que les vrais novices &#8211; pas ceux estampill\u00e9s \u201csoci\u00e9t\u00e9 civile\u201d sans l\u2019\u00eatre vraiment &#8211; ont \u00e9t\u00e9 relay\u00e9s aux seconds r\u00f4les \u00e0 l\u2019Assembl\u00e9e nationale.\u00a0\u00bb<br \/>\n\u00ab\u00a0Pourquoi ces personnes ont-elles \u00e9t\u00e9 rel\u00e9gu\u00e9es ? D\u2019une part, elles n\u2019avaient pas les savoirs quand d\u2019autres, m\u00eame si elles n\u2019avaient pas \u00e9t\u00e9 \u00e9lues auparavant, en ayant \u00e9t\u00e9 assistant parlementaire, savaient exactement quelle commission demander, o\u00f9 il fallait se placer, comment fonctionnait la proc\u00e9dure parlementaire.\u00a0Elles n\u2019avaient pas non plus de r\u00e9seaux, c\u2019est-\u00e0-dire de connaissances bien plac\u00e9es qui leur permettaient de s\u2019engager en politique.\u00a0\u00bb<br \/>\n\u00ab\u00a0Ce qui manque \u00e0 l\u2019Assembl\u00e9e nationale, c\u2019est un soutien \u00e0 apporter aux parlementaires qui pourraient la forme d\u2019avoir des collaborateurs ou des fonctionnaires.\u00a0\u00bb<br \/>\n\u00ab\u00a0Les d\u00e9put\u00e9s ont tr\u00e8s peu de collaborateurs parlementaires. En France, c\u2019est de l\u2019ordre de 2 \u00e0 3. Au S\u00e9nat am\u00e9ricain, chaque \u00e9lu en a entre 30 et 50 !\u00a0\u00bb<br \/>\n\u00ab\u00a0Quand on fait exister les parlementaires, on fait exister des gens qui sont force de propositions et qui sont aussi des contre-pouvoirs.\u00a0\u00bb<br \/>\n\u00ab\u00a0Le Parlement est le lieu d\u2019exercice d\u2019un contre-pouvoir : dans l\u2019Assembl\u00e9e actuelle de la V\u00e8 R\u00e9publique avec peu de pouvoir parlementaire doubl\u00e9 de cette pr\u00e9sence d\u2019une centaine de novices, l\u2019ex\u00e9cutif a eu les mains compl\u00e8tement libres et le contr\u00f4le du gouvernement et l\u2019exercice du contre-pouvoir ont \u00e9t\u00e9 relativement faibles.\u00a0\u00bb<\/p>\n<p><em>\u00a0<strong>Sur l\u2019homog\u00e9n\u00e9it\u00e9 de l\u2019Assembl\u00e9e nationale<\/em>\u00a0<\/strong><br \/>\n\u00ab\u00a0Il y a eu une homog\u00e9n\u00e9isation des profils des \u00e9lus, une d\u00e9sid\u00e9ologisation et une technicisation.\u00a0\u00bb<br \/>\n\u00ab\u00a0L\u2019homog\u00e9n\u00e9isation a abouti \u00e0 la disparition de l\u2019expression de certaines id\u00e9es.\u00a0\u00bb<br \/>\n\u00ab\u00a0Avec la disparition du Parti communiste, on a perdu une mani\u00e8re de parler de la politique, un ton de voix. Quand on \u00e9coute Georges Marchais ou Henri Krasucki dans les ann\u00e9es 1980, on \u00e9coute des gens qui ont une autre fa\u00e7on de parler de la politique.\u00a0Il ne faut pas s\u2019\u00e9tonner qu\u2019une grande partie des Fran\u00e7ais ne se sentent pas repr\u00e9senter quand ils entendent des d\u00e9bats qui leur paraissent techniques et \u00e9th\u00e9r\u00e9s avec des tons qui sont ceux d\u2019une certaine classe.\u00a0\u00bb<br \/>\n\u00ab\u00a0On a eu d\u2019un c\u00f4t\u00e9 En Marche qui a envoy\u00e9 des vrais novices (agriculteurs, instituteurs, cadres) et de l\u2019autre La France Insoumise. De facto, c\u2019est LFI qui a le pourcentage le plus \u00e9lev\u00e9 de personnes qui sont ext\u00e9rieures au champ politique. Pour autant, les candidats de LFI \u00e9taient des militants, c\u2019est-\u00e0-dire des gens qui avaient derri\u00e8re eux 5, 10 ou 20 ans de militantisme politique derri\u00e8re eux quand ils arrivent \u00e0 l\u2019Assembl\u00e9e. Et surtout, ils avaient le soutien de leur groupe parlementaire, c\u2019est-\u00e0-dire qu\u2019ils pouvaient remettre en sens la moindre mesure technique \u00e0 l\u2019aune de questions plus g\u00e9n\u00e9rales pour remettre en question le fonctionnement syst\u00e9mique.\u00a0\u00bb<\/p>\n<p><em>\u00a0<strong>Sur les d\u00e9put\u00e9s d\u2019opposition<\/em>\u00a0<\/strong><br \/>\n\u00ab\u00a0C\u2019est un probl\u00e8me classique : les d\u00e9put\u00e9s d\u2019opposition ont des possibilit\u00e9s tr\u00e8s limit\u00e9es en terme de contributions l\u00e9gislatives malgr\u00e9 leur force de travail potentielle.\u00a0\u00bb<br \/>\n\u00ab\u00a0Une des possibilit\u00e9s pour eux, c\u2019est de servir de l\u2019Assembl\u00e9e comme une caisse de r\u00e9sonance pour tenter de faire exister des positionnements politiques : c\u2019est le choix qui a \u00e9t\u00e9 fait explicitement par LFI.\u00a0\u00bb<br \/>\n\u00ab\u00a0Une autre possibilit\u00e9 pour les d\u00e9put\u00e9s d\u2019opposition, c\u2019est se tourner vers la circonscription en attendant des jours meilleurs : c\u2019est ce qu\u2019ont beaucoup fait les d\u00e9put\u00e9s LR.\u00a0\u00bb<\/p>\n<p>&nbsp;<\/p>\n<p>\n<img loading=\"lazy\" decoding=\"async\" class=\" alignleft size-full wp-image-31029\" src=\"https:\/\/wp.muchomaas.com\/wp-content\/uploads\/2021\/10\/201006_fsb_bmv_2-aef.png\" alt=\"201006_fsb_bmv_2.png\" align=\"left\" width=\"490\" height=\"719\" \/><div id='gallery-1' class='gallery galleryid-13225 gallery-columns-3 gallery-size-thumbnail'><figure class='gallery-item'>\n\t\t\t<div class='gallery-icon portrait'>\n\t\t\t\t<a href='https:\/\/archives.regards.fr\/wp-content\/uploads\/2021\/10\/201006_fsb_bmv_2-de1.png'><img loading=\"lazy\" decoding=\"async\" width=\"150\" height=\"150\" src=\"https:\/\/archives.regards.fr\/wp-content\/uploads\/2021\/10\/201006_fsb_bmv_2-de1-150x150.png\" class=\"attachment-thumbnail size-thumbnail\" alt=\"201006_fsb_bmv_2.png\" \/><\/a>\n\t\t\t<\/div><\/figure><figure class='gallery-item'>\n\t\t\t<div class='gallery-icon landscape'>\n\t\t\t\t<a href='https:\/\/archives.regards.fr\/wp-content\/uploads\/2021\/11\/capture_d_e_cran_2021-11-05_a_11-48b.52.00.png'><img loading=\"lazy\" decoding=\"async\" width=\"150\" height=\"150\" src=\"https:\/\/archives.regards.fr\/wp-content\/uploads\/2021\/11\/capture_d_e_cran_2021-11-05_a_11-48b.52.00-150x150.png\" class=\"attachment-thumbnail size-thumbnail\" alt=\"capture_d_e_cran_2021-11-05_a_11.52.00.png\" \/><\/a>\n\t\t\t<\/div><\/figure>\n\t\t<\/div>\n<\/p>\n","protected":false},"excerpt":{"rendered":"<p>Les \u00e9lections l\u00e9gislatives de 2017, \u00e9tait-ce \u00ab tout changer en apparences pour qu&#8217;en fait, rien ne change \u00bb ? \u00c9tienne Ollion, sociologue, directeur de recherche au CNRS, professeur \u00e0 Polytechnique et auteur de <em>Les candidats. Novices et professionnels en politique<\/em> aux Presses universitaires de France (PUF), est l&#8217;invit\u00e9 de #LaMidinale.<\/p>\n","protected":false},"author":1204,"featured_media":31029,"comment_status":"open","ping_status":"open","sticky":false,"template":"","format":"standard","meta":{"_themeisle_gutenberg_block_has_review":false,"footnotes":""},"categories":[238],"tags":[293],"class_list":["post-13225","post","type-post","status-publish","format-standard","has-post-thumbnail","hentry","category-la-midinale","tag-entretien"],"_links":{"self":[{"href":"https:\/\/archives.regards.fr\/index.php?rest_route=\/wp\/v2\/posts\/13225","targetHints":{"allow":["GET"]}}],"collection":[{"href":"https:\/\/archives.regards.fr\/index.php?rest_route=\/wp\/v2\/posts"}],"about":[{"href":"https:\/\/archives.regards.fr\/index.php?rest_route=\/wp\/v2\/types\/post"}],"author":[{"embeddable":true,"href":"https:\/\/archives.regards.fr\/index.php?rest_route=\/wp\/v2\/users\/1204"}],"replies":[{"embeddable":true,"href":"https:\/\/archives.regards.fr\/index.php?rest_route=%2Fwp%2Fv2%2Fcomments&post=13225"}],"version-history":[{"count":0,"href":"https:\/\/archives.regards.fr\/index.php?rest_route=\/wp\/v2\/posts\/13225\/revisions"}],"wp:featuredmedia":[{"embeddable":true,"href":"https:\/\/archives.regards.fr\/index.php?rest_route=\/wp\/v2\/media\/31029"}],"wp:attachment":[{"href":"https:\/\/archives.regards.fr\/index.php?rest_route=%2Fwp%2Fv2%2Fmedia&parent=13225"}],"wp:term":[{"taxonomy":"category","embeddable":true,"href":"https:\/\/archives.regards.fr\/index.php?rest_route=%2Fwp%2Fv2%2Fcategories&post=13225"},{"taxonomy":"post_tag","embeddable":true,"href":"https:\/\/archives.regards.fr\/index.php?rest_route=%2Fwp%2Fv2%2Ftags&post=13225"}],"curies":[{"name":"wp","href":"https:\/\/api.w.org\/{rel}","templated":true}]}}