{"id":13222,"date":"2021-11-03T15:25:34","date_gmt":"2021-11-03T14:25:34","guid":{"rendered":"https:\/\/wp.muchomaas.com\/article-sur-twitter-la-gauche-n-a-rien-de-mieux-a-faire-que-de-s-echarper\/"},"modified":"2023-06-24T00:21:08","modified_gmt":"2023-06-23T22:21:08","slug":"article-sur-twitter-la-gauche-n-a-rien-de-mieux-a-faire-que-de-s-echarper","status":"publish","type":"post","link":"https:\/\/archives.regards.fr\/?p=13222","title":{"rendered":"Sur Twitter, la gauche n&#8217;a rien de mieux \u00e0 faire que de s&#8217;\u00e9charper"},"content":{"rendered":"<p class=\"post_excerpt\">Pardonnons-les, ils ne savent pas ce qu&#8217;ils font.<\/p>\n<p>En 2022, la gauche va perdre. Celui qui vous dit le contraire est un menteur. Pour l&#8217;heure, ils ne sont pas moins de sept \u00e0 se pr\u00e9senter sur la ligne de d\u00e9part : Anne Hidalgo pour le PS ; Arnaud Montebourg pour lui-m\u00eame ; Yannick Jadot pour EELV ; Fabien Roussel pour le PCF ; Jean-Luc M\u00e9lenchon pour L&#8217;Union Populaire ; Philippe Poutou pour le NPA ; Nathalie Arthaud pour LO. Il est assez rare d&#8217;en voir un d\u00e9passer les 10% dans les <a href=\"https:\/\/fr.wikipedia.org\/wiki\/Liste_de_sondages_sur_l%27%C3%A9lection_pr%C3%A9sidentielle_fran%C3%A7aise_de_2022#Quatri%C3%A8me_trimestre_2021\">sondages<\/a>. Si l&#8217;on s&#8217;en tient \u00e0 ceux-ci, le meilleur de la gauche atteindrait la cinqui\u00e8me place \u00e0 la pr\u00e9sidentielle, derri\u00e8re la droite et l&#8217;extr\u00eame droite.<\/p>\n<p>Tout. Va. Bien.<\/p>\n<p>&nbsp;<\/p>\n<p>\n<strong>VOIR AUSSI SUR REGARDS.FR<br \/>\n>><\/strong> <em><a href=\"https:\/\/wp.muchomaas.com\/debats\/article\/ledebrief-la-gauche-va-t-elle-disparaitre-la-france-est-elle-de-droite-le-pen\">#LeD\u00e9brief. La gauche va-t-elle dispara\u00eetre ?<\/a><\/em><\/p>\n<p>&nbsp;<\/p>\n<p>\u00c0 croire que l&#8217;\u00e9lection supr\u00eame de la Cinqui\u00e8me R\u00e9publique ne les int\u00e9resse pas tant que \u00e7a. Et puisque, de l&#8217;union, il n&#8217;est pas question, puisque chacun a d\u00e9cid\u00e9 de d\u00e9fendre son bout de gras pour voir lequel sera le moins nul, puisque, en r\u00e9alit\u00e9, la pr\u00e9sidentielle 2022 n&#8217;a pas d&#8217;autre finalit\u00e9 que de classer le rapport de force \u00e0 gauche \u2013 qui se jouera dans un mouchoir de poche \u2013 en vue d&#8217;accords de couloirs pour les l\u00e9gislatives, il n&#8217;y a pas de raison de se priver : battons-nous !<\/p>\n<p>Les seconds couteaux de chaque \u00ab camp \u00bb s&#8217;y donnent \u00e0 c\u0153ur joie. D&#8217;invectives en railleries, de provocations en attaques, c&#8217;est \u00e0 celui qui sera le plus violent avec son voisin le plus proche. Voyez plut\u00f4t cette (petite) s\u00e9lection de tweets :<\/p>\n<blockquote class=\"twitter-tweet\">\n<p lang=\"fr\" dir=\"ltr\">Comme je le craignais, le slogan du PC, \u00ab l\u2019humain d\u2019abord \u00bb, signifie bien \u00ab le vivant peut crever \u00bb. C\u2019est une r\u00e9gression qui illustre l\u2019obsolescence de la Gauche traditionnelle par rapport \u00e0 l\u2019\u00e9cologie. Respecter le vivant, c\u2019est de l\u2019humanit\u00e9 en plus, pas en moins\u2026 <a href=\"https:\/\/t.co\/EEWffrqGAu\">https:\/\/t.co\/EEWffrqGAu<\/a><\/p>\n<p>&mdash; David Cormand&#127803;&#127466;&#127482; (@DavidCormand) <a href=\"https:\/\/twitter.com\/DavidCormand\/status\/1445068604211441665?ref_src=twsrc%5Etfw\">October 4, 2021<\/a><\/p><\/blockquote>\n<p> <script async src=\"https:\/\/platform.twitter.com\/widgets.js\" charset=\"utf-8\"><\/script><\/p>\n<blockquote class=\"twitter-tweet\">\n<p lang=\"fr\" dir=\"ltr\">Rappel : tu manifestais avec les fachos devant l&#39;Assembl\u00e9e Nationale. Pas nous.<\/p>\n<p>PS : tu devrais avoir honte de ton tweet.<\/p>\n<p>&mdash; Bastien Parisot (@BastienParisot) <a href=\"https:\/\/twitter.com\/BastienParisot\/status\/1454816764555145217?ref_src=twsrc%5Etfw\">October 31, 2021<\/a><\/p><\/blockquote>\n<p> <script async src=\"https:\/\/platform.twitter.com\/widgets.js\" charset=\"utf-8\"><\/script><\/p>\n<blockquote class=\"twitter-tweet\">\n<p lang=\"et\" dir=\"ltr\">Miskine. <a href=\"https:\/\/t.co\/d3rfQb2TPf\">https:\/\/t.co\/d3rfQb2TPf<\/a><\/p>\n<p>&mdash; Antoine L\u00e9aument &#127467;&#127479; (@ALeaument) <a href=\"https:\/\/twitter.com\/ALeaument\/status\/1449491053002829827?ref_src=twsrc%5Etfw\">October 16, 2021<\/a><\/p><\/blockquote>\n<p> <script async src=\"https:\/\/platform.twitter.com\/widgets.js\" charset=\"utf-8\"><\/script><\/p>\n<blockquote class=\"twitter-tweet\">\n<p lang=\"fr\" dir=\"ltr\">Il n&#39;y a ici aucun appel \u00e0 des repr\u00e9sailles. Gardez vos proc\u00e8s d&#39;intention pour vous.<\/p>\n<p>&mdash; Bastien Parisot (@BastienParisot) <a href=\"https:\/\/twitter.com\/BastienParisot\/status\/1454143380750049282?ref_src=twsrc%5Etfw\">October 29, 2021<\/a><\/p><\/blockquote>\n<p> <script async src=\"https:\/\/platform.twitter.com\/widgets.js\" charset=\"utf-8\"><\/script><\/p>\n<blockquote class=\"twitter-tweet\">\n<p lang=\"fr\" dir=\"ltr\">Non mais \u00e7a va les insinuations ! Gardez vos le\u00e7ons <a href=\"https:\/\/twitter.com\/DavidCormand?ref_src=twsrc%5Etfw\">@DavidCormand<\/a>. Quand les pires attaques pleuvent sur EELV, on hurle pas avec les loups. J&#39;esp\u00e8re que vous en tiendrez compte \u00e0 l&#39;avenir.<\/p>\n<p>&mdash; Bastien Parisot (@BastienParisot) <a href=\"https:\/\/twitter.com\/BastienParisot\/status\/1454147662924722182?ref_src=twsrc%5Etfw\">October 29, 2021<\/a><\/p><\/blockquote>\n<p> <script async src=\"https:\/\/platform.twitter.com\/widgets.js\" charset=\"utf-8\"><\/script><\/p>\n<p>\u00c0 quoi bon ? Pendant que la gauche lave son linge sale en public, exhibant fi\u00e8rement ses clivages qui n&#8217;ont de sens que pour les apparatchiks et autres militants de profession, la droite, au sens large, de Macron \u00e0 Zemmour, peut jouer s\u00e9rieusement la partition de la conqu\u00eate du pouvoir.<\/p>\n<p>Mais, qui sait, peut-\u00eatre que la pr\u00e9sidentielle se mesure aux nombres de likes et de retweets&#8230;<\/p>\n<p>&nbsp;<\/p>\n<p>\n<a href=\"https:\/\/wp.muchomaas.com\/auteur\/loic-le-clerc\"><strong>Lo\u00efc Le Clerc<\/strong><\/a><\/p>\n<p>&nbsp;<\/p>\n<p>\n<img loading=\"lazy\" decoding=\"async\" class=\" alignleft size-full wp-image-31104\" src=\"https:\/\/wp.muchomaas.com\/wp-content\/uploads\/2021\/10\/ap_regard_gennevilliers_nov_1p__490x350_ok-2-c0a.png\" alt=\"ap_regard_gennevilliers_nov_1p__490x350_ok-2.png\" align=\"left\" width=\"490\" height=\"350\" \/><div id='gallery-1' class='gallery galleryid-13222 gallery-columns-3 gallery-size-thumbnail'><figure class='gallery-item'>\n\t\t\t<div class='gallery-icon landscape'>\n\t\t\t\t<a href='https:\/\/archives.regards.fr\/wp-content\/uploads\/2021\/11\/ap_regard_gennevilliers_nov_1p__490x350_ok-2-4ca.png'><img loading=\"lazy\" decoding=\"async\" width=\"150\" height=\"150\" src=\"https:\/\/archives.regards.fr\/wp-content\/uploads\/2021\/11\/ap_regard_gennevilliers_nov_1p__490x350_ok-2-4ca-150x150.png\" class=\"attachment-thumbnail size-thumbnail\" alt=\"ap_regard_gennevilliers_nov_1p__490x350_ok-2.png\" \/><\/a>\n\t\t\t<\/div><\/figure><figure class='gallery-item'>\n\t\t\t<div class='gallery-icon landscape'>\n\t\t\t\t<a href='https:\/\/archives.regards.fr\/wp-content\/uploads\/2021\/11\/befunky-collage-418-44a-scaled.jpg'><img loading=\"lazy\" decoding=\"async\" width=\"150\" height=\"150\" src=\"https:\/\/archives.regards.fr\/wp-content\/uploads\/2021\/11\/befunky-collage-418-44a-150x150.jpg\" class=\"attachment-thumbnail size-thumbnail\" alt=\"befunky-collage-418.jpg\" \/><\/a>\n\t\t\t<\/div><\/figure>\n\t\t<\/div>\n<\/p>\n","protected":false},"excerpt":{"rendered":"<p>Pardonnons-les, ils ne savent pas ce qu&#8217;ils font.<\/p>\n","protected":false},"author":1203,"featured_media":31104,"comment_status":"open","ping_status":"open","sticky":false,"template":"","format":"standard","meta":{"_themeisle_gutenberg_block_has_review":false,"footnotes":""},"categories":[6],"tags":[295,515],"class_list":["post-13222","post","type-post","status-publish","format-standard","has-post-thumbnail","hentry","category-actu","tag-nupes","tag-presidentielle-2022"],"_links":{"self":[{"href":"https:\/\/archives.regards.fr\/index.php?rest_route=\/wp\/v2\/posts\/13222","targetHints":{"allow":["GET"]}}],"collection":[{"href":"https:\/\/archives.regards.fr\/index.php?rest_route=\/wp\/v2\/posts"}],"about":[{"href":"https:\/\/archives.regards.fr\/index.php?rest_route=\/wp\/v2\/types\/post"}],"author":[{"embeddable":true,"href":"https:\/\/archives.regards.fr\/index.php?rest_route=\/wp\/v2\/users\/1203"}],"replies":[{"embeddable":true,"href":"https:\/\/archives.regards.fr\/index.php?rest_route=%2Fwp%2Fv2%2Fcomments&post=13222"}],"version-history":[{"count":0,"href":"https:\/\/archives.regards.fr\/index.php?rest_route=\/wp\/v2\/posts\/13222\/revisions"}],"wp:featuredmedia":[{"embeddable":true,"href":"https:\/\/archives.regards.fr\/index.php?rest_route=\/wp\/v2\/media\/31104"}],"wp:attachment":[{"href":"https:\/\/archives.regards.fr\/index.php?rest_route=%2Fwp%2Fv2%2Fmedia&parent=13222"}],"wp:term":[{"taxonomy":"category","embeddable":true,"href":"https:\/\/archives.regards.fr\/index.php?rest_route=%2Fwp%2Fv2%2Fcategories&post=13222"},{"taxonomy":"post_tag","embeddable":true,"href":"https:\/\/archives.regards.fr\/index.php?rest_route=%2Fwp%2Fv2%2Ftags&post=13222"}],"curies":[{"name":"wp","href":"https:\/\/api.w.org\/{rel}","templated":true}]}}