{"id":13221,"date":"2021-11-03T15:06:04","date_gmt":"2021-11-03T14:06:04","guid":{"rendered":"https:\/\/wp.muchomaas.com\/article-le-contrat-engagement-jeune-ne-repond-absolument-pas-aux-besoins-des-etudiants\/"},"modified":"2023-06-24T00:21:04","modified_gmt":"2023-06-23T22:21:04","slug":"article-le-contrat-engagement-jeune-ne-repond-absolument-pas-aux-besoins-des-etudiants","status":"publish","type":"post","link":"https:\/\/archives.regards.fr\/?p=13221","title":{"rendered":"\u00ab Le contrat engagement jeune ne r\u00e9pond absolument pas aux besoins des \u00e9tudiants \u00bb"},"content":{"rendered":"<p class=\"post_excerpt\">Le gouvernement vient de lancer un nouveau dispositif : un parcours d\u2019accompagnement individuel qui pr\u00e9voit notamment une allocation mensuelle pouvant aller jusqu\u2019\u00e0 500 euros. Est-ce assez pour r\u00e9pondre \u00e0 la pr\u00e9carit\u00e9 de la jeunesse ? Ulysse Guttman-Faure, pr\u00e9sident co-fondateur de Co&#8217;p1 Solidarit\u00e9s Etudiantes, est l&#8217;invit\u00e9 de la Midinale.<\/p>\n<h2>UNE MIDINALE \u00c0 VOIR&#8230;<\/h2>\n<p><iframe loading=\"lazy\" width=\"490\" height=\"276\" src=\"https:\/\/www.youtube.com\/embed\/1MwPOVCR6j4\" title=\"YouTube video player\" frameborder=\"0\" allow=\"accelerometer; autoplay; clipboard-write; encrypted-media; gyroscope; picture-in-picture\" allowfullscreen><\/iframe><\/p>\n<p>&nbsp;<\/p>\n<p><h2>ET \u00c0 LIRE&#8230;<\/h2>\n<p><em>\u00a0<strong>Sur le \u00ab Contrat engagement jeune \u00bb cr\u00e9\u00e9 par Emmanuel Macron<\/em>\u00a0<\/strong><br \/>\n\u00ab Permettre aux \u00e9tudiants de trouver un emploi, \u00e7a peut aller dans le bon sens. Mais \u00e7a n&#8217;est pas fait pour les \u00e9tudiants : 500 euros, c&#8217;est peu pour des \u00e9tudiants en difficult\u00e9\u2026 Et des offres d&#8217;emplois, il n&#8217;y en a pas tant que \u00e7a. \u00bb<br \/>\n\u00ab Il faudrait pousser les jeunes \u00e0 continuer les \u00e9tudes. On a \u00e9norm\u00e9ment d&#8217;\u00e9tudiants qui abandonnent leurs \u00e9tudes faute de moyens pour se nourrir. \u00bb<br \/>\n\u00ab La solution la plus simple aurait \u00e9t\u00e9 de donner plus d&#8217;argent aux universit\u00e9s pour ouvrir des places pour tout le monde, et d&#8217;augmenter les bourses pour permettre \u00e0 chaque \u00e9tudiant d&#8217;\u00e9tudier pleinement. \u00bb<br \/>\n\u00ab La difficult\u00e9 des jeunes et des \u00e9tudiants, c&#8217;est d&#8217;avoir acc\u00e8s \u00e0 l&#8217;information. Puis il faut les aider \u00e0 mettre en place le dossier, \u00e0 acc\u00e9der \u00e0 ces aides, etc. \u00bb<br \/>\n\u00ab Il faut que les \u00e9tudiants trouvent un emploi \u00e0 la hauteur de leurs capacit\u00e9s, de leurs esp\u00e9rances, et qu&#8217;ils puissent vivre avec. L&#8217;\u00e9tudiant ne b\u00e9n\u00e9ficiera pas de ce contrat d&#8217;engagement s&#8217;il refuse un emploi qui ne correspond pas \u00e0 ses \u00e9tudes, \u00e0 ses envies, \u00e0 ses besoins, \u00e0 ses capacit\u00e9s, \u00e0 la r\u00e9mun\u00e9ration qu&#8217;il peut esp\u00e9rer. \u00bb<\/p>\n<p><em>\u00a0<strong>Sur l&#8217;action gouvernementale vis-\u00e0-vis des jeunes<\/em>\u00a0<\/strong><br \/>\n\u00ab On attend que chaque \u00e9tudiant puisse \u00e9tudier et avoir un emploi quand il entre dans la vie active. \u00bb<br \/>\n\u00ab La premi\u00e8re cause d&#8217;\u00e9chec universitaire, c&#8217;est le fait de travailler \u00e0 c\u00f4t\u00e9 des \u00e9tudes. \u00bb<br \/>\n\u00ab Sans notre aide alimentaire, les \u00e9tudiants qui viennent nous voir devraient travailler encore plus, voire arr\u00eater leurs \u00e9tudes. \u00bb<\/p>\n<p><em>\u00a0<strong>Sur la proposition de M\u00e9lenchon d&#8217;une allocation de 1063 euros pour tous les jeunes<\/em>\u00a0<\/strong><br \/>\n\u00ab \u00c7a veut dire que les \u00e9tudiants peuvent accepter un emploi, accepter de se tromper, accepter un stage non r\u00e9mun\u00e9r\u00e9 au d\u00e9but comme premi\u00e8re exp\u00e9rience. On salue toute initiative qui permet \u00e0 un \u00e9tudiant d&#8217;\u00e9tudier et \u00e0 un jeune de s&#8217;autonomiser. \u00bb<\/p>\n<p><em>\u00a0<strong>Sur la droite qui crie \u00e0 l&#8217;\u00ab assistanat \u00bb<\/em>\u00a0<\/strong><br \/>\n\u00ab Si au moins ce discours s&#8217;accompagnait de propositions pouvant permettre \u00e0 chaque \u00e9tudiant d&#8217;avoir une place et une formation\u2026 Ce serait un d\u00e9bat politique sain. \u00bb<\/p>\n<p><em>\u00a0<strong>Sur les politiques en direction des jeunes et des \u00e9tudiants<\/em>\u00a0<\/strong><br \/>\n\u00ab\u00a0La politique de la jeunesse doit \u00eatre beaucoup plus ambitieuse &#8211; tous les syndicats et toutes les associations \u00e9tudiantes le d\u00e9noncent.\u00a0\u00bb<br \/>\n\u00ab\u00a0Si l\u2019\u00e9lectoralisme permet \u00e0 des jeunes de trouver une formation, grand bien leur en fasse. Mais il faudrait que \u00e7a s\u2019inscrive dans la dur\u00e9e et que ce soit un peu plus coh\u00e9rent.\u00a0\u00bb<\/p>\n<p><em>\u00a0<strong>Sur la jeunesse, grande oubli\u00e9e des politiques<\/em>\u00a0<\/strong><br \/>\n\u00ab\u00a0Il n\u2019y a pas de majorit\u00e9 sociale aujourd\u2019hui pour les jeunes.\u00a0\u00bb<br \/>\n\u00ab\u00a0On peut voter \u00e0 18 ans, on peut aller en prison \u00e0 18 ans (m\u00eame avant\u2026) mais il n\u2019y a pas d\u2019autonomie des jeunes \u00e0 18 ans.\u00a0\u00bb<br \/>\n\u00ab\u00a0Les premi\u00e8res victimes de la pr\u00e9carit\u00e9 \u00e9tudiantes sont des jeunes \u00e9trangers, c\u2019est-\u00e0-dire des personnes qui ne votent pas.\u00a0D\u00e8s lors, d\u2019un point de vue \u00e9lectoraliste, ils n\u2019int\u00e9ressent pas les politiques en g\u00e9n\u00e9ral.\u00a0\u00bb<br \/>\n\u00ab\u00a0On fait face aujourd\u2019hui \u00e0 une individualisation des situations : on va proposer des choses individuellement et il n\u2019y aura pas de classe ou de groupe social qui permette \u00e0 chacun de se rendre compte de la r\u00e9alit\u00e9.\u00a0\u00bb<br \/>\n\u00ab\u00a0Il y a beaucoup de politiques en direction des plus \u00e2g\u00e9s parce qu\u2019ils votent et se mobilisent.\u00a0Les jeunes, et a fortiori les jeunes \u00e9trangers, ne votent pas et ils se retrouvent ainsi exclus des politiques publiques.\u00a0\u00bb<br \/>\n\u00ab\u00a0Si un \u00e9tudiant n\u2019a pas de quoi se nourrir, il faut demander des r\u00e9ponses \u00e9tatiques.\u00a0\u00bb<br \/>\n\u00ab\u00a0Co\u2019p1 Solidarit\u00e9s Etudiantes existe depuis septembre 2020 pour r\u00e9pondre \u00e0 un besoin qui \u00e9tait le fait qu\u2019\u00e9norm\u00e9ment d\u2019\u00e9tudiants n\u2019avaient plus de quoi se nourrir, se laver ou acheter des masques chirurgicaux. Co\u2019p1 existe mais ne devrait pas exister (\u2026). Mais Co\u2019p1 existera tant qu\u2019il n\u2019y aura pas de politiques qui sont \u00e0 la hauteur des besoins de la jeunesse et des \u00e9tudiants.\u00a0\u00bb<div id='gallery-1' class='gallery galleryid-13221 gallery-columns-3 gallery-size-thumbnail'><figure class='gallery-item'>\n\t\t\t<div class='gallery-icon landscape'>\n\t\t\t\t<a href='https:\/\/archives.regards.fr\/wp-content\/uploads\/2021\/11\/capture_d_e_cran_2021-11-03_a_14-8a4.36.53.png'><img loading=\"lazy\" decoding=\"async\" width=\"150\" height=\"150\" src=\"https:\/\/archives.regards.fr\/wp-content\/uploads\/2021\/11\/capture_d_e_cran_2021-11-03_a_14-8a4.36.53-150x150.png\" class=\"attachment-thumbnail size-thumbnail\" alt=\"capture_d_e_cran_2021-11-03_a_14.36.53.png\" \/><\/a>\n\t\t\t<\/div><\/figure>\n\t\t<\/div>\n<\/p>\n","protected":false},"excerpt":{"rendered":"<p>Le gouvernement vient de lancer un nouveau dispositif : un parcours d\u2019accompagnement individuel qui pr\u00e9voit notamment une allocation mensuelle pouvant aller jusqu\u2019\u00e0 500 euros. Est-ce assez pour r\u00e9pondre \u00e0 la pr\u00e9carit\u00e9 de la jeunesse ? Ulysse Guttman-Faure, pr\u00e9sident co-fondateur de Co&#8217;p1 Solidarit\u00e9s Etudiantes, est l&#8217;invit\u00e9 de la Midinale.<\/p>\n","protected":false},"author":1204,"featured_media":31120,"comment_status":"open","ping_status":"open","sticky":false,"template":"","format":"standard","meta":{"_themeisle_gutenberg_block_has_review":false,"footnotes":""},"categories":[238],"tags":[293],"class_list":["post-13221","post","type-post","status-publish","format-standard","has-post-thumbnail","hentry","category-la-midinale","tag-entretien"],"_links":{"self":[{"href":"https:\/\/archives.regards.fr\/index.php?rest_route=\/wp\/v2\/posts\/13221","targetHints":{"allow":["GET"]}}],"collection":[{"href":"https:\/\/archives.regards.fr\/index.php?rest_route=\/wp\/v2\/posts"}],"about":[{"href":"https:\/\/archives.regards.fr\/index.php?rest_route=\/wp\/v2\/types\/post"}],"author":[{"embeddable":true,"href":"https:\/\/archives.regards.fr\/index.php?rest_route=\/wp\/v2\/users\/1204"}],"replies":[{"embeddable":true,"href":"https:\/\/archives.regards.fr\/index.php?rest_route=%2Fwp%2Fv2%2Fcomments&post=13221"}],"version-history":[{"count":0,"href":"https:\/\/archives.regards.fr\/index.php?rest_route=\/wp\/v2\/posts\/13221\/revisions"}],"wp:featuredmedia":[{"embeddable":true,"href":"https:\/\/archives.regards.fr\/index.php?rest_route=\/wp\/v2\/media\/31120"}],"wp:attachment":[{"href":"https:\/\/archives.regards.fr\/index.php?rest_route=%2Fwp%2Fv2%2Fmedia&parent=13221"}],"wp:term":[{"taxonomy":"category","embeddable":true,"href":"https:\/\/archives.regards.fr\/index.php?rest_route=%2Fwp%2Fv2%2Fcategories&post=13221"},{"taxonomy":"post_tag","embeddable":true,"href":"https:\/\/archives.regards.fr\/index.php?rest_route=%2Fwp%2Fv2%2Ftags&post=13221"}],"curies":[{"name":"wp","href":"https:\/\/api.w.org\/{rel}","templated":true}]}}