{"id":13220,"date":"2021-11-02T12:29:46","date_gmt":"2021-11-02T11:29:46","guid":{"rendered":"https:\/\/wp.muchomaas.com\/article-claire-lejeune-la-france-regresse-sur-ses-engagements-climatiques\/"},"modified":"2023-06-24T00:21:03","modified_gmt":"2023-06-23T22:21:03","slug":"article-claire-lejeune-la-france-regresse-sur-ses-engagements-climatiques","status":"publish","type":"post","link":"https:\/\/archives.regards.fr\/?p=13220","title":{"rendered":"Claire Lejeune : \u00ab La France r\u00e9gresse sur ses engagements climatiques \u00bb"},"content":{"rendered":"<p class=\"post_excerpt\">La conf\u00e9rence de Glasgow, dite COP26, s\u2019est ouverte dimanche dernier et se tiendra jusqu\u2019au 12 novembre sans la Chine, la Russie ou m\u00eame le Br\u00e9sil qui comptent parmi les plus gros pollueurs du monde. Une nouvelle COP pour quoi faire ? Claire Lejeune, ancienne co-secr\u00e9taire f\u00e9d\u00e9rale des jeunes \u00e9cologistes et membre de l\u2019\u00e9quipe de coordination de R\u00e9silience commune, est l\u2019invit\u00e9e de #LaMidinale.<\/p>\n<h2>UNE MIDINALE \u00c0 VOIR&#8230;<\/h2>\n<p><iframe loading=\"lazy\" width=\"490\" height=\"276\" src=\"https:\/\/www.youtube.com\/embed\/aVc1uXD7tp0\" title=\"YouTube video player\" frameborder=\"0\" allow=\"accelerometer; autoplay; clipboard-write; encrypted-media; gyroscope; picture-in-picture\" allowfullscreen><\/iframe><\/p>\n<p>&nbsp;<\/p>\n<p><h2>ET \u00c0 LIRE&#8230;<\/h2>\n<p><em>\u00a0<strong>Sur les COP en g\u00e9n\u00e9ral<\/em>\u00a0<\/strong><br \/>\n\u00ab\u00a0Avec les COP, on est entr\u00e9 dans quelque chose qui est de l\u2019ordre de la diplomatie incantatoire.\u00a0\u00bb<br \/>\n\u00ab Depuis la premi\u00e8re COP, les gaz \u00e0 effets de serre ont augment\u00e9 de 45%. L\u2019ensemble des engagements pris ne sont pas respect\u00e9s.\u00a0La posture de Macron est embl\u00e9matique de \u00e7a : il a un discours tr\u00e8s paternaliste envers certains autres pays alors que la France est en situation de d\u00e9linquance.\u00a0Elle a \u00e9t\u00e9 condamn\u00e9e plusieurs fois par l\u2019Union europ\u00e9enne pour non-respect notamment des normes en mati\u00e8re de pollution de l\u2019air. Elle a aussi \u00e9t\u00e9 condamn\u00e9e par le Conseil d\u2019Etat. \u00bb<br \/>\n\u00ab\u00a0La France est mal plac\u00e9e pour donner des le\u00e7ons au monde.\u00a0\u00bb<br \/>\n\u00ab\u00a0La France r\u00e9gresse sur ses engagements pris en mati\u00e8re climatique.\u00a0\u00bb<br \/>\n\u00ab On est dans une phase o\u00f9 tous les espaces sont bons pour faire pression et faire avancer les choses.\u00a0\u00bb<br \/>\n\u00ab\u00a0Sans leadership et une coalition d\u2019Etats qui prennent en main le d\u00e9fis climatique, \u00e7a restera des raouts diplomatiques sans effets r\u00e9els.\u00a0\u00bb\u00a0<br \/>\n\u00ab\u00a0Selon les derni\u00e8res estimations, on s\u2019oriente vers un monde \u00e0 +2,7\u00b0C d\u2019ici \u00e0 2100 c\u2019est-\u00e0-dire un enfer sur Terre. \u00bb<br \/>\n\u00ab\u00a0Il faut changer les bases de notre syst\u00e8me \u00e9conomique et social.\u00a0\u00bb<\/p>\n<p><em>\u00a0<strong>Sur les accords de libre \u00e9change\u00a0<\/em>\u00a0<\/strong><br \/>\n\u00ab\u00a0On est dans une situation de capitulation par rapport au d\u00e9r\u00e8glement climatique. Et pour maquiller \u00e7a, on recourt au march\u00e9.\u00a0\u00bb<br \/>\n\u00ab\u00a0Le march\u00e9 carbone est embl\u00e9matique du fait qu\u2019on n\u2019est pas dans une compr\u00e9hension de l\u2019\u00e9cologie politique qui inclut les questions de justice sociale. Avec le march\u00e9 carbone, on cr\u00e9e des ph\u00e9nom\u00e8nes de compensation et non pas de r\u00e9duction et ou les in\u00e9galit\u00e9s entre les pays rejouent \u00e0 plein.\u00a0\u00bb<br \/>\n\u00ab\u00a0L\u2019\u00e9cologie des petits gestes \u00e0 la Macron fait partie d\u2019une \u00e9cologie lib\u00e9rale.\u00a0\u00bb<br \/>\n\u00ab\u00a0Il faut remplacer les d\u00e9cideurs qui restent dans une logique lib\u00e9rale qui ne veulent pas s\u2019attaquer \u00e0 la racine du probl\u00e8me.\u00a0\u00bb<br \/>\n\u00ab\u00a0La soci\u00e9t\u00e9 civile n\u2019a pas attendu les d\u00e9cideurs pour se mobiliser.\u00a0\u00bb<br \/>\n\u00ab\u00a0Il y a aussi un activisme juridique qui se met en place.\u00a0\u00bb<br \/>\n\u00ab\u00a0Il faut s\u2019attaquer aux questions de fiscalit\u00e9 et remettre le mod\u00e8le \u00e9conomique dans lequel on fonctionne.\u00a0\u00bb<\/p>\n<p><em>\u00a0<strong>Sur l\u2019immobilisme des gouvernants\u00a0<\/em>\u00a0<\/strong><br \/>\n\u00ab\u00a0Une des facettes de l\u2019immobilisme, c\u2019est le fait que le d\u00e9bat public est satur\u00e9 par les questions identitaires.\u00a0\u00bb<br \/>\n\u00ab\u00a0On est dans un \u00e9tat d\u2019urgence climatique qui commence \u00e0 avoir des r\u00e9percussions en termes de vie humaine.\u00a0\u00bb<br \/>\n\u00ab\u00a0Cette COP a \u00e9t\u00e9 d\u00e9cal\u00e9e d\u2019un an \u00e0 cause d\u2019une pand\u00e9mie qui n\u2019est pas sans lien avec la d\u00e9gradation de la biodiversit\u00e9.\u00a0\u00bb<br \/>\n\u00ab\u00a0On va rentrer dans un cycle de crises ou m\u00eame la diplomatie climatique devient impossible.\u00a0\u00bb<br \/>\n\u00ab\u00a0On est dans une corde assez raide.\u00a0\u00bb<\/p>\n<p><em>\u00a0<strong>Sur la responsabilit\u00e9 des gouvernants\u00a0<\/em>\u00a0<\/strong><br \/>\n\u00ab\u00a0Macron ment et avance des contre v\u00e9rit\u00e9s.\u00a0\u00bb<br \/>\n\u00ab\u00a0Le souci avec la responsabilit\u00e9 directe d\u2019individus c\u2019est que les \u00e9lections passent mais la machine reste l\u00e0, donc il nous faut des condamnations qui puissent tenir dans le temps.\u00a0\u00bb<br \/>\n\u00ab\u00a0Il y a toute une g\u00e9n\u00e9ration d\u2019activistes qui s\u2019empare de la question juridique.\u00a0\u00bb<br \/>\n\u00ab\u00a0Je doute que les deux condamnations pour inaction climatique soient suivies d\u2019effets quand on voit la direction que prend le gouvernement d\u2019Emmanuel Macron.\u00a0\u00bb<br \/>\n\u00ab\u00a0Il faudrait trouver les leviers juridiques pour mettre en cause la responsabilit\u00e9 directe des individus qui gouvernent.\u00a0\u00bb<br \/>\n\u00ab\u00a0Quelques centaines d\u2019individus surpuissants qui, \u00e0 l\u2019\u00e9chelle de la plan\u00e8te, sont en train de condamner l\u2019avenir de l\u2019humanit\u00e9.\u00a0\u00bb<br \/>\n\u00ab\u00a0Il y a la diplomatie de fa\u00e7ade tr\u00e8s couverte par les m\u00e9dias quand, dans les coulisses, s\u2019op\u00e8re un lobbying intense par les industries fossiles.\u00a0\u00bb<\/p>\n<p><em>\u00a0<strong>Sur l\u2019exemplarit\u00e9 nationale et individuelle en mati\u00e8re \u00e9cologique<\/em>\u00a0<\/strong><br \/>\n\u00ab Dire que l\u2019on va perdre en comp\u00e9titivit\u00e9 en s\u2019engageant dans la transition \u00e9cologique, c\u2019est conc\u00e9der que l\u2019on va rester dans une perspective lib\u00e9rale.\u00a0\u00bb<br \/>\n\u00ab\u00a0Le protectionnisme aujourd\u2019hui, il est \u00e0 la fois vert et solidaire : il faut que chaque espace territorial puisse avoir son autonomie du point de vue \u00e9nerg\u00e9tique et alimentaire.\u00a0\u00bb<br \/>\n\u00ab\u00a0Si demain, on a un gouvernement \u00e9colo qui arrive \u00e0 entra\u00eener une coalition de pays europ\u00e9ens, cela voudra dire que l\u2019Union europ\u00e9enne sera figure de proue sur la question et cela reconfigurera la g\u00e9opolitique \u00e0 l\u2019\u00e9chelle globale.\u00a0\u00bb<br \/>\n\u00ab\u00a0L\u2019\u00e9cologie politique est syst\u00e9mique : c\u2019est au syst\u00e8me de changer pour que les individus puissent changer plut\u00f4t que l\u2019inverse.\u00a0\u00bb<\/p>\n<p><em>\u00a0<strong>Sur 2022<\/em>\u00a0<\/strong><br \/>\n\u00ab\u00a0Force est de constater que 2022 pour notre camp ne joue pas r\u00e9ellement en commun.\u00a0\u00bb<br \/>\n\u00ab\u00a0Il ne faut pas perdre l\u2019espoir qu\u2019il y ait, \u00e0 un moment, une dynamique de rassemblement.\u00a0\u00bb<br \/>\n\u00ab\u00a0Aujourd\u2019hui, je crois beaucoup plus dans l\u2019\u00e9mergence d\u2019une dynamique \u00e0 partir d\u2019un centre de gravit\u00e9 plut\u00f4t que d\u2019initiatives qui viendraient par l\u2019ext\u00e9rieur forcer l\u2019union de l\u2019ensemble des candidatures.\u00a0\u00bb<br \/>\n\u00ab\u00a0On a besoin d\u2019un front commun, notamment parce que l\u2019on fait face \u00e0 rien de moins qu\u2019un p\u00e9ril fasciste en France.\u00a0\u00bb<div id='gallery-1' class='gallery galleryid-13220 gallery-columns-3 gallery-size-thumbnail'><figure class='gallery-item'>\n\t\t\t<div class='gallery-icon landscape'>\n\t\t\t\t<a href='https:\/\/archives.regards.fr\/wp-content\/uploads\/2021\/11\/capture_d_e_cran_2021-11-02_a_12-9e9.14.47.png'><img loading=\"lazy\" decoding=\"async\" width=\"150\" height=\"150\" src=\"https:\/\/archives.regards.fr\/wp-content\/uploads\/2021\/11\/capture_d_e_cran_2021-11-02_a_12-9e9.14.47-150x150.png\" class=\"attachment-thumbnail size-thumbnail\" alt=\"capture_d_e_cran_2021-11-02_a_12.14.47.png\" \/><\/a>\n\t\t\t<\/div><\/figure>\n\t\t<\/div>\n<\/p>\n","protected":false},"excerpt":{"rendered":"<p>La conf\u00e9rence de Glasgow, dite COP26, s\u2019est ouverte dimanche dernier et se tiendra jusqu\u2019au 12 novembre sans la Chine, la Russie ou m\u00eame le Br\u00e9sil qui comptent parmi les plus gros pollueurs du monde. Une nouvelle COP pour quoi faire ? Claire Lejeune, ancienne co-secr\u00e9taire f\u00e9d\u00e9rale des jeunes \u00e9cologistes et membre de l\u2019\u00e9quipe de coordination de R\u00e9silience commune, est l\u2019invit\u00e9e de #LaMidinale.<\/p>\n","protected":false},"author":1204,"featured_media":31118,"comment_status":"open","ping_status":"open","sticky":false,"template":"","format":"standard","meta":{"_themeisle_gutenberg_block_has_review":false,"footnotes":""},"categories":[238],"tags":[293],"class_list":["post-13220","post","type-post","status-publish","format-standard","has-post-thumbnail","hentry","category-la-midinale","tag-entretien"],"_links":{"self":[{"href":"https:\/\/archives.regards.fr\/index.php?rest_route=\/wp\/v2\/posts\/13220","targetHints":{"allow":["GET"]}}],"collection":[{"href":"https:\/\/archives.regards.fr\/index.php?rest_route=\/wp\/v2\/posts"}],"about":[{"href":"https:\/\/archives.regards.fr\/index.php?rest_route=\/wp\/v2\/types\/post"}],"author":[{"embeddable":true,"href":"https:\/\/archives.regards.fr\/index.php?rest_route=\/wp\/v2\/users\/1204"}],"replies":[{"embeddable":true,"href":"https:\/\/archives.regards.fr\/index.php?rest_route=%2Fwp%2Fv2%2Fcomments&post=13220"}],"version-history":[{"count":0,"href":"https:\/\/archives.regards.fr\/index.php?rest_route=\/wp\/v2\/posts\/13220\/revisions"}],"wp:featuredmedia":[{"embeddable":true,"href":"https:\/\/archives.regards.fr\/index.php?rest_route=\/wp\/v2\/media\/31118"}],"wp:attachment":[{"href":"https:\/\/archives.regards.fr\/index.php?rest_route=%2Fwp%2Fv2%2Fmedia&parent=13220"}],"wp:term":[{"taxonomy":"category","embeddable":true,"href":"https:\/\/archives.regards.fr\/index.php?rest_route=%2Fwp%2Fv2%2Fcategories&post=13220"},{"taxonomy":"post_tag","embeddable":true,"href":"https:\/\/archives.regards.fr\/index.php?rest_route=%2Fwp%2Fv2%2Ftags&post=13220"}],"curies":[{"name":"wp","href":"https:\/\/api.w.org\/{rel}","templated":true}]}}