{"id":13218,"date":"2021-10-29T15:52:54","date_gmt":"2021-10-29T13:52:54","guid":{"rendered":"https:\/\/wp.muchomaas.com\/article-ne-cedez-rien-a-l-extreme-droite-genevieve-jacques-interpelle-la-gauche-sur-les\/"},"modified":"2023-06-24T00:21:02","modified_gmt":"2023-06-23T22:21:02","slug":"article-ne-cedez-rien-a-l-extreme-droite-genevieve-jacques-interpelle-la-gauche-sur-les","status":"publish","type":"post","link":"https:\/\/archives.regards.fr\/?p=13218","title":{"rendered":"\u00ab Ne c\u00e9dez rien \u00e0 l\u2019extr\u00eame droite ! \u00bb : Genevi\u00e8ve Jacques interpelle la gauche sur les migrants"},"content":{"rendered":"<p class=\"post_excerpt\">Le traitement indigne des exil\u00e9s en France, dans une p\u00e9riode d\u2019extr\u00eame tension li\u00e9e aux discours d\u00e9complex\u00e9s d\u2019une extr\u00eame droite omnipr\u00e9sente, continue de mobiliser les associations humanitaires malgr\u00e9 les intimidations r\u00e9p\u00e9t\u00e9es des forces de l\u2019ordre et du gouvernement. Les militants r\u00e9sistent. Parmi eux, Genevi\u00e8ve Jacques, ancienne pr\u00e9sidente de La Cimade, est l\u2019invit\u00e9e de #LaMidinale.<\/p>\n<h2>UNE MIDINALE \u00c0 VOIR&#8230;<\/h2>\n<p><iframe loading=\"lazy\" width=\"490\" height=\"276\" src=\"https:\/\/www.youtube.com\/embed\/j6xnZF0jD4s\" title=\"YouTube video player\" frameborder=\"0\" allow=\"accelerometer; autoplay; clipboard-write; encrypted-media; gyroscope; picture-in-picture\" allowfullscreen><\/iframe><\/p>\n<p>&nbsp;<\/p>\n<p><h2>ET \u00c0 LIRE&#8230;<\/h2>\n<p><em>\u00a0<strong>Sur la France comme terre d\u2019accueil<\/em>\u00a0<\/strong><br \/>\n\u00ab\u00a0La France n\u2019est pas une terre d\u2019accueil comme elle devrait l\u2019\u00eatre.\u00a0\u00bb<br \/>\n\u00ab\u00a0Nous sommes dans une situation tr\u00e8s particuli\u00e8re actuellement avec une forme de maltraitance administrative et d\u2019inhumanit\u00e9 dans le fonctionnement des pr\u00e9fectures et des politiques comme on l\u2019a rarement vu avant.\u00a0\u00bb<br \/>\n\u00ab\u00a0Il y a des id\u00e9es toxiques et pourries qui polluent l\u2019atmosph\u00e8re.\u00a0\u00bb<br \/>\n\u00ab\u00a0Sur un certain nombre de terrains, dont Calais est un exemple caricatural, on ne peut pas dire que la France soit \u00e0 la hauteur de sa r\u00e9putation et de ce qu\u2019elle pr\u00e9tend \u00eatre en tant que terre d\u2019asile.\u00a0\u00bb<br \/>\n\u00ab\u00a0Les obstacles s\u2019intensifient au prix d\u2019une inhumanit\u00e9 qui nous sid\u00e8re.\u00a0\u00bb\u00a0<br \/>\n\u00ab\u00a0On est hallucin\u00e9 de voir dans quelles conditions sont trait\u00e9s les \u00eatres humains et quelle humiliation \u00e7a repr\u00e9sente.\u00a0\u00bb<br \/>\n\u00ab\u00a0On est en col\u00e8re.\u00a0\u00bb<br \/>\n\u00ab\u00a0Les autorit\u00e9s pensent que l\u2019inhospitalit\u00e9 et l\u2019inhumanit\u00e9 emp\u00eachera la France de devenir attractive.\u00a0\u00bb<br \/>\n\u00ab\u00a0C\u2019est pas parce qu\u2019il y aura des lieux dignes et des lits confortables \u00e0 Calais que les gens viendront plus.\u00a0\u00c7a n\u2019est pas \u00e7a qui fait venir les gens. \u00bb<\/p>\n<p><em>\u00a0<strong>Sur la criminalisation de la solidarit\u00e9\u00a0<\/em>\u00a0<\/strong><br \/>\n\u00ab\u00a0Ce qu\u2019il se passe \u00e0 Calais en ce moment avec les gr\u00e8ves de la faim et les actions des associations prouve qu\u2019il y a beaucoup de citoyens qui veulent r\u00e9sister et qui consid\u00e8rent que la situation est intol\u00e9rable.\u00a0\u00bb<br \/>\n\u00ab\u00a0La mani\u00e8re dont on traite des familles, des femmes et des enfants est inacceptable.\u00a0\u00bb<br \/>\n\u00ab\u00a0On ne peut pas accepter les in\u00e9galit\u00e9s entre les \u00eatres humains.\u00a0\u00bb<br \/>\n\u00ab\u00a0Il y a une tentation des pouvoirs nationaux et locaux \u00e0 criminaliser la solidarit\u00e9 mais \u00e7a n\u2019emp\u00eache pas les associations de continuer leurs combats.\u00a0\u00bb\u00a0<br \/>\n\u00ab On parle de gens qui se trouvent en danger \u00e0 cause des politiques migratoires et leur seul crime c\u2019est de pouvoir vivre dignement dans nos pays.\u00a0\u00bb<\/p>\n<p><em>\u00a0<strong>Sur les d\u00e9placements de population\u00a0<\/em>\u00a0<\/strong><br \/>\n\u00ab\u00a0La r\u00e9alit\u00e9 migratoire ne va pas cesser, bien au contraire et c\u2019est m\u00eame l\u2019histoire de l\u2019humanit\u00e9.\u00a0\u00bb<br \/>\n\u00ab\u00a0Le d\u00e9nie de cette r\u00e9alit\u00e9 conduit \u00e0 des situations de morts \u00e0 nos fronti\u00e8res.\u00a0\u00bb<br \/>\n\u00ab\u00a0Il faut repenser les mobilit\u00e9s humaines.\u00a0\u00bb<br \/>\n\u00ab\u00a0Il faut accueillir et \u00e9couter.\u00a0\u00bb<br \/>\n\u00ab\u00a0Il nous faut imposer un changement de regard face aux migrations.\u00a0\u00bb<br \/>\n\u00ab\u00a0Les discours d\u2019enfermements nationalistes sont non seulement inacceptables sur un plan d\u00e9mocratique mais en plus sont irr\u00e9alisables.\u00a0\u00bb<br \/>\n\u00ab\u00a0Ce qu\u2019on pourrait esp\u00e9rer, c\u2019est une analyse et une conception de la coresponsabilit\u00e9 de tous les pays vis-\u00e0-vis de la marche du monde.\u00a0\u00bb<br \/>\n\u00ab\u00a0Nous avons une co-responsabilit\u00e9 \u00e0 repenser notre rapport aux migrations.\u00a0\u00bb<br \/>\n\u00ab\u00a0Il serait grand temps de prendre conscience que les questions de mobilit\u00e9s humaines sont une probl\u00e9matique qui concerne tout le monde &#8211; \u00e0 commencer par la France qui est traditionnellement un pays d\u2019immigration.\u00a0\u00bb<br \/>\n\u00ab\u00a0On a tous des anc\u00eatres qui viennent d\u2019ailleurs.\u00a0\u00bb<\/p>\n<p><em>\u00a0<strong>Sur la lecture utilitariste des migrations<\/em>\u00a0<\/strong><br \/>\n\u00ab\u00a0\u00c0 La Cimade, nous sommes prudents sur l\u2019utilisation des chiffres. Il y a un rapport utilitariste \u00e0 pr\u00e9senter les migrations en termes de co\u00fbts et b\u00e9n\u00e9fices.\u00a0On parle d\u2019\u00eatres humains (\u2026). Ceci dit, dire que les migrations ne sont pas un danger \u00e9conomique est n\u00e9cessaire et si c\u2019est prouv\u00e9 par la statistique et les chercheurs, on ne va pas se priver de ces ressources. Bon, pour autant, nous \u00e0 La Cimade on pr\u00e9f\u00e8re ne pas raisonner en ces termes.\u00a0Mais si ces donn\u00e9es permettent de d\u00e9gonfler tous les mensonges, pourquoi pas. \u00bb<\/p>\n<p><em>\u00a0<strong>Sur les pr\u00e9jug\u00e9s et les fantasmes\u00a0<\/em>\u00a0<\/strong><br \/>\n\u00ab\u00a0La peur est l\u2019outil qu\u2019utilisent les d\u00e9magogues de tout poil et surtout ceux d\u2019extr\u00eame droite.\u00a0\u00bb<br \/>\n\u00ab\u00a0Les migrations se font essentiellement du sud vers le sud.\u00a0\u00bb<br \/>\n\u00ab\u00a0Il n\u2019y a rien qu\u2019y soit identifiable \u00e0 une submersion.\u00a0\u00bb<br \/>\n\u00ab\u00a0La peur des migrations est instrumentalis\u00e9e par les m\u00e9dias.\u00a0\u00bb<br \/>\n\u00ab\u00a0Un pays comme la France n\u2019est pas du tout submerg\u00e9.\u00a0\u00bb<br \/>\n\u00ab\u00a0Comme le dit Fran\u00e7ois H\u00e9ran, 80% des entr\u00e9es annuelles en France sont de droit.\u00a0\u00bb<br \/>\n\u00ab\u00a0Cette id\u00e9e, ce fantasme, d\u2019arriv\u00e9es clandestines en France ne repose sur aucune base statistique r\u00e9elle.\u00a0\u00bb<\/p>\n<p><em>\u00a0<strong>Sur l\u2019accueil de migrants en Allemagne \/ France<\/em>\u00a0<\/strong><br \/>\n\u00ab\u00a0Les Allemands ont eu une dirigeante qui face \u00e0 la r\u00e9alit\u00e9, au lieu de dire \u2018on ne peut pas\u2019 \u00e0 dit \u2018nous, peuple allemand, on y arrivera\u2019.\u00a0Les Allemands \u00e9taient pr\u00eats \u00e0 accueillir. \u00bb<br \/>\n\u00ab\u00a0En France, on a eu des dirigeants qui ont commenc\u00e9 par dire qu\u2019on n\u2019\u00e9tait pas pr\u00eat et qu\u2019on n\u2019avait pas les moyens d\u2019accueillir.\u00a0\u00bb<br \/>\n\u00ab\u00a0Souvent, la premi\u00e8re r\u00e9action des gens est la crainte et quand il se passe une rencontre humaine, \u00e7a change leur regard.\u00a0\u00bb<br \/>\n\u00ab\u00a0Il y a des endroits entiers, dans nos campagnes, o\u00f9 il y a des logements vides.\u00a0\u00bb<\/p>\n<p><em>\u00a0<strong>Sur Emmanuel Macron et le gouvernement<\/em>\u00a0<\/strong><br \/>\n\u00ab Nous vivons une \u00e9poque o\u00f9 le gouffre entre les discours &#8211; et en particulier celui du pr\u00e9sident &#8211; et la r\u00e9alit\u00e9 sur le terrain est devenu insupportable.\u00a0\u00c7a donne le vertige. \u00bb\u00a0<br \/>\n\u00ab La diff\u00e9rence entre les beaux discours de Macron et les politiques mises en \u0153uvre donne le vertige.\u00a0\u00bb<br \/>\n\u00ab\u00a0Acc\u00e9der aux droits est devenu un parcours du combattant.\u00a0\u00bb<br \/>\n\u00ab\u00a0On ne croit plus aux beaux discours.\u00a0\u00bb<br \/>\n\u00ab\u00a0Nous avons besoin d\u2019une autre politique.\u00a0\u00bb<\/p>\n<p><em>\u00a0<strong>Sur la gauche<\/em>\u00a0<\/strong><br \/>\n\u00ab\u00a0Ce que l\u2019on attend de ce que devrait \u00eatre la gauche, c\u2019est le courage de consid\u00e9rer les questions migratoires comme des questions essentielles de d\u00e9mocratie et non pas de caler ses discours sur la droite ou l\u2019extr\u00eame droite.\u00a0\u00bb<br \/>\n\u00ab\u00a0Il faut que la gauche arr\u00eate la comp\u00e9tition avec la droite et l\u2019extr\u00eame droite sur les questions de s\u00e9curit\u00e9 parce que c\u2019est \u00e0 l\u2019aune du traitement des personnes \u00e9trang\u00e8res et des personnes les plus vuln\u00e9rables que l\u2019on juge de la solidit\u00e9 de nos d\u00e9mocraties et qui est de gauche et qui ne l\u2019est pas.\u00a0\u00bb<br \/>\n\u00ab\u00a0Je veux dire aux candidats et aux candidates de gauche \u00e0 l\u2019\u00e9lection pr\u00e9sidentielle : ayez le courage de tenir des paroles de v\u00e9rit\u00e9 sur la r\u00e9alit\u00e9 des mouvements migratoires et la n\u00e9cessit\u00e9 d\u2019accorder un respect de la dignit\u00e9 des personnes qui sont l\u00e0 (\u2026) sans peur des r\u00e9actions excessives de l\u2019extr\u00eame droite.\u00a0\u00bb<\/p>\n<p><em>\u00a0<strong>Sur l\u2019\u00e9tat du d\u00e9bat public<\/em>\u00a0<\/strong><br \/>\n\u00ab\u00a0Il y a une survalorisation m\u00e9diatique du monsieur Z et des discours lep\u00e9nistes qui ne correspondent pas forc\u00e9ment \u00e0 la r\u00e9alit\u00e9.\u00a0\u00bb<br \/>\n\u00ab\u00a0L\u2019anxi\u00e9t\u00e9 par rapport \u00e0 l\u2019avenir &#8211; les \u00e9preuves de la vie comme le dit Pierre Rosanvallon &#8211; affaiblit le tissu collectif : les gens se renferment sur leurs peurs.\u00a0\u00bb<br \/>\n\u00ab\u00a0Si aujourd\u2019hui on refuse de l\u2019aide \u00e0 une famille qui vient d\u2019Afrique, demain on la refusera \u00e0 quelqu\u2019un qui a mauvaise mine ou qui n\u2019a pas le bon genre.\u00a0\u00bb<br \/>\n\u00ab\u00a0A partir du moment o\u00f9 l\u2019on fait des diff\u00e9rences entre les gens qui sont l\u00e0 et qui ont faim, on est sur une tr\u00e8s mauvaise pente.\u00a0\u00bb<div id='gallery-1' class='gallery galleryid-13218 gallery-columns-3 gallery-size-thumbnail'><figure class='gallery-item'>\n\t\t\t<div class='gallery-icon landscape'>\n\t\t\t\t<a href='https:\/\/archives.regards.fr\/wp-content\/uploads\/2021\/10\/capture_d_e_cran_2021-10-29_a_15-609.36.10.png'><img loading=\"lazy\" decoding=\"async\" width=\"150\" height=\"150\" src=\"https:\/\/archives.regards.fr\/wp-content\/uploads\/2021\/10\/capture_d_e_cran_2021-10-29_a_15-609.36.10-150x150.png\" class=\"attachment-thumbnail size-thumbnail\" alt=\"capture_d_e_cran_2021-10-29_a_15.36.10.png\" \/><\/a>\n\t\t\t<\/div><\/figure>\n\t\t<\/div>\n<\/p>\n","protected":false},"excerpt":{"rendered":"<p>Le traitement indigne des exil\u00e9s en France, dans une p\u00e9riode d\u2019extr\u00eame tension li\u00e9e aux discours d\u00e9complex\u00e9s d\u2019une extr\u00eame droite omnipr\u00e9sente, continue de mobiliser les associations humanitaires malgr\u00e9 les intimidations r\u00e9p\u00e9t\u00e9es des forces de l\u2019ordre et du gouvernement. Les militants r\u00e9sistent. Parmi eux, Genevi\u00e8ve Jacques, ancienne pr\u00e9sidente de La Cimade, est l\u2019invit\u00e9e de #LaMidinale.<\/p>\n","protected":false},"author":1039,"featured_media":31114,"comment_status":"open","ping_status":"open","sticky":false,"template":"","format":"standard","meta":{"_themeisle_gutenberg_block_has_review":false,"footnotes":""},"categories":[238],"tags":[293],"class_list":["post-13218","post","type-post","status-publish","format-standard","has-post-thumbnail","hentry","category-la-midinale","tag-entretien"],"_links":{"self":[{"href":"https:\/\/archives.regards.fr\/index.php?rest_route=\/wp\/v2\/posts\/13218","targetHints":{"allow":["GET"]}}],"collection":[{"href":"https:\/\/archives.regards.fr\/index.php?rest_route=\/wp\/v2\/posts"}],"about":[{"href":"https:\/\/archives.regards.fr\/index.php?rest_route=\/wp\/v2\/types\/post"}],"author":[{"embeddable":true,"href":"https:\/\/archives.regards.fr\/index.php?rest_route=\/wp\/v2\/users\/1039"}],"replies":[{"embeddable":true,"href":"https:\/\/archives.regards.fr\/index.php?rest_route=%2Fwp%2Fv2%2Fcomments&post=13218"}],"version-history":[{"count":0,"href":"https:\/\/archives.regards.fr\/index.php?rest_route=\/wp\/v2\/posts\/13218\/revisions"}],"wp:featuredmedia":[{"embeddable":true,"href":"https:\/\/archives.regards.fr\/index.php?rest_route=\/wp\/v2\/media\/31114"}],"wp:attachment":[{"href":"https:\/\/archives.regards.fr\/index.php?rest_route=%2Fwp%2Fv2%2Fmedia&parent=13218"}],"wp:term":[{"taxonomy":"category","embeddable":true,"href":"https:\/\/archives.regards.fr\/index.php?rest_route=%2Fwp%2Fv2%2Fcategories&post=13218"},{"taxonomy":"post_tag","embeddable":true,"href":"https:\/\/archives.regards.fr\/index.php?rest_route=%2Fwp%2Fv2%2Ftags&post=13218"}],"curies":[{"name":"wp","href":"https:\/\/api.w.org\/{rel}","templated":true}]}}