{"id":13217,"date":"2021-10-28T16:52:11","date_gmt":"2021-10-28T14:52:11","guid":{"rendered":"https:\/\/wp.muchomaas.com\/article-pr-andre-grimaldi-olivier-veran-a-vote-toutes-les-lois-d-etranglement-de-l\/"},"modified":"2023-06-24T00:21:01","modified_gmt":"2023-06-23T22:21:01","slug":"article-pr-andre-grimaldi-olivier-veran-a-vote-toutes-les-lois-d-etranglement-de-l","status":"publish","type":"post","link":"https:\/\/archives.regards.fr\/?p=13217","title":{"rendered":"Pr. Andr\u00e9 Grimaldi : \u00ab Olivier V\u00e9ran a vot\u00e9 toutes les lois d\u2019\u00e9tranglement de l\u2019h\u00f4pital public \u00bb"},"content":{"rendered":"<p class=\"post_excerpt\">Paradoxe des temps, alors que l\u2019on traverse une crise sanitaire sans pr\u00e9c\u00e9dent, notre syst\u00e8me de sant\u00e9 continue de supprimer des lits : pr\u00e8s de 100.000 en trois quinquennats. Les soignants sont \u00e0 bout. Beaucoup d\u00e9missionnent. Les services des h\u00f4pitaux saturent. O\u00f9 va l\u2019h\u00f4pital public ? Le Professeur Andr\u00e9 Grimaldi, auteur du <em>Manifeste pour la sant\u00e9 2022<\/em> (\u00c9d. Odile Jacob), est l\u2019invit\u00e9 de #LaMidinale.<\/p>\n<h2>UNE MIDINALE \u00c0 VOIR&#8230;<\/h2>\n<p><iframe loading=\"lazy\" width=\"490\" height=\"276\" src=\"https:\/\/www.youtube.com\/embed\/I4SgBD1oBCA\" title=\"YouTube video player\" frameborder=\"0\" allow=\"accelerometer; autoplay; clipboard-write; encrypted-media; gyroscope; picture-in-picture\" allowfullscreen><\/iframe><\/p>\n<p>&nbsp;<\/p>\n<p><h2>ET \u00c0 LIRE&#8230;<\/h2>\n<p><em>\u00a0<strong>Sur la d\u00e9mocratie sanitaire\u00a0<\/em>\u00a0<\/strong><br \/>\n\u00ab\u00a0On a un probl\u00e8me d\u00e9mocratique en France. Celui qui est \u00e9lu pr\u00e9sident de la R\u00e9publique consid\u00e8re qu\u2019une fois \u00e9lu, il a tous les pouvoirs.\u00a0\u00bb<br \/>\n\u00ab\u00a0Il n\u2019y a pas de d\u00e9bat d\u00e9mocratique dans ce pays et on l\u2019a vu lors de la crise Covid.\u00a0\u00bb<\/p>\n<p><em>\u00a0<strong>Sur le d\u00e9clin de notre syst\u00e8me de sant\u00e9<\/em>\u00a0<\/strong><br \/>\n\u00ab\u00a0Il faut partir de nos besoins de sant\u00e9.\u00a0Il y a quatre m\u00e9decines : les maladies aigu\u00ebs b\u00e9nignes et la m\u00e9decine de ville y r\u00e9pond tr\u00e8s bien. Il y a les maladies aigu\u00ebs, graves ou complexes et les h\u00f4pitaux, les CHU y r\u00e9pondent tr\u00e8s bien. Sur ces deux mod\u00e8les de maladies &#8211; centr\u00e9s sur les maladies et les gestes techniques &#8211; la France reste tr\u00e8s bien plac\u00e9e (\u2026). Cette m\u00e9decine-l\u00e0 se d\u00e9grade mais elle fonctionne. La troisi\u00e8me m\u00e9decine : les maladies chroniques. Une v\u00e9ritable \u00e9pid\u00e9mie : 21 millions de personnes (\u2026). Sur \u00e7a, nous sommes mauvais. Notre syst\u00e8me de sant\u00e9 n\u2019a pas \u00e9t\u00e9 construit pour \u00e7a.\u00a0\u00bb\u00a0<br \/>\n\u00ab\u00a0Sur les maladies chroniques, on est mauvais sur la pr\u00e9vention, la coordination des soins et le travail en \u00e9quipe.\u00a0La maladie chronique, c\u2019est n\u00e9cessairement une coordination des soins. \u00bb<br \/>\n\u00ab\u00a0Les CHU se sont construits sur le progr\u00e8s technologique.\u00a0\u00bb<br \/>\n\u00ab\u00a0On a perdu la bataille. La loi Bachelot est une loi centr\u00e9e sur le mod\u00e8le de la chirurgie ambulatoire.\u00a0Une m\u00e9decine technique, standardis\u00e9e. On consid\u00e8re que c\u2019est \u00e7a le progr\u00e8s. \u00bb<br \/>\n\u00ab\u00a0La tarification \u00e0 l\u2019activit\u00e9 est un non sens.\u00a0\u00bb<br \/>\n\u00ab\u00a0On a fabriqu\u00e9 une m\u00e9decine industrielle o\u00f9 le m\u00e9decin devient un ing\u00e9nieur et l\u2019h\u00f4pital une entreprise.\u00a0\u00c7a n\u2019est pas un mod\u00e8le de m\u00e9decine et encore moins de sant\u00e9 publique. \u00bb<br \/>\n\u00ab\u00a0La sant\u00e9 est un bien commun qui doit \u00e9chapper aux logiques du march\u00e9.\u00a0\u00bb<\/p>\n<p><em>\u00a0<strong>Sur les fermetures de lits et l\u2019enqu\u00eate du gouvernement\u00a0<\/em>\u00a0<\/strong><br \/>\n\u00ab\u00a0Les propos de Gabriel Attal sont tous \u00e0 c\u00f4t\u00e9 de la plaque.\u00a0\u00bb<br \/>\n\u00ab\u00a0Olivier V\u00e9ran \u00e9tait le rapporteur de la loi Touraine et il a vot\u00e9 toutes les lois d\u2019\u00e9tranglement de l\u2019h\u00f4pital.\u00a0\u00bb<br \/>\n\u00ab\u00a0En 2017, est arriv\u00e9e la r\u00e9forme n\u00e9olib\u00e9rale qui consid\u00e8re que les services publics co\u00fbtent trop, doivent \u00eatre ou privatis\u00e9s ou g\u00e9r\u00e9s comme des entreprises priv\u00e9es.\u00a0C\u2019est le dogme. Tout service qui peut \u00eatre mesur\u00e9 et tarif\u00e9 doit \u00eatre mis en concurrence. Cette logique est absurde. \u00bb<br \/>\n\u00ab\u00a0La confiance est rompue.\u00a0\u00bb\u00a0<br \/>\n\u00ab\u00a0La sant\u00e9 est un bien commun qui doit \u00e9chapper aux logiques du march\u00e9.\u00a0\u00bb<\/p>\n<p><em>\u00a0<strong>Sur la production de m\u00e9dicaments<\/strong>\u00a0<\/em><br \/>\n\u00ab\u00a080% des m\u00e9dicaments essentiels sont de vieux m\u00e9dicaments et on est en rupture\u00a0 permanente parce qu\u2019on consid\u00e8re que \u00e7a n\u2019est plus rentable. Donc on a tout d\u00e9localis\u00e9 (\u2026).\u00a0\u00bb<br \/>\n\u00ab\u00a0On devrait avoir des entreprises publiques de production des m\u00e9dicaments essentiels, id\u00e9alement \u00e0 l\u2019\u00e9chelle europ\u00e9enne.\u00a0\u00bb<br \/>\n\u00ab\u00a0Emmanuel Macron a inaugur\u00e9 en grandes pompes avec aides publiques le retour de la fabrication sur le territoire national du parac\u00e9tamol. Sauf que le parac\u00e9tamol est un m\u00e9dicament utile mais pas essentiel.\u00a0\u00bb<br \/>\n\u00ab\u00a0Il faudrait une transparence compl\u00e8te de la cha\u00eene des co\u00fbts.\u00a0\u00bb<br \/>\n\u00ab\u00a0Les gens se demandent si les vaccins sont pour eux o\u00f9 pour les profits des laboratoires pharmaceutiques ? \u00c7a cr\u00e9e de la d\u00e9fiance.\u00a0\u00bb<\/p>\n<p><em>\u00a0<strong>Sur la rh\u00e9torique guerri\u00e8re d\u2019Emmanuel Macron<\/em>\u00a0<\/strong><br \/>\n\u00ab Macron s\u2019est donn\u00e9 un statut de chef de guerre.\u00a0\u00catre en guerre contre un virus \u00e9tait absurde. \u00bb<br \/>\n\u00ab\u00a0Pourquoi Macron a-t-il impos\u00e9 un huis clos au conseil de D\u00e9fense ? C\u2019\u00e9tait pour que le virus n\u2019entende pas ? On a cach\u00e9 quoi \u00e0 qui ?\u00a0Le d\u00e9bat devait se faire au niveau de la soci\u00e9t\u00e9. \u00bb<br \/>\n\u00ab\u00a0Si on pense qu\u2019on est en guerre, la moindre des choses aurait \u00e9t\u00e9 de chercher l\u2019unit\u00e9 nationale.\u00a0\u00bb<br \/>\n\u00ab\u00a0Le discours de Macron du 12 juillet est scandaleux : c\u2019est l\u00e0 qu\u2019il annonce l\u2019obligation vaccinale et le pass sanitaire. Quand vous prenez une d\u00e9cision pareille, vous cherchez \u00e0 rassembler la nation. Qu\u2019est-ce qu\u2019il fait dans le m\u00eame discours ? Il balance son programme \u00e9lectoral : r\u00e9forme des retraites, r\u00e9forme du ch\u00f4mage et plan de relance. Autrement dit, il dit aux Fran\u00e7ais que ceux qui ne sont pas d\u2019accord avec la r\u00e9forme des retraites ont un moyen d\u2019action qui est de refuser le vaccin. Et si vous acceptez le vaccin, \u00e7a prouve bien que vous \u00eates un macronien. C\u2019est d\u00e9ment !\u00a0C\u2019est jouer d\u2019une mani\u00e8re politicienne avec le vaccin alors qu\u2019il s&#8217;agissait \u00e0 ce moment-l\u00e0 de rassembler la nation. \u00bb<\/p>\n<p><em>\u00a0<strong>Sur l\u2019h\u00f4pital public en ce moment<\/em>\u00a0<\/strong><br \/>\n\u00ab\u00a0On court possiblement vers la catastrophe.\u00a0\u00bb<br \/>\n\u00ab Dans les cinq ans qui suivent leur dipl\u00f4me, un tiers des infirmi\u00e8res changent de m\u00e9tier. Les conditions de travail sont d\u00e9grad\u00e9es.\u00a0Et il y a une perte de sens du travail. \u00bb<br \/>\n\u00ab\u00a0Pour faire soci\u00e9t\u00e9, il faut des valeurs communes qui nous d\u00e9passent.\u00a0\u00bb<br \/>\n\u00ab\u00a0On a assist\u00e9 \u00e0 une c\u00e9r\u00e9monie de panth\u00e9onisation de l\u2019h\u00f4pital.\u00a0\u00bb<br \/>\n\u00ab\u00a0C\u2019est quand on s\u2019est aper\u00e7u qu\u2019on n\u2019avait plus de moyens que les valeurs humaines ont pris le dessus.\u00a0\u00bb<\/p>\n<p><em>\u00a0<strong>Sur les exc\u00e8s et abus dans la sant\u00e9<\/em>\u00a0<\/strong><br \/>\n\u00ab\u00a0Ce ne sont pas les patients qui prescrivent les m\u00e9dicaments, les IRM ou les maisons de repos.\u00a0Il y a des ordonnances avec 23 m\u00e9dicaments ! \u00c7a concerne un nombre de m\u00e9decins limit\u00e9. \u00bb<br \/>\n\u00ab\u00a0Il y a un business de la sant\u00e9.\u00a0\u00bb<br \/>\n\u00ab\u00a020% des prescriptions ne sont pas inutiles, elles sont injustifi\u00e9es.\u00a0\u00bb<br \/>\n\u00ab\u00a0Tout le monde vous raconte des exp\u00e9riences d\u2019examens redondants.\u00a0\u00bb<br \/>\n\u00ab\u00a0On d\u00e9pense plus de cent millions pour doser la vitamine D en France.\u00a0\u00bb<br \/>\n\u00ab\u00a0La tarification \u00e0 l\u2019activit\u00e9 signifie augmenter l\u2019activit\u00e9 : c\u2019est facile d\u2019augmenter l\u2019activit\u00e9 en m\u00e9decine.\u00a0\u00bb<\/p>\n<p><em>\u00a0<strong>Sur l\u2019\u00e9thique de la m\u00e9decine<\/em>\u00a0<\/strong><br \/>\n\u00ab\u00a0En France, on ne d\u00e9bat pas sur nos choix philosophiques et leurs implications : on laisse faire le comportementalisme et l\u2019utilitarisme anglo-saxons.\u00a0\u00bb<br \/>\n\u00ab\u00a0Le corps humain n\u2019est pas \u00e0 vendre, mais lorsque c\u2019est la volont\u00e9 de la personne. Il y a des lois sup\u00e9rieures.\u00a0\u00bb<\/p>\n<p><em>\u00a0<strong>Sur la d\u00e9fiance des Fran\u00e7ais vis-\u00e0-vis des autorit\u00e9s sanitaires<\/em>\u00a0<\/strong><br \/>\n\u00ab\u00a0L\u2019affaire du Mediator a \u00e9t\u00e9 un tournant pour la d\u00e9fiance des Fran\u00e7ais vis-\u00e0-vis des autorit\u00e9s sanitaires.\u00a0\u00bb<br \/>\n\u00ab\u00a0Les politiques, y compris le pr\u00e9sident de la R\u00e9publique, se sont pr\u00e9cipit\u00e9s derri\u00e8re Raoult.\u00a0\u00bb<br \/>\n\u00ab\u00a0La d\u00e9fiance vient de loin : avant de dire que c\u2019est de la faute des fake news ou des populistes, il faudrait d\u2019abord que les autorit\u00e9s ne mentaient pas, qu\u2019Olivier V\u00e9ran n\u2019avait pas menti sur les masques, s\u2019il n\u2019avait pas dit qu\u2019il y avait 12.000 lits de r\u00e9animation quand il y en avait 5.000, la confiance sera peut-\u00eatre l\u00e0. Et on a le droit de se tromper mais il faut le dire !\u00a0\u00bb<div id='gallery-1' class='gallery galleryid-13217 gallery-columns-3 gallery-size-thumbnail'><figure class='gallery-item'>\n\t\t\t<div class='gallery-icon landscape'>\n\t\t\t\t<a href='https:\/\/archives.regards.fr\/wp-content\/uploads\/2021\/10\/capture_d_e_cran_2021-10-28_a_15-98b.09.28.png'><img loading=\"lazy\" decoding=\"async\" width=\"150\" height=\"150\" src=\"https:\/\/archives.regards.fr\/wp-content\/uploads\/2021\/10\/capture_d_e_cran_2021-10-28_a_15-98b.09.28-150x150.png\" class=\"attachment-thumbnail size-thumbnail\" alt=\"capture_d_e_cran_2021-10-28_a_15.09.28.png\" \/><\/a>\n\t\t\t<\/div><\/figure>\n\t\t<\/div>\n<\/p>\n","protected":false},"excerpt":{"rendered":"<p>Paradoxe des temps, alors que l\u2019on traverse une crise sanitaire sans pr\u00e9c\u00e9dent, notre syst\u00e8me de sant\u00e9 continue de supprimer des lits : pr\u00e8s de 100.000 en trois quinquennats. Les soignants sont \u00e0 bout. Beaucoup d\u00e9missionnent. Les services des h\u00f4pitaux saturent. O\u00f9 va l\u2019h\u00f4pital public ? Le Professeur Andr\u00e9 Grimaldi, auteur du <em>Manifeste pour la sant\u00e9 2022<\/em> (\u00c9d. Odile Jacob), est l\u2019invit\u00e9 de #LaMidinale.<\/p>\n","protected":false},"author":1039,"featured_media":31112,"comment_status":"open","ping_status":"open","sticky":false,"template":"","format":"standard","meta":{"_themeisle_gutenberg_block_has_review":false,"footnotes":""},"categories":[238],"tags":[293],"class_list":["post-13217","post","type-post","status-publish","format-standard","has-post-thumbnail","hentry","category-la-midinale","tag-entretien"],"_links":{"self":[{"href":"https:\/\/archives.regards.fr\/index.php?rest_route=\/wp\/v2\/posts\/13217","targetHints":{"allow":["GET"]}}],"collection":[{"href":"https:\/\/archives.regards.fr\/index.php?rest_route=\/wp\/v2\/posts"}],"about":[{"href":"https:\/\/archives.regards.fr\/index.php?rest_route=\/wp\/v2\/types\/post"}],"author":[{"embeddable":true,"href":"https:\/\/archives.regards.fr\/index.php?rest_route=\/wp\/v2\/users\/1039"}],"replies":[{"embeddable":true,"href":"https:\/\/archives.regards.fr\/index.php?rest_route=%2Fwp%2Fv2%2Fcomments&post=13217"}],"version-history":[{"count":0,"href":"https:\/\/archives.regards.fr\/index.php?rest_route=\/wp\/v2\/posts\/13217\/revisions"}],"wp:featuredmedia":[{"embeddable":true,"href":"https:\/\/archives.regards.fr\/index.php?rest_route=\/wp\/v2\/media\/31112"}],"wp:attachment":[{"href":"https:\/\/archives.regards.fr\/index.php?rest_route=%2Fwp%2Fv2%2Fmedia&parent=13217"}],"wp:term":[{"taxonomy":"category","embeddable":true,"href":"https:\/\/archives.regards.fr\/index.php?rest_route=%2Fwp%2Fv2%2Fcategories&post=13217"},{"taxonomy":"post_tag","embeddable":true,"href":"https:\/\/archives.regards.fr\/index.php?rest_route=%2Fwp%2Fv2%2Ftags&post=13217"}],"curies":[{"name":"wp","href":"https:\/\/api.w.org\/{rel}","templated":true}]}}