{"id":13214,"date":"2021-10-26T17:48:26","date_gmt":"2021-10-26T15:48:26","guid":{"rendered":"https:\/\/wp.muchomaas.com\/article-puissance-des-societes-impuissance-des-pays\/"},"modified":"2023-06-24T00:20:59","modified_gmt":"2023-06-23T22:20:59","slug":"article-puissance-des-societes-impuissance-des-pays","status":"publish","type":"post","link":"https:\/\/archives.regards.fr\/?p=13214","title":{"rendered":"Puissance des soci\u00e9t\u00e9s, impuissance des pays"},"content":{"rendered":"<p class=\"post_excerpt\">Les anciens empires ne sont plus qu&#8217;un souvenir et la mondialisation a rebattu les cartes g\u00e9opolitiques. Sur une plan\u00e8te fragile et instable, faut-il renoncer \u00e0 la puissance des nations, la repenser ou lui substituer celle des peuples ?<\/p>\n<p>Le quinquennat acc\u00e9l\u00e8re le rythme de la vie politique, et quelques mois seulement nous s\u00e9parent de l\u2019\u00e9lection pr\u00e9sidentielle. Tout le monde est dans les starting-blocks. La campagne est lanc\u00e9e, m\u00eame si l\u2019on ignore \u00e0 ce stade qui sera effectivement &#8211; et jusqu\u2019au bout &#8211; sur la ligne de d\u00e9part. Une seule certitude : les effets de la crise sanitaire sur nos modes de vies, nos rapports humains, notre sant\u00e9 \u2013 morale et physique \u2013, notre \u00e9conomie, notre culture, seront au c\u0153ur des enjeux, des discours et autres promesses politiques.<\/p>\n<p>La crise sanitaire a exacerb\u00e9 ce qui existait d\u00e9j\u00e0 : la contestation du n\u00e9olib\u00e9ralisme et la remise en cause d\u2019une mondialisation de plus en plus financiaris\u00e9e, l\u2019\u00e9puisement d\u2019un syst\u00e8me qui nous fait courir \u00e0 notre perte, ou encore la crise \u00e9cologique et d\u00e9mocratique. Pouvons-nous continuer comme avant ? Nous rel\u00e8verons-nous de la crise en faisant le pari de la croissance et de la consommation quoi qu\u2019il en co\u00fbte ?<\/p>\n<p>Le Covid-19 a r\u00e9v\u00e9l\u00e9 une ambigu\u00eft\u00e9 : la puissance de nos soci\u00e9t\u00e9s et l\u2019impuissance de nos pays. Nos soci\u00e9t\u00e9s ont tenu bon parce que ceux qu\u2019on a appel\u00e9s les secondes lignes, les derniers de cord\u00e9es \u2013 des personnels soignants aux caissi\u00e8res de supermarch\u00e9 en passant par les \u00e9boueurs ou les livreurs \u2013 ont \u00e9t\u00e9 pr\u00e9sents, renversant au moins pour un temps la hi\u00e9rarchie sociale des m\u00e9tiers. Nos pays, s\u2019ils ont \u00e9t\u00e9 puissants dans leur capacit\u00e9 \u00e0 d\u00e9cider d\u2019un seul homme le confinement de tous, ont \u00e9t\u00e9 d\u00e9faillants dans la gestion de la crise sanitaire (masques, tests, confinement, vaccins).<\/p>\n<p>Et pourtant, en France, chacun y va de son satisfecit. \u00ab Nous avons organis\u00e9 la meilleure rentr\u00e9e scolaire en Europe \u00bb (Jean-Michel Blanquer) ; \u00ab Pas un pays au monde n\u2019a fait ce que nous avons fait pour sauver les entreprises \u00bb (Bruno Le Maire) ; \u00ab Nous sommes le seul pays \u00e0 avoir autant test\u00e9 la population \u00bb (Olivier V\u00e9ran). La crise a \u00e9t\u00e9 le concours d\u2019une comp\u00e9tition permanente. Parce qu\u2019au fond, ceux qui nous dirigent ont une obsession : m\u00eame s\u2019il faut trahir la v\u00e9rit\u00e9, la France doit \u00eatre une puissance aussi incontournable qu\u2019incontestable aux yeux du monde.<\/p>\n<p>En politique, a fortiori \u00e0 la veille d\u2019une \u00e9lection pr\u00e9sidentielle, il n\u2019y a pas de discours sur la France sans id\u00e9e de puissance. Mais la France est-elle une puissance ? Si oui, laquelle ? Est-elle seulement puissante ? Si oui, comment ? Nous avons demand\u00e9 \u00e0 des hommes et des femmes politiques, responsables associatifs, intellectuels, personnalit\u00e9s issues des arts et des lettres de r\u00e9fl\u00e9chir \u00e0 cette id\u00e9e de puissance. <\/p>\n<p>Bonne lecture.<\/p>\n<p><strong>DOSSIER : LES VERTIGES DE LA PUISSANCE<\/strong><br \/>\n>><a href=\"https:\/\/wp.muchomaas.com\/politique\/article\/les-vertiges-de-la-puissance\">Les vertiges de la puissance<\/a><br \/>\n>><a href=\"https:\/\/wp.muchomaas.com\/politique\/article\/un-pouvoir-autoritaire-mise-sur-le-sentiment-d-impuissance-des-citoyens-13201\">Micha\u00ebl F\u0153ssel \u00ab Un pouvoir autoritaire mise sur le sentiment d\u2019impuissance des citoyens \u00bb<br \/>\n<\/a><br \/>\n>><a href=\"https:\/\/wp.muchomaas.com\/politique\/article\/la-guerre-est-a-la-source-de-l-autorite-politique\">Ariane James-Sarazin \u00ab La guerre est \u00e0 la source de l\u2019autorit\u00e9 politique \u00bb<\/a><br \/>\n>><a href=\"https:\/\/wp.muchomaas.com\/politique\/article\/gafam-un-imperialisme-numerique\">Gafam, un imp\u00e9rialisme num\u00e9rique<\/a><br \/>\n>><a href=\"https:\/\/wp.muchomaas.com\/politique\/article\/suede-l-anti-puissance\">Su\u00e8de : l\u2019anti-puissance<\/a><br \/>\n>><a href=\"https:\/\/wp.muchomaas.com\/politique\/article\/si-on-est-puissant-c-est-qu-en-bas-il-y-a-des-impuissants\">Lola Lafon \u00ab Si on est puissant, c\u2019est qu\u2019en bas il y a des impuissants \u00bb<\/a><br \/>\n>><a href=\"https:\/\/wp.muchomaas.com\/politique\/article\/la-puissance-des-communs\">Sandra Regol, La puissance des communs<\/a><br \/>\n>><a href=\"https:\/\/wp.muchomaas.com\/politique\/article\/la-puissance-comme-souverainete\">Charlotte Girard, La puissance comme souverainet\u00e9<\/a><br \/>\n>><a href=\"https:\/\/wp.muchomaas.com\/politique\/article\/puissance-des-imaginaires\">Elsa Faucillon, Puissance des imaginaires<\/a><br \/>\n>><a href=\"https:\/\/wp.muchomaas.com\/politique\/article\/derisoire-puissance\">S\u00e9gol\u00e8ne Royal, D\u00e9risoire \u00ab puissance \u00bb<\/a><br \/>\n>><a href=\"https:\/\/wp.muchomaas.com\/politique\/article\/redonner-du-sens-a-la-puissance\">Christian Paul, Redonner du sens \u00e0 la puissance<\/a><br \/>\n>><a href=\"https:\/\/wp.muchomaas.com\/politique\/article\/puissance-destructrice\">Fran\u00e7oise Verg\u00e8s, Puissance destructrice<\/a><br \/>\n>><a href=\"https:\/\/wp.muchomaas.com\/politique\/article\/faire-rimer-puissance-et-bienveillance\">Caroline De Haas, Faire rimer \u00ab puissance \u00bb et \u00ab bienveillance \u00bb<\/a><br \/>\n>><a href=\"https:\/\/wp.muchomaas.com\/politique\/article\/pas-de-reelle-souverainete-populaire-sans-puissance\">Jean-Luc M\u00e9lenchon, \u00ab Pas de r\u00e9elle souverainet\u00e9 populaire sans puissance \u00bb<\/a><\/p>\n<p>&nbsp;<\/p>\n<p>\n<img loading=\"lazy\" decoding=\"async\" class=\" alignleft size-full wp-image-31104\" src=\"https:\/\/wp.muchomaas.com\/wp-content\/uploads\/2021\/10\/ap_regard_gennevilliers_nov_1p__490x350_ok-2-c0a.png\" alt=\"ap_regard_gennevilliers_nov_1p__490x350_ok-2.png\" align=\"left\" width=\"490\" height=\"350\" \/><div id='gallery-1' class='gallery galleryid-13214 gallery-columns-3 gallery-size-thumbnail'><figure class='gallery-item'>\n\t\t\t<div class='gallery-icon landscape'>\n\t\t\t\t<a href='https:\/\/archives.regards.fr\/wp-content\/uploads\/2021\/10\/sans-titre-1-35-a75.png'><img loading=\"lazy\" decoding=\"async\" width=\"150\" height=\"150\" src=\"https:\/\/archives.regards.fr\/wp-content\/uploads\/2021\/10\/sans-titre-1-35-a75-150x150.png\" class=\"attachment-thumbnail size-thumbnail\" alt=\"sans-titre-1-35.png\" \/><\/a>\n\t\t\t<\/div><\/figure><figure class='gallery-item'>\n\t\t\t<div class='gallery-icon landscape'>\n\t\t\t\t<a href='https:\/\/archives.regards.fr\/wp-content\/uploads\/2021\/11\/ap_regard_gennevilliers_nov_1p__490x350_ok-2-4ca.png'><img loading=\"lazy\" decoding=\"async\" width=\"150\" height=\"150\" src=\"https:\/\/archives.regards.fr\/wp-content\/uploads\/2021\/11\/ap_regard_gennevilliers_nov_1p__490x350_ok-2-4ca-150x150.png\" class=\"attachment-thumbnail size-thumbnail\" alt=\"ap_regard_gennevilliers_nov_1p__490x350_ok-2.png\" \/><\/a>\n\t\t\t<\/div><\/figure>\n\t\t<\/div>\n<\/p>\n","protected":false},"excerpt":{"rendered":"<p>Les anciens empires ne sont plus qu&#8217;un souvenir et la mondialisation a rebattu les cartes g\u00e9opolitiques. Sur une plan\u00e8te fragile et instable, faut-il renoncer \u00e0 la puissance des nations, la repenser ou lui substituer celle des peuples ?<\/p>\n","protected":false},"author":1039,"featured_media":31104,"comment_status":"open","ping_status":"open","sticky":false,"template":"","format":"standard","meta":{"_themeisle_gutenberg_block_has_review":false,"footnotes":""},"categories":[6],"tags":[],"class_list":["post-13214","post","type-post","status-publish","format-standard","has-post-thumbnail","hentry","category-actu"],"_links":{"self":[{"href":"https:\/\/archives.regards.fr\/index.php?rest_route=\/wp\/v2\/posts\/13214","targetHints":{"allow":["GET"]}}],"collection":[{"href":"https:\/\/archives.regards.fr\/index.php?rest_route=\/wp\/v2\/posts"}],"about":[{"href":"https:\/\/archives.regards.fr\/index.php?rest_route=\/wp\/v2\/types\/post"}],"author":[{"embeddable":true,"href":"https:\/\/archives.regards.fr\/index.php?rest_route=\/wp\/v2\/users\/1039"}],"replies":[{"embeddable":true,"href":"https:\/\/archives.regards.fr\/index.php?rest_route=%2Fwp%2Fv2%2Fcomments&post=13214"}],"version-history":[{"count":0,"href":"https:\/\/archives.regards.fr\/index.php?rest_route=\/wp\/v2\/posts\/13214\/revisions"}],"wp:featuredmedia":[{"embeddable":true,"href":"https:\/\/archives.regards.fr\/index.php?rest_route=\/wp\/v2\/media\/31104"}],"wp:attachment":[{"href":"https:\/\/archives.regards.fr\/index.php?rest_route=%2Fwp%2Fv2%2Fmedia&parent=13214"}],"wp:term":[{"taxonomy":"category","embeddable":true,"href":"https:\/\/archives.regards.fr\/index.php?rest_route=%2Fwp%2Fv2%2Fcategories&post=13214"},{"taxonomy":"post_tag","embeddable":true,"href":"https:\/\/archives.regards.fr\/index.php?rest_route=%2Fwp%2Fv2%2Ftags&post=13214"}],"curies":[{"name":"wp","href":"https:\/\/api.w.org\/{rel}","templated":true}]}}