{"id":13198,"date":"2021-10-26T12:39:33","date_gmt":"2021-10-26T10:39:33","guid":{"rendered":"https:\/\/wp.muchomaas.com\/article-eddie-jacquemart-avec-macron-la-politique-du-logement-a-connu-un-desengagement\/"},"modified":"2023-06-24T00:20:55","modified_gmt":"2023-06-23T22:20:55","slug":"article-eddie-jacquemart-avec-macron-la-politique-du-logement-a-connu-un-desengagement","status":"publish","type":"post","link":"https:\/\/archives.regards.fr\/?p=13198","title":{"rendered":"Eddie Jacquemart : \u00ab\u00a0Avec Macron, la politique du logement a connu un d\u00e9sengagement financier sans pr\u00e9c\u00e9dent\u00a0\u00bb"},"content":{"rendered":"<p class=\"post_excerpt\">Le logement est le premier poste budg\u00e9taire des m\u00e9nages. C\u2019est une pr\u00e9occupation majeure des Fran\u00e7ais et pourtant, le sujet ne semble pas s\u2019imposer dans le d\u00e9bat pr\u00e9sidentiel. Eddie Jacquemart, pr\u00e9sident de la CNL (Conf\u00e9d\u00e9ration nationale du Logement) est l\u2019invit\u00e9 de #LaMidinale.<\/p>\n<h2>UNE MIDINALE \u00c0 VOIR&#8230;<\/h2>\n<p><iframe loading=\"lazy\" width=\"490\" height=\"276\" src=\"https:\/\/www.youtube.com\/embed\/kvzpRSAg23I\" title=\"YouTube video player\" frameborder=\"0\" allow=\"accelerometer; autoplay; clipboard-write; encrypted-media; gyroscope; picture-in-picture\" allowfullscreen><\/iframe><\/p>\n<p>&nbsp;<\/p>\n<p><h2>ET \u00c0 LIRE&#8230;<\/h2>\n<p><em>\u00a0<strong>Sur le logement dans la campagne pr\u00e9sidentielle<\/em>\u00a0<\/strong><br \/>\n\u00ab\u00a0Avec le pouvoir d\u2019achat en jeu, le logement devrait \u00eatre un r\u00e9flexe et cette question du logement n&#8217;appara\u00eet pas dans le d\u00e9bat public. On pense que c\u2019est une d\u00e9pense contrainte et qu\u2019on ne peut pas faire autrement alors qu\u2019on le peut.\u00a0\u00bb<br \/>\n\u00ab\u00a0Les administrateurs de la CNL sont en train de voter contre les augmentations de loyer pour l\u2019ann\u00e9e prochaine : on est \u00e0 0,42% d\u2019augmentation.\u00a0\u00bb<\/p>\n<p><em>\u00a0<strong>Sur l\u2019\u00e9chelle des politiques du logement et les besoins<\/em>\u00a0<\/strong><br \/>\n\u00ab\u00a0En mati\u00e8re de politique du logement, il faut une force r\u00e9galienne de l\u2019Etat.\u00a0\u00bb<br \/>\n\u00ab\u00a0L\u2019Etat doit veiller au respect de la loi SRU.\u00a0\u00bb<br \/>\n\u00ab\u00a0Il y a en France, 2,2 millions de demandeurs de logements sociaux. Si on divise par 10, \u00e7a fait 220.000 par an et si on ajoute l\u2019\u00e9volution d\u00e9mographique, on consid\u00e8re qu\u2019il faudrait construire 250.000 logements par an.\u00a0\u00bb<\/p>\n<p><em>\u00a0<strong>Sur le bilan de Macron en mati\u00e8re de logement\u00a0<\/em>\u00a0<\/strong><br \/>\n\u00ab\u00a0Le bilan de Macron en mati\u00e8re de logement est catastrophique. Il a fait une grande organisation du Monopoly du logement.\u00a0\u00bb<br \/>\n\u00ab\u00a0Macron a fait du logement-marchandise plut\u00f4t que du logement-droit.\u00a0\u00bb<br \/>\n\u00ab\u00a0Avec Macron, la politique du logement a connu un d\u00e9sengagement financier comme jamais.\u00a0\u00bb\u00a0<br \/>\n\u00ab\u00a0Il ne faut pas oublier qu\u2019au d\u00e9but de son quinquennat, il a baiss\u00e9 de 5\u20ac le montant des APL : c\u2019\u00e9tait un message politique qui voulait dire qu\u2019il s\u2019attaquait \u00e0 ceux qu\u2019il consid\u00e8re comme des &#8220;assist\u00e9s&#8221; et aux plus pauvres.\u00a0\u00bb\u00a0<br \/>\n\u00ab\u00a0Macron a fait les pr\u00e9misses d\u2019une privatisation du logement social.\u00a0\u00bb<br \/>\n\u00ab\u00a0Si on laisse Macron continuer sa politique, il va y avoir des d\u00e9conventionnements du parc social avec des loyers plus chers pour certaines cat\u00e9gories sociales.\u00a0\u00bb<br \/>\n\u00ab\u00a0Macro veut privil\u00e9gier la rente fonci\u00e8re plut\u00f4t que le bien commun.\u00a0\u00bb<\/p>\n<p><em>\u00a0<strong>Sur les passoires thermiques et les enjeux \u00e9cologiques<\/em>\u00a0<\/strong><br \/>\n\u00ab\u00a0Le dispositif gouvernemental qui vise \u00e0 s\u2019attaquer aux passoires thermiques est un dispositif qui a plut\u00f4t bien march\u00e9.\u00a0\u00bb<br \/>\n\u00ab\u00a0Si on continue \u00e0 vouloir construire du logement en dehors des villes et en dehors des agglom\u00e9rations, on va continuer \u00e0 prendre sur les terres agricoles et \u00e0 devenir toujours plus d\u00e9pendants des v\u00e9hicules.\u00a0\u00bb<br \/>\n\u00ab\u00a0L\u2019\u00e9talement urbain n\u2019est pas une solution. La densification permet au contraire de concentrer les habitations avec les moyens de transports et d\u2019\u00eatre au pr\u00e8s des lieux de consommation et de travail.\u00a0\u00bb<br \/>\n\u00ab\u00a0Il y a beaucoup de Fran\u00e7ais qui aspirent \u00e0 la maison individuelle.\u00a0\u00bb<\/p>\n<p><em>\u00a0<strong>Sur les grands ensembles des ann\u00e9es 60 et la mixit\u00e9 sociale\u00a0<\/em>\u00a0<\/strong><br \/>\n\u00ab\u00a0Il faut sauvegarder au maximum ces logements. Il faut les r\u00e9nover et les transformer parce qu\u2019\u00e0 l\u2019\u00e9poque on construisait principalement des petits logements.\u00a0\u00bb<br \/>\n\u00ab\u00a0Il faut que les maires respectent la loi SRU.\u00a0Il faut p\u00e9naliser les maires qui ne veulent pas en construire. Nous proposons de rendre in\u00e9ligibles les maires qui ne respectent pas la loi SRU. \u00bb<br \/>\n\u00ab\u00a0L\u2019Etat doit obliger les maires \u00e0 construire du logement social.\u00a0\u00bb<br \/>\n\u00ab\u00a0Il faut une \u00e9galit\u00e9 partout, sur l\u2019ensemble des territoires.\u00a0\u00bb<\/p>\n<p><em>\u00a0<strong>Sur l\u2019encadrement des loyers<\/em>\u00a0<\/strong><br \/>\n\u00ab\u00a0C\u2019est mieux que rien [l\u2019encadrement des loyers] mais \u00e7a n\u2019est pas suffisant.\u00a0\u00bb<br \/>\n\u00ab\u00a0Il faudrait geler les loyers de fa\u00e7on \u00e9tatique.\u00a0\u00bb<br \/>\n\u00ab\u00a0Les locataires n\u2019ont pas beaucoup b\u00e9n\u00e9fici\u00e9 du &#8220;quoi qu\u2019il en co\u00fbte&#8221;.\u00a0\u00bb<\/p>\n<p><em>\u00a0<strong>Sur la co-construction avec les habitants<\/em>\u00a0<\/strong><br \/>\n\u00ab\u00a0On veut monter une interpellation des candidats par le biais des Etats g\u00e9n\u00e9raux du logement que l\u2019on va organiser.\u00a0\u00bb<br \/>\n\u00ab\u00a0Nos f\u00e9d\u00e9rations &#8211; pr\u00e9sentes sur plus de 80 d\u00e9partements &#8211; vont faire remonter les propositions des habitants dans des cahiers de dol\u00e9ance.\u00a0\u00bb<br \/>\n\u00ab\u00a0Il faut arr\u00eater de penser pour les gens.\u00a0\u00bb<br \/>\n\u00ab\u00a0\u00c0 Berlin, contre les loyers chers, les allemands ont \u00e9t\u00e9 des millions \u00e0 manifester. En France, on a du mal \u00e0 mobiliser les locataires.\u00a0Ils doivent se saisir de ce sujet et je les y invite. \u00bb<div id='gallery-1' class='gallery galleryid-13198 gallery-columns-3 gallery-size-thumbnail'><figure class='gallery-item'>\n\t\t\t<div class='gallery-icon landscape'>\n\t\t\t\t<a href='https:\/\/archives.regards.fr\/wp-content\/uploads\/2021\/10\/capture_d_e_cran_2021-10-26_a_12-6e5.28.58.png'><img loading=\"lazy\" decoding=\"async\" width=\"150\" height=\"150\" src=\"https:\/\/archives.regards.fr\/wp-content\/uploads\/2021\/10\/capture_d_e_cran_2021-10-26_a_12-6e5.28.58-150x150.png\" class=\"attachment-thumbnail size-thumbnail\" alt=\"capture_d_e_cran_2021-10-26_a_12.28.58.png\" \/><\/a>\n\t\t\t<\/div><\/figure>\n\t\t<\/div>\n<\/p>\n","protected":false},"excerpt":{"rendered":"<p>Le logement est le premier poste budg\u00e9taire des m\u00e9nages. C\u2019est une pr\u00e9occupation majeure des Fran\u00e7ais et pourtant, le sujet ne semble pas s\u2019imposer dans le d\u00e9bat pr\u00e9sidentiel. Eddie Jacquemart, pr\u00e9sident de la CNL (Conf\u00e9d\u00e9ration nationale du Logement) est l\u2019invit\u00e9 de #LaMidinale.<\/p>\n","protected":false},"author":1039,"featured_media":31071,"comment_status":"open","ping_status":"open","sticky":false,"template":"","format":"standard","meta":{"_themeisle_gutenberg_block_has_review":false,"footnotes":""},"categories":[238],"tags":[293],"class_list":["post-13198","post","type-post","status-publish","format-standard","has-post-thumbnail","hentry","category-la-midinale","tag-entretien"],"_links":{"self":[{"href":"https:\/\/archives.regards.fr\/index.php?rest_route=\/wp\/v2\/posts\/13198","targetHints":{"allow":["GET"]}}],"collection":[{"href":"https:\/\/archives.regards.fr\/index.php?rest_route=\/wp\/v2\/posts"}],"about":[{"href":"https:\/\/archives.regards.fr\/index.php?rest_route=\/wp\/v2\/types\/post"}],"author":[{"embeddable":true,"href":"https:\/\/archives.regards.fr\/index.php?rest_route=\/wp\/v2\/users\/1039"}],"replies":[{"embeddable":true,"href":"https:\/\/archives.regards.fr\/index.php?rest_route=%2Fwp%2Fv2%2Fcomments&post=13198"}],"version-history":[{"count":0,"href":"https:\/\/archives.regards.fr\/index.php?rest_route=\/wp\/v2\/posts\/13198\/revisions"}],"wp:featuredmedia":[{"embeddable":true,"href":"https:\/\/archives.regards.fr\/index.php?rest_route=\/wp\/v2\/media\/31071"}],"wp:attachment":[{"href":"https:\/\/archives.regards.fr\/index.php?rest_route=%2Fwp%2Fv2%2Fmedia&parent=13198"}],"wp:term":[{"taxonomy":"category","embeddable":true,"href":"https:\/\/archives.regards.fr\/index.php?rest_route=%2Fwp%2Fv2%2Fcategories&post=13198"},{"taxonomy":"post_tag","embeddable":true,"href":"https:\/\/archives.regards.fr\/index.php?rest_route=%2Fwp%2Fv2%2Ftags&post=13198"}],"curies":[{"name":"wp","href":"https:\/\/api.w.org\/{rel}","templated":true}]}}