{"id":13197,"date":"2021-10-25T13:20:38","date_gmt":"2021-10-25T11:20:38","guid":{"rendered":"https:\/\/wp.muchomaas.com\/article-anasse-kazib-je-suis-le-cauchemar-de-l-extreme-droite\/"},"modified":"2023-06-24T00:20:54","modified_gmt":"2023-06-23T22:20:54","slug":"article-anasse-kazib-je-suis-le-cauchemar-de-l-extreme-droite","status":"publish","type":"post","link":"https:\/\/archives.regards.fr\/?p=13197","title":{"rendered":"Anasse Kazib : \u00ab\u00a0Je suis le cauchemar de l\u2019extr\u00eame droite\u00a0\u00bb"},"content":{"rendered":"<p class=\"post_excerpt\">Anasse Kazib a quitt\u00e9 le NPA pour cr\u00e9er avec d\u2019autres anciens membres du parti de Philippe Poutou, le mouvement R\u00e9volution permanente. Il en est le candidat \u00e0 l\u2019\u00e9lection pr\u00e9sidentielle. Il est l\u2019invit\u00e9 de #LaMidinale.<\/p>\n<h2>UNE MIDINALE \u00c0 VOIR&#8230;<\/h2>\n<p><iframe loading=\"lazy\" width=\"490\" height=\"276\" src=\"https:\/\/www.youtube.com\/embed\/q8TVc_aghrA\" title=\"YouTube video player\" frameborder=\"0\" allow=\"accelerometer; autoplay; clipboard-write; encrypted-media; gyroscope; picture-in-picture\" allowfullscreen><\/iframe><\/p>\n<p>&nbsp;<\/p>\n<p><h2>ET \u00c0 LIRE&#8230;<\/h2>\n<p><em>\u00a0<strong>Sur les attaques racistes dont Anasse Kazib fait l\u2019objet<\/em>\u00a0<\/strong><br \/>\n\u00ab\u00a0Je suis l\u2019objet d\u2019attaques racistes \u00e0 cause de mon teint basan\u00e9.\u00a0Je suis issu de l\u2019immigration. Ils nous d\u00e9testent par le fait m\u00eame de notre existence. \u00bb<br \/>\n\u00ab\u00a0Quand on cumule le fait d\u2019\u00eatre un ouvrier, d\u2019\u00eatre racis\u00e9 et de brigue l\u2019Elys\u00e9e, c\u2019est pour eux quelque chose d\u2019incroyable et qu\u2019ils doivent couper le plus rapidement possible.\u00a0\u00bb<br \/>\n\u00ab\u00a0Je concentre le cauchemar de l\u2019extr\u00eame droite.\u00a0\u00bb<br \/>\n\u00ab\u00a0Le programme du RN ou de Zemmour montre que l\u2019extr\u00eame droite est profond\u00e9ment anti-ouvri\u00e8re.\u00a0\u00bb<br \/>\n\u00ab\u00a0Mes principaux ennemis, c\u2019est la classe dominante &#8211; dont la cat\u00e9gorie la plus r\u00e9actionnaire.\u00a0\u00bb<br \/>\n\u00ab\u00a0Notre ADN c\u2019est la lutte de classes et la lutte contre le capitalisme.\u00a0\u00bb<br \/>\n\u00ab\u00a0Zemmour revendique une France qui n\u2019est pas la n\u00f4tre : pour moi, la France n\u2019est pas celle des Bonaparte et des rois. Ma France, c\u2019est celle des sans-culottes, celle des insurg\u00e9s de Saint-Domingue, de la gr\u00e8ve de 36 ou de 68.\u00a0\u00bb<br \/>\n\u00ab\u00a0Il y a une avanc\u00e9e structurelle de l\u2019extr\u00eame droite, du racisme et du r\u00e9visionnisme.\u00a0\u00bb<br \/>\n\u00ab\u00a0Le bloc bourgeois a toujours \u00e9t\u00e9 raciste.\u00a0\u00bb<br \/>\n\u00ab\u00a0Il y a un retour de plus en plus important de la lutte de classes.\u00a0\u00bb<br \/>\n\u00ab\u00a0La bourgeoisie soutiendra toujours Hitler plut\u00f4t que L\u00e9nine.\u00a0\u00bb<br \/>\n\u00ab\u00a0Je plaide l\u2019unit\u00e9 de notre classe face au fascisme.\u00a0\u00bb<\/p>\n<p><em>\u00a0<strong>Sur la R\u00e9publique et ses symboles\u00a0<\/em>\u00a0<\/strong><br \/>\n\u00ab\u00a0Pour moi la R\u00e9publique est un r\u00e9gime parlementaire.\u00a0\u00bb<br \/>\n\u00ab\u00a0Quand on parle de \u2018valeurs r\u00e9publicaines\u2019 on parle des valeurs de la classe dominante et de la bourgeoisie.\u00a0C\u2019est une lecture contre-r\u00e9volutionnaire. \u00bb<br \/>\n\u00ab\u00a0Le jour de la Bastille, si BFM avait interrog\u00e9 Louis XVI, il serait en direct \u00e0 la t\u00e9l\u00e9vision pour dire combien il est contre ce qui est en train de se passer.\u00a0\u00bb<br \/>\n\u00ab\u00a0Notre R\u00e9publique est une R\u00e9publique bourgeoise.\u00a0\u00bb<br \/>\n\u00ab\u00a0On fait monter une pol\u00e9mique [sur la couleur des drapeaux] de mon meeting parce que je m\u2019appelle Anasse Kazib et que je suis d\u2019origine marocaine. On n\u2019a jamais demand\u00e9 \u00e0 Arlette Laguillier ou \u00e0 Nathalie Arthaud de r\u00e9-\u00e9migrer parce qu\u2019elles pr\u00e9f\u00e9raient l\u2019Internationale \u00e0 La Marseillaise.\u00a0\u00bb<br \/>\n\u00ab\u00a0Je concentre la haine et la col\u00e8re : on ne veut pas accepter qu\u2019un ouvrier issu de l\u2019immigration puisse \u00eatre communiste.\u00a0\u00bb<\/p>\n<p><em>\u00a0<strong>Sur les autres candidats de gauche<\/em>\u00a0<\/strong><br \/>\n\u00ab\u00a0C\u2019est ma premi\u00e8re candidature quand \u00e7a sera la troisi\u00e8me pour Nathalie Arthaud et Philippe Poutou.\u00a0On conna\u00eet leur discours. \u00bb<br \/>\n\u00ab\u00a0Quand on voit Philippe Poutou, on voit qu\u2019il n\u2019a pas envie d\u2019y aller.\u00a0\u00bb<br \/>\n\u00ab\u00a0Ma candidature n\u2019est pas une candidature de t\u00e9moignage.\u00a0\u00bb<br \/>\n\u00ab\u00a0Il faut redonner une boussole de classe pour lutter contre le discours dominant mais aussi contre le discours de la gauche traditionnelle.\u00a0\u00bb<br \/>\n\u00ab\u00a0Je n\u2019ai pas de probl\u00e8me \u00e0 faire une politique de front unique avec LFI. Demain, n\u2019importe quel militant, Coquerel ou M\u00e9lenchon, m\u2019appellerait pour une manifestation, je le ferais avec le plus grand plaisir. Mais politiquement, strat\u00e9giquement, nous n\u2019avons pas les m\u00eames pr\u00e9occupations. On ne cherche pas \u00e0 avoir des ministres de l\u2019Int\u00e9rieur ou \u00e0 faire une police r\u00e9publicaine.\u00a0On n\u2019est pas l\u00e0 pour \u2018moyenner\u2019 avec le syst\u00e8me capitaliste, comme le dit Jean-Luc M\u00e9lenchon. \u00bb<br \/>\n\u00ab\u00a0Nous voulons construire une v\u00e9ritable organisation r\u00e9volutionnaire \u00e0 l\u2019extr\u00eame gauche.\u00a0\u00bb<\/p>\n<p><em>\u00a0<strong>Sur la &#8220;nouvelle g\u00e9n\u00e9ration ouvri\u00e8re&#8221;<\/em>\u00a0<\/strong><br \/>\n\u00ab\u00a0Ma candidature est l\u00e0 pour mettre du lien entre les diff\u00e9rents secteurs qui militent de mani\u00e8re s\u00e9par\u00e9e.\u00a0\u00bb<br \/>\n\u00ab\u00a0Quand on regarde la gueule de la classe ouvri\u00e8re, elle est blanche et racis\u00e9e, elle est f\u00e9minine.\u00a0\u00bb<br \/>\n\u00ab\u00a0Il n\u2019y a pas un recul des luttes, mais il y a un recul de la conscience de classes.\u00a0\u00bb<br \/>\n\u00ab\u00a0La spontan\u00e9it\u00e9 des masses n\u2019est pas suffisante.\u00a0\u00bb<br \/>\n\u00ab\u00a0Cette \u00e9lection pr\u00e9sidentielle doit \u00eatre l\u2019occasion de redonner un moral ouvrier, une fiert\u00e9 ouvri\u00e8re.\u00a0\u00bb<br \/>\n\u00ab\u00a0La jeunesse des quartiers populaires se pr\u00e9occupe aussi du climat et de l\u2019avenir (\u2026) mais c\u2019est hype quand c\u2019est la jeunesse climat derri\u00e8re Greta Thunberg mais c\u2019est interdit pour la jeunesse et la g\u00e9n\u00e9ration dite &#8220;Adama&#8221; [Cf. Collectif La v\u00e9rit\u00e9 pour Adama Traor\u00e9]. \u00bb<br \/>\n\u00ab\u00a0Pendant des d\u00e9cennies, on a fait croire que la gueule du marxisme et de la lutte de classes, c\u2019\u00e9tait l\u2019ouvrier de la CGT derri\u00e8re son camion a gueuler pour en finir avec le plan Jupp\u00e9. Pour eux, le marxisme, c\u2019est dire que quand tu luttes contre le patriarcat, t\u2019es un woke, quand tu luttes contre le racisme syst\u00e9mique, t\u2019es un woke et t\u2019es un islamogauchiste et un indig\u00e9niste. Ils ne comprennent pas que le marxisme c\u2019est la lutte pour l\u2019\u00e9mancipation de notre camp social, pour en finir avec l\u2019exploitation et l\u2019oppression.\u00a0\u00bb<\/p>\n<p><em>\u00a0<strong>Sur la place des paroles contestataires de gauche dans les m\u00e9dias\u00a0<\/strong> <\/em><br \/>\n\u00ab\u00a0Les gens regardent \u00e9norm\u00e9ment la t\u00e9l\u00e9, qu\u2019on le veuille ou non.\u00a0\u00bb<br \/>\n\u00ab\u00a0Les r\u00e9seaux sociaux sont aussi tr\u00e8s investis par les beaucoup de gens.\u00a0\u00bb<br \/>\n\u00ab\u00a0Il y a des gens qui regardent la t\u00e9l\u00e9 avec une sorte d\u2019envie et d\u2019autres avec une forme de rage du type \u201cqu\u2019est-ce que l\u2019on va encore dire sur les musulmans ? Sur la classe ouvri\u00e8re ou les jeunes de banlieue ?\u201d\u00a0\u00bb<br \/>\n\u00ab\u00a0Apr\u00e8s mon dernier passage dans Touche Pas \u00e0 Mon Poste, je sais que j\u2019ai gagn\u00e9 mon intervention dans l\u2019\u00e9mission : je suis venu en tant que victime parce que tu es menac\u00e9 de mort et ils ont pass\u00e9 15 minutes \u00e0 me d\u00e9glinguer pour des histoires de drapeau. Leur pr\u00e9occupation premi\u00e8re n\u2019\u00e9tait pas de savoir si j\u2019allais bien ou la condamnation de la mont\u00e9e de l\u2019extr\u00eame droite la plus violente\u2026\u00a0A l\u2019image, m\u00eame si les gens ne savent pas qui je suis ou s\u2019ils ne sont pas d\u2019accord avec l\u2019int\u00e9gralit\u00e9 de ce que je dis, il y a pour les humanistes, une solidarit\u00e9 qui na\u00eet. \u00bb<br \/>\n\u00ab\u00a0Beaucoup d\u2019abstentionnistes me disent que, si j\u2019ai les 500 parrainages, ils voteront pour moi.\u00a0\u00bb<br \/>\n\u00ab\u00a0Au fond, tout le monde sait tr\u00e8s bien que le syst\u00e8me est verrouill\u00e9 : c\u2019est pour \u00e7a qu\u2019il y a les Gilets jaunes, qu\u2019il y a 80% d\u2019abstention aux \u00e9lections r\u00e9gionales parce que \u00e7a ne va pas changer leur vie ou remplir leur frigo. M\u00eame s\u2019ils ont cette conscience de classe ou s\u2019ils ne sont pas r\u00e9volutionnaire, en lisant entre les lignes, ils voient que je me fais attaquer mais, des Grandes Gueules aux piquets de gr\u00e8ve, je ne transigerai pas.\u00a0\u00bb<br \/>\n\u00ab\u00a0La gauche institutionnelle, c\u2019est mon camp mais c\u2019est trahison sur trahison.\u00a0\u00bb<br \/>\n\u00ab\u00a0DSK venait jouer au foot dans notre cit\u00e9 \u00e0 Sarcelles et apr\u00e8s tu vois que c\u2019est un gars qui viole des femmes de chambre et qui truande le fisc : ces gens-l\u00e0 nous ont vraiment bien balad\u00e9.\u00a0\u00bb<br \/>\n\u00ab\u00a0Les masses laborieuses ne votent plus et nous, on veut leur redonner du moral pour qu\u2019apr\u00e8s la pr\u00e9sidentielle, on est la d\u00e9termination de lutter et de construire une organisation r\u00e9volutionnaire qui dit que, dans la lutte de classes, on va en d\u00e9coudre avec le syst\u00e8me et qu\u2019on ne va pas se contenter de dire \u201cMacron d\u00e9mission\u201d mais que c\u2019est nous qui devons prendre le pouvoir car c\u2019est nous qui produisons les richesses.\u00a0\u00bb<br \/>\n\u00ab\u00a0Au final, qu\u2019on soit noir, arabe ou blanc, lorsqu\u2019on est prol\u00e9taire, on est victime de la m\u00eame exploitation de classe et ce n\u2019est pas Mamadou qui te plonge dans la mis\u00e8re, c\u2019est ton patron pour que lui puisse r\u00e9cup\u00e9rer des profits.\u00a0\u00bb<div id='gallery-1' class='gallery galleryid-13197 gallery-columns-3 gallery-size-thumbnail'><figure class='gallery-item'>\n\t\t\t<div class='gallery-icon landscape'>\n\t\t\t\t<a href='https:\/\/archives.regards.fr\/wp-content\/uploads\/2021\/10\/capture_d_e_cran_2021-10-25_a_13-977.16.59.png'><img loading=\"lazy\" decoding=\"async\" width=\"150\" height=\"150\" src=\"https:\/\/archives.regards.fr\/wp-content\/uploads\/2021\/10\/capture_d_e_cran_2021-10-25_a_13-977.16.59-150x150.png\" class=\"attachment-thumbnail size-thumbnail\" alt=\"capture_d_e_cran_2021-10-25_a_13.16.59.png\" \/><\/a>\n\t\t\t<\/div><\/figure>\n\t\t<\/div>\n<\/p>\n","protected":false},"excerpt":{"rendered":"<p>Anasse Kazib a quitt\u00e9 le NPA pour cr\u00e9er avec d\u2019autres anciens membres du parti de Philippe Poutou, le mouvement R\u00e9volution permanente. Il en est le candidat \u00e0 l\u2019\u00e9lection pr\u00e9sidentielle. Il est l\u2019invit\u00e9 de #LaMidinale.<\/p>\n","protected":false},"author":1204,"featured_media":31069,"comment_status":"open","ping_status":"open","sticky":false,"template":"","format":"standard","meta":{"_themeisle_gutenberg_block_has_review":false,"footnotes":""},"categories":[238],"tags":[293,515],"class_list":["post-13197","post","type-post","status-publish","format-standard","has-post-thumbnail","hentry","category-la-midinale","tag-entretien","tag-presidentielle-2022"],"_links":{"self":[{"href":"https:\/\/archives.regards.fr\/index.php?rest_route=\/wp\/v2\/posts\/13197","targetHints":{"allow":["GET"]}}],"collection":[{"href":"https:\/\/archives.regards.fr\/index.php?rest_route=\/wp\/v2\/posts"}],"about":[{"href":"https:\/\/archives.regards.fr\/index.php?rest_route=\/wp\/v2\/types\/post"}],"author":[{"embeddable":true,"href":"https:\/\/archives.regards.fr\/index.php?rest_route=\/wp\/v2\/users\/1204"}],"replies":[{"embeddable":true,"href":"https:\/\/archives.regards.fr\/index.php?rest_route=%2Fwp%2Fv2%2Fcomments&post=13197"}],"version-history":[{"count":0,"href":"https:\/\/archives.regards.fr\/index.php?rest_route=\/wp\/v2\/posts\/13197\/revisions"}],"wp:featuredmedia":[{"embeddable":true,"href":"https:\/\/archives.regards.fr\/index.php?rest_route=\/wp\/v2\/media\/31069"}],"wp:attachment":[{"href":"https:\/\/archives.regards.fr\/index.php?rest_route=%2Fwp%2Fv2%2Fmedia&parent=13197"}],"wp:term":[{"taxonomy":"category","embeddable":true,"href":"https:\/\/archives.regards.fr\/index.php?rest_route=%2Fwp%2Fv2%2Fcategories&post=13197"},{"taxonomy":"post_tag","embeddable":true,"href":"https:\/\/archives.regards.fr\/index.php?rest_route=%2Fwp%2Fv2%2Ftags&post=13197"}],"curies":[{"name":"wp","href":"https:\/\/api.w.org\/{rel}","templated":true}]}}