{"id":13194,"date":"2021-10-22T11:02:31","date_gmt":"2021-10-22T09:02:31","guid":{"rendered":"https:\/\/wp.muchomaas.com\/article-les-series-permettent-aux-marges-des-societes-d-etre-convoquees-dans-un-commun\/"},"modified":"2023-06-24T00:20:51","modified_gmt":"2023-06-23T22:20:51","slug":"article-les-series-permettent-aux-marges-des-societes-d-etre-convoquees-dans-un-commun","status":"publish","type":"post","link":"https:\/\/archives.regards.fr\/?p=13194","title":{"rendered":"\u00ab Les s\u00e9ries permettent aux marges des soci\u00e9t\u00e9s d&#8217;\u00eatre convoqu\u00e9es dans un commun mainstream \u00bb"},"content":{"rendered":"<p class=\"post_excerpt\">Virginie Martin, politiste et chercheuse \u00e0 Kedge Business School, autrice de <em>Le charme discret des s\u00e9ries<\/em> aux \u00e9ditions humenSciences, est l&#8217;invit\u00e9e de la Midinale.<\/p>\n<h2>UNE MIDINALE \u00c0 VOIR&#8230;<\/h2>\n<p><iframe loading=\"lazy\" width=\"490\" height=\"276\" src=\"https:\/\/www.youtube.com\/embed\/2_-QLQs5hJA\" title=\"YouTube video player\" frameborder=\"0\" allow=\"accelerometer; autoplay; clipboard-write; encrypted-media; gyroscope; picture-in-picture\" allowfullscreen><\/iframe><\/p>\n<p>&nbsp;<\/p>\n<p><h2>ET \u00c0 LIRE&#8230;<\/h2>\n<p><em>\u00a0<strong>Sur la puissance des s\u00e9ries<\/em>\u00a0<\/strong><br \/>\n\u00ab\u00a0Le monde des s\u00e9ries est un monde extr\u00eamement puissant, notamment par le fait binge-watching, c\u2019est-\u00e0-dire le fait de pouvoir ne jamais s\u2019arr\u00eater.\u00a0\u00bb<br \/>\n\u00ab\u00a0Le succ\u00e8s plan\u00e9taire et tr\u00e8s rapide de certaines s\u00e9ries leur donne aussi de la puissance.\u00a0\u00bb<br \/>\n\u00ab\u00a0Les s\u00e9ries arrivent \u00e0 un moment o\u00f9 il y a des demandes d\u2019empowerment : des f\u00e9ministes, des communaut\u00e9s gay, des communaut\u00e9s racis\u00e9es, des personnes en situation de handicap.\u00a0\u00bb<br \/>\n\u00ab\u00a0Les s\u00e9ries r\u00e9pondent aux demandes et volont\u00e9s des minorit\u00e9s d\u2019en \u00eatre.\u00a0\u00bb<\/p>\n<p><em>\u00a0<strong>Sur l\u2019influence des s\u00e9ries<\/em>\u00a0<\/strong><br \/>\n\u00ab\u00a0Il y a une passivit\u00e9 de ceux qui regardent des s\u00e9ries puisque l\u2019on est plut\u00f4t en r\u00e9ception mais en m\u00eame temps, parfois aussi, des gens s\u2019emparent des s\u00e9ries pour mimer la s\u00e9rie \u00e0 l\u2019ext\u00e9rieur.\u00a0\u00bb<br \/>\n\u00ab\u00a0La s\u00e9rie Orange is the new black a \u00e9t\u00e9 cr\u00e9\u00e9e \u00e0 partir d\u2019un panel qualitatif bas\u00e9 sur des mos-clefs sur ce qu\u2019ils auraient de voir dans une s\u00e9rie.\u00a0\u00bb<br \/>\n\u00ab\u00a0La s\u00e9rie, c\u2019est d\u2019abord un univers de familiarit\u00e9s : la s\u00e9rie rentre chez toi mais en plus, elle met en sc\u00e8ne des personnages familiers.\u00a0\u00bb<br \/>\n\u00ab\u00a0Beaucoup m\u2019ont t\u00e9moign\u00e9 que les s\u00e9ries \u00e9taient leurs anti-anxiolytiques.\u00a0\u00bb <\/p>\n<p><em>\u00a0<strong>Sur les messages des s\u00e9ries<\/em>\u00a0<\/strong><br \/>\n\u00ab\u00a0Dans les s\u00e9ries, il y a aussi beaucoup de messages quant au commun : sur l\u2019\u00e9cologie notamment mais aussi par leur opposition aux populismes en pointant du doigt les trumpismes internationaux.\u00a0\u00bb<br \/>\n\u00ab\u00a0Les s\u00e9ries ont aussi pour objectif de faire commun &#8211; enfin ! &#8211; avec tout le monde : ceux qui ont toujours \u00e9t\u00e9 aux marges des soci\u00e9t\u00e9s (pour des histoires de colonisation, d\u2019esclavage, de patriarcat ou de validisme) sont convoqu\u00e9s dans un commun compl\u00e8tement mainstream.\u00a0\u00bb<br \/>\n\u00ab\u00a0La question des minorit\u00e9s n\u2019est pas abord\u00e9e frontalement mais elle est quand m\u00eame l\u00e0.\u00a0\u00bb<br \/>\n\u00ab\u00a0Les s\u00e9ries sont souvent dans une approche intersectionnelle qui dit quelque chose de la race, de la classe, du genre et des pr\u00e9f\u00e9rences sexuelles.\u00a0\u00bb<\/p>\n<p><em>\u00a0<strong>Sur la g\u00e9opolitique des s\u00e9ries<\/em>\u00a0<\/strong><br \/>\n\u00ab\u00a0Les limites de la promesse d\u2019internet, c\u2019est que cela devait cr\u00e9er du commun mais le revers de la m\u00e9daille, c\u2019est que l\u2019on s\u2019isole sur nos propres pr\u00e9f\u00e9rences\u2026\u00a0\u00bb<br \/>\n\u00ab\u00a0Les s\u00e9ries peuvent cr\u00e9er des communs parcellaires et segment\u00e9s.\u00a0\u00bb<br \/>\n\u00ab\u00a0A des heures de tr\u00e8s grande \u00e9coute, on retrouve des s\u00e9ries avec les m\u00eames atours et contours que dans les cr\u00e9ations am\u00e9ricaines : des personnages gay, f\u00e9ministes, plus ou valides, des personnes qui parlent de pansexualit\u00e9, de cancer chez les jeunes ou d\u2019ob\u00e9sit\u00e9 sur TF1 \u00e0 19h30.\u00a0\u00bb<br \/>\n\u00ab\u00a0Le commun a de plus beaux jours devant lui avec le monde en s\u00e9ries qu\u2019avec des gens qui veulent faire s\u00e9cession ou mettre de l\u2019huile sur le feu sur tous les probl\u00e8mes qu\u2019ils rencontrent.\u00a0\u00bb<br \/>\n\u00ab\u00a0De fa\u00e7on g\u00e9n\u00e9rale, le message des s\u00e9ries est plut\u00f4t woke culture : pro-\u00e9colo, pro-f\u00e9ministe, pro-racis\u00e9, pro-gay, pro-lesbiennes et interrogeant les questions de validisme. Pro-Europe aussi. En ce sens, ca peut participer \u00e0 fa\u00e7onner les repr\u00e9sentations\u00a0\u00bb<div id='gallery-1' class='gallery galleryid-13194 gallery-columns-3 gallery-size-thumbnail'><figure class='gallery-item'>\n\t\t\t<div class='gallery-icon landscape'>\n\t\t\t\t<a href='https:\/\/archives.regards.fr\/wp-content\/uploads\/2021\/10\/capture_d_e_cran_2021-10-22_a_10-ccc.54.28.png'><img loading=\"lazy\" decoding=\"async\" width=\"150\" height=\"150\" src=\"https:\/\/archives.regards.fr\/wp-content\/uploads\/2021\/10\/capture_d_e_cran_2021-10-22_a_10-ccc.54.28-150x150.png\" class=\"attachment-thumbnail size-thumbnail\" alt=\"capture_d_e_cran_2021-10-22_a_10.54.28.png\" \/><\/a>\n\t\t\t<\/div><\/figure>\n\t\t<\/div>\n<\/p>\n","protected":false},"excerpt":{"rendered":"<p>Virginie Martin, politiste et chercheuse \u00e0 Kedge Business School, autrice de <em>Le charme discret des s\u00e9ries<\/em> aux \u00e9ditions humenSciences, est l&#8217;invit\u00e9e de la Midinale.<\/p>\n","protected":false},"author":1204,"featured_media":31062,"comment_status":"open","ping_status":"open","sticky":false,"template":"","format":"standard","meta":{"_themeisle_gutenberg_block_has_review":false,"footnotes":""},"categories":[238],"tags":[293],"class_list":["post-13194","post","type-post","status-publish","format-standard","has-post-thumbnail","hentry","category-la-midinale","tag-entretien"],"_links":{"self":[{"href":"https:\/\/archives.regards.fr\/index.php?rest_route=\/wp\/v2\/posts\/13194","targetHints":{"allow":["GET"]}}],"collection":[{"href":"https:\/\/archives.regards.fr\/index.php?rest_route=\/wp\/v2\/posts"}],"about":[{"href":"https:\/\/archives.regards.fr\/index.php?rest_route=\/wp\/v2\/types\/post"}],"author":[{"embeddable":true,"href":"https:\/\/archives.regards.fr\/index.php?rest_route=\/wp\/v2\/users\/1204"}],"replies":[{"embeddable":true,"href":"https:\/\/archives.regards.fr\/index.php?rest_route=%2Fwp%2Fv2%2Fcomments&post=13194"}],"version-history":[{"count":0,"href":"https:\/\/archives.regards.fr\/index.php?rest_route=\/wp\/v2\/posts\/13194\/revisions"}],"wp:featuredmedia":[{"embeddable":true,"href":"https:\/\/archives.regards.fr\/index.php?rest_route=\/wp\/v2\/media\/31062"}],"wp:attachment":[{"href":"https:\/\/archives.regards.fr\/index.php?rest_route=%2Fwp%2Fv2%2Fmedia&parent=13194"}],"wp:term":[{"taxonomy":"category","embeddable":true,"href":"https:\/\/archives.regards.fr\/index.php?rest_route=%2Fwp%2Fv2%2Fcategories&post=13194"},{"taxonomy":"post_tag","embeddable":true,"href":"https:\/\/archives.regards.fr\/index.php?rest_route=%2Fwp%2Fv2%2Ftags&post=13194"}],"curies":[{"name":"wp","href":"https:\/\/api.w.org\/{rel}","templated":true}]}}