{"id":13193,"date":"2021-10-21T16:31:25","date_gmt":"2021-10-21T14:31:25","guid":{"rendered":"https:\/\/wp.muchomaas.com\/article-les-gens-et-meme-les-journalistes-ne-se-rendent-pas-compte-de-ce-qui-se-produit\/"},"modified":"2023-06-24T00:20:51","modified_gmt":"2023-06-23T22:20:51","slug":"article-les-gens-et-meme-les-journalistes-ne-se-rendent-pas-compte-de-ce-qui-se-produit","status":"publish","type":"post","link":"https:\/\/archives.regards.fr\/?p=13193","title":{"rendered":"\u00ab Les gens et m\u00eame les journalistes ne se rendent pas compte de ce qui se produit avec Bollor\u00e9 \u00bb"},"content":{"rendered":"<p class=\"post_excerpt\">L\u2019empire m\u00e9diatique de Vincent Bollor\u00e9 s\u2019agrandit. La nomination de Patrick Mah\u00e9 et de J\u00e9r\u00f4me Bellay \u00e0 <em>Paris Match<\/em> et au <em>JDD<\/em>, deux anti-Macron partisans d\u2019une alliance droite\/extr\u00eame droite, s\u2019inscrit dans le prolongement de l\u2019op\u00e9ration de l\u2019industriel sur CNews et Europe 1. Alexis Levrier, historien du journalisme, est l\u2019invit\u00e9 de #LaMidinale.\n<\/p>\n<h2>UNE MIDINALE \u00c0 VOIR&#8230;<\/h2>\n<p><iframe loading=\"lazy\" width=\"490\" height=\"276\" src=\"https:\/\/www.youtube.com\/embed\/jsd1_oskOok\" title=\"YouTube video player\" frameborder=\"0\" allow=\"accelerometer; autoplay; clipboard-write; encrypted-media; gyroscope; picture-in-picture\" allowfullscreen><\/iframe><\/p>\n<p>&nbsp;<\/p>\n<p><h2>ET \u00c0 LIRE&#8230;<\/h2>\n<p><em> <strong>Sur Zemmour le sniper<\/strong> <\/em><br \/>\n\u00ab Zemmour sait tr\u00e8s bien ce qu\u2019il fait. Il conna\u00eet l\u2019histoire des m\u00e9dias et de la presse. \u00bb<br \/>\n\u00ab Quand Zemmour met en joue des journalistes, c\u2019est un amusement s\u00e9rieux : il les provoque. \u00bb<br \/>\n\u00ab Zemmour entretient avec les journalistes un climat d\u2019hostilit\u00e9. \u00bb<br \/>\n\u00ab Zemmour reprend les ingr\u00e9dients de Trump. Il entretient une d\u00e9testation des m\u00e9dias mainstream, des m\u00e9dias de gauche et d\u2019un discours qu\u2019on voit se r\u00e9pondre notamment dans les m\u00e9dias de Bollor\u00e9 : la d\u00e9testation des journalistes ou les \u00e9coles de journalistes. \u00bb<br \/>\n\u00ab Il y a tout un discours anti-journalistique et c\u2019est tout le paradoxe avec Zemmour parce qu\u2019il est un journaliste cultiv\u00e9, qui fait de la presse politique depuis 40 ans et qui se nourrit de cet imaginaire anti-journalistique. \u00bb<\/p>\n<p><em> <strong>Sur le r\u00f4le des cha\u00eenes d\u2019informations<\/strong> <\/em><br \/>\n\u00ab Les cha\u00eenes d\u2019infos en continu sont beaucoup braqu\u00e9es sur Zemmour. \u00bb<br \/>\n\u00ab Zemmour a impos\u00e9 sa pr\u00e9sence sur les cha\u00eenes d\u2019infos et il y a un malaise dans les r\u00e9dactions. \u00bb<br \/>\n\u00ab il y a un malaise des m\u00e9dias vis-\u00e0-vis de Zemmour. Ils lui ont donn\u00e9 trop de place dans les conditions fix\u00e9es par Zemmour lui-m\u00eame. \u00bb<br \/>\n\u00ab Le CSA n\u2019a pas pris une bonne d\u00e9cision en d\u00e9cidant de traiter Zemmour comme un homme politique. \u00c7a a enclench\u00e9 une dynamique et on l\u2019a vu partout ailleurs, trait\u00e9 comme un candidat. \u00bb<br \/>\n\u00ab La presse \u00e9crite s\u2019en sort pas mal : la presse hebdomadaire n\u2019a quasiment pas fait de Une sur Zemmour. \u00bb<br \/>\n\u00ab La presse \u00e9crite r\u00e9siste en mettant \u00e0 distance le ph\u00e9nom\u00e8ne Zemmour. \u00bb<br \/>\n\u00ab Les cha\u00eenes d\u2019infos c\u00e8dent \u00e0 Zemmour parce qu\u2019il fait de l\u2019audience. \u00bb<\/p>\n<p><em> <strong>Sur Vincent Bollor\u00e9<\/strong> <\/em><br \/>\n\u00ab Je ne suis pas s\u00fbr que Laurence Ferrari fasse encore un travail de journaliste irr\u00e9prochable qu\u2019elle a pourtant longtemps \u00e9t\u00e9. \u00bb<br \/>\n\u00ab L\u2019arriv\u00e9e de Bollor\u00e9 sur Cnews et Europe 1 a \u00e9t\u00e9 un d\u00e9sastre. \u00bb<br \/>\n\u00ab On sait \u00e0 quel point il y a des liens id\u00e9ologiques entre Vincent Bollor\u00e9 et Valeurs Actuelles. \u00bb<br \/>\n\u00ab Je ne pense pas que la ligne Bollor\u00e9 puisse s\u2019imposer aussi facilement. Il y aura des r\u00e9sistantes dans ces journaux [JDD\/Paris Match]. \u00bb<br \/>\n\u00ab Les gens et m\u00eame les journalistes ne se rendent pas compte de ce qui est en train de se produire avec Bollor\u00e9. \u00bb<br \/>\n\u00ab Il est tr\u00e8s rare qu\u2019un patron de presse, dans notre histoire, prenne le contr\u00f4le en quelques ann\u00e9es d\u2019une cha\u00eene de t\u00e9l\u00e9, d\u2019une radio et de plusieurs titres de presse. Et c\u2019est encore plus rare qu\u2019il impose une ligne \u00e9ditoriale aussi marqu\u00e9e. \u00bb<br \/>\n\u00ab Si je cherche dans l\u2019histoire, le seul pr\u00e9c\u00e9dent que je vois, c\u2019est celui &#8211; et \u00e7a renvoie \u00e0 l\u2019imaginaire de Zemmour &#8211; de l\u2019entre-deux guerres. \u00bb<br \/>\n\u00ab Fran\u00e7ois Coty [l&#8217;industriel] avait rachet\u00e9 Le Figaro et Le Gaulois et avait lanc\u00e9 le titre &#8220;L\u2019Ami du Peuple&#8221; destin\u00e9 \u00e0 valoriser les id\u00e9es fascistes. C\u2019\u00e9tait un admirateur de Mussolini. Et il avait un projet politique aussi clair que celui de Bollor\u00e9 qui \u00e9tait de permettre \u00e0 l\u2019extr\u00eame droite de triompher en France. \u00bb<br \/>\n\u00ab Avant Bollor\u00e9, il y a eu Valeurs Actuelles et son virage d\u00e8s 2012 et les condamnations judiciaires qui ont suivi. Il y a eu une contamination qui s\u2019est faite avec les autres m\u00e9dias et on s\u2019est rendu compte qu\u2019il y avait un public pour \u00e7a. \u00bb<\/p>\n<p><em> <strong>Sur la concentration des m\u00e9dias<\/strong> <\/em><br \/>\n\u00ab La concentration que l\u2019on vit est assez in\u00e9dite et il faut imaginer des instruments pour s\u2019en d\u00e9fendre. \u00bb<br \/>\n\u00ab On voit les limites de notre syst\u00e8me. \u00bb<br \/>\n\u00ab Dans la presse, Bollor\u00e9 ne d\u00e9tient pas tous les m\u00e9dias. Il n\u2019est pas le seul acteur mais il est pr\u00e9sent partout. \u00bb<br \/>\n\u00ab Ce que la loi ne peut pas faire, c\u2019est le contr\u00f4le des d\u00e9rapages. Et le CSA ne parvient pas \u00e0 contr\u00f4ler non plus ces d\u00e9rapages. \u00bb<br \/>\n\u00ab Il y a un travail de d\u00e9molition de la presse qui est fait par les m\u00e9dias de Bollor\u00e9 : Pascal Praud par exemple s\u2019en prend \u00e0 Radio France et qui construit un mythe : il explique qu\u2019il y aurait un \u00eelot de r\u00e9sistance que seraient les m\u00e9dias de Bollor\u00e9 face \u00e0 une presse qui serait compl\u00e8tement vendu \u00e0 la gauche. En r\u00e9alit\u00e9, c\u2019est l\u2019inverse. La presse qui r\u00e9siste \u00e0 la droitisation, c\u2019est plut\u00f4t l\u2019exception. \u00bb<\/p>\n<p><em> <strong>Sur le Conseil Sup\u00e9rieur de l\u2019Audiovisuel<\/strong> <\/em><br \/>\n\u00ab Le CSA ne remplit pas bien son r\u00f4le et est tr\u00e8s maladroit. \u00bb<br \/>\n\u00ab Il y a trop peu de mises en garde de la part du CSA. \u00bb<br \/>\n\u00ab On a construit sur Cnews une figure de l\u2019\u00e9tranger, le musulman comme figure du traitre \u00e0 la nation comme qui remplace la figure du juif dans la presse de l\u2019entre-deux guerres. \u00c7a c\u2019est condamnable et on constate que le CSA ne remplit pas son r\u00f4le. \u00bb<br \/>\n\u00ab Il y a une culpabilisation des autres m\u00e9dias qui fonctionne : au lieu de s\u2019interroger sur les privil\u00e8ges dont b\u00e9n\u00e9ficie Cnews, on en vient \u00e0 remettre en question des privil\u00e8ges inexistants. \u00bb<div id='gallery-1' class='gallery galleryid-13193 gallery-columns-3 gallery-size-thumbnail'><figure class='gallery-item'>\n\t\t\t<div class='gallery-icon landscape'>\n\t\t\t\t<a href='https:\/\/archives.regards.fr\/wp-content\/uploads\/2021\/10\/capture_d_e_cran_2021-10-21_a_16-249.25.32.png'><img loading=\"lazy\" decoding=\"async\" width=\"150\" height=\"150\" src=\"https:\/\/archives.regards.fr\/wp-content\/uploads\/2021\/10\/capture_d_e_cran_2021-10-21_a_16-249.25.32-150x150.png\" class=\"attachment-thumbnail size-thumbnail\" alt=\"capture_d_e_cran_2021-10-21_a_16.25.32.png\" \/><\/a>\n\t\t\t<\/div><\/figure>\n\t\t<\/div>\n<\/p>\n","protected":false},"excerpt":{"rendered":"<p>L\u2019empire m\u00e9diatique de Vincent Bollor\u00e9 s\u2019agrandit. La nomination de Patrick Mah\u00e9 et de J\u00e9r\u00f4me Bellay \u00e0 <em>Paris Match<\/em> et au <em>JDD<\/em>, deux anti-Macron partisans d\u2019une alliance droite\/extr\u00eame droite, s\u2019inscrit dans le prolongement de l\u2019op\u00e9ration de l\u2019industriel sur CNews et Europe 1. Alexis Levrier, historien du journalisme, est l\u2019invit\u00e9 de #LaMidinale.<\/p>\n","protected":false},"author":1039,"featured_media":31060,"comment_status":"open","ping_status":"open","sticky":false,"template":"","format":"standard","meta":{"_themeisle_gutenberg_block_has_review":false,"footnotes":""},"categories":[238],"tags":[293],"class_list":["post-13193","post","type-post","status-publish","format-standard","has-post-thumbnail","hentry","category-la-midinale","tag-entretien"],"_links":{"self":[{"href":"https:\/\/archives.regards.fr\/index.php?rest_route=\/wp\/v2\/posts\/13193","targetHints":{"allow":["GET"]}}],"collection":[{"href":"https:\/\/archives.regards.fr\/index.php?rest_route=\/wp\/v2\/posts"}],"about":[{"href":"https:\/\/archives.regards.fr\/index.php?rest_route=\/wp\/v2\/types\/post"}],"author":[{"embeddable":true,"href":"https:\/\/archives.regards.fr\/index.php?rest_route=\/wp\/v2\/users\/1039"}],"replies":[{"embeddable":true,"href":"https:\/\/archives.regards.fr\/index.php?rest_route=%2Fwp%2Fv2%2Fcomments&post=13193"}],"version-history":[{"count":0,"href":"https:\/\/archives.regards.fr\/index.php?rest_route=\/wp\/v2\/posts\/13193\/revisions"}],"wp:featuredmedia":[{"embeddable":true,"href":"https:\/\/archives.regards.fr\/index.php?rest_route=\/wp\/v2\/media\/31060"}],"wp:attachment":[{"href":"https:\/\/archives.regards.fr\/index.php?rest_route=%2Fwp%2Fv2%2Fmedia&parent=13193"}],"wp:term":[{"taxonomy":"category","embeddable":true,"href":"https:\/\/archives.regards.fr\/index.php?rest_route=%2Fwp%2Fv2%2Fcategories&post=13193"},{"taxonomy":"post_tag","embeddable":true,"href":"https:\/\/archives.regards.fr\/index.php?rest_route=%2Fwp%2Fv2%2Ftags&post=13193"}],"curies":[{"name":"wp","href":"https:\/\/api.w.org\/{rel}","templated":true}]}}