{"id":13192,"date":"2021-10-20T15:28:52","date_gmt":"2021-10-20T13:28:52","guid":{"rendered":"https:\/\/wp.muchomaas.com\/article-les-inegalites-fracturent-la-societe-enferment-dans-la-pauvrete-et-abiment-la\/"},"modified":"2023-06-24T00:20:51","modified_gmt":"2023-06-23T22:20:51","slug":"article-les-inegalites-fracturent-la-societe-enferment-dans-la-pauvrete-et-abiment-la","status":"publish","type":"post","link":"https:\/\/archives.regards.fr\/?p=13192","title":{"rendered":"\u00ab Les in\u00e9galit\u00e9s fracturent la soci\u00e9t\u00e9, enferment dans la pauvret\u00e9 et abiment la plan\u00e8te \u00bb"},"content":{"rendered":"<p class=\"post_excerpt\">Les 1% les plus riches poss\u00e8dent plus de la moiti\u00e9 des richesses de la plan\u00e8te : c&#8217;est l&#8217;objet de la derni\u00e8re campagne d&#8217;Oxfam France. Pauline Lecl\u00e8re, responsable de campagne de l&#8217;ONG, est l&#8217;invit\u00e9e de #LaMidinale.<\/p>\n<h2>UNE MIDINALE \u00c0 VOIR&#8230;<\/h2>\n<p><iframe loading=\"lazy\" width=\"490\" height=\"276\" src=\"https:\/\/www.youtube.com\/embed\/bLc8YUwUF5I\" title=\"YouTube video player\" frameborder=\"0\" allow=\"accelerometer; autoplay; clipboard-write; encrypted-media; gyroscope; picture-in-picture\" allowfullscreen><\/iframe><\/p>\n<p>&nbsp;<\/p>\n<p><h2>ET \u00c0 LIRE&#8230;<\/h2>\n<p><em>\u00a0<strong>Sur la derni\u00e8re campagne vid\u00e9o d\u2019Oxfam France sur les in\u00e9galit\u00e9s<\/em>\u00a0<\/strong><br \/>\n\u00ab\u00a0L\u2019objectif de notre campagne, c\u2019est d\u00e9placer les in\u00e9galit\u00e9s dans le quotidien des gens pour leur faire prendre conscience de cette r\u00e9alit\u00e9.\u00a0\u00bb<br \/>\n\u00ab\u00a0Il faut aussi rappeler que l\u2019on est tous et toutes concern\u00e9s par les in\u00e9galit\u00e9s : cela fracture, divise, enferme des personnes dans la pauvret\u00e9 et abime la plan\u00e8te car les 1% les plus riches sont aussi ceux qui polluent le plus.\u00a0\u00bb<\/p>\n<p><em>\u00a0<strong>Sur l\u2019accroissement des in\u00e9galit\u00e9s et ses cons\u00e9quences<\/em>\u00a0<\/strong><br \/>\n\u00ab\u00a0Si on regarde les deux derni\u00e8res ann\u00e9es, il y a des tas de pays dans le monde qui ont fait des manifestations immenses et qui se sont r\u00e9volt\u00e9s pour dire leur col\u00e8re et leur indignation face \u00e0 l\u2019aggravation des in\u00e9galit\u00e9s ou de la pauvret\u00e9.\u00a0Souvent, cela part d\u2019une d\u00e9cision politique comme l\u2019augmentation du prix du ticket de m\u00e9tro, une nouvelle taxe, une augmentation des salaires des d\u00e9put\u00e9s ou une prise de conscience du salaire mirobolant des PDG. \u00bb<br \/>\n\u00ab\u00a0La prise de conscience et la demande sont l\u00e0. Le probl\u00e8me, ce sont les choix politiques : non seulement, on n\u2019en fait pas assez contre les in\u00e9galit\u00e9s mais on fait surtout des choix politiques qui les aggravent.\u00a0\u00bb<br \/>\n\u00ab\u00a0Les politiques fiscales favorisent les ultra riches : en France, la suppression de l\u2019ISF et la mise en place de la flat tax, des services publics sous-financ\u00e9s, la mise sous pression de notre mod\u00e8le social, la non-r\u00e9gulation des entreprises\u2026\u00a0\u00bb<br \/>\n\u00ab\u00a0Oxfam France sollicite le pouvoir citoyen pour faire pression sur les d\u00e9cideurs politiques.\u00a0\u00bb<br \/>\n\u00ab\u00a0Les in\u00e9galit\u00e9s ne sont pas une fatalit\u00e9 : on peut changer les choses.\u00a0\u00bb<\/p>\n<p><em>\u00a0<strong>Sur les in\u00e9galit\u00e9s en temps de pand\u00e9mie<\/em>\u00a0<\/strong><br \/>\n\u00ab\u00a0Les in\u00e9galit\u00e9s s\u2019aggravent, notamment pendant la pand\u00e9mie.\u00a0\u00bb<br \/>\n\u00ab\u00a0Il y a une augmentation du nombre de milliardaires sur la plan\u00e8te et le risque de diminution de la pauvret\u00e9 dans le monde a commenc\u00e9 \u00e0 ralentir.\u00a0\u00bb<br \/>\n\u00ab\u00a0Ce qui montre le dysfonctionnement de notre syst\u00e8me \u00e9conomique, c\u2019est que des milliardaires se sont enrichis pendant la pand\u00e9mie.\u00a0\u00bb<\/p>\n<p><em>\u00a0<strong>Sur le r\u00f4le de plaidoyer aupr\u00e8s des d\u00e9cideurs politiques<\/em>\u00a0<\/strong><br \/>\n\u00ab\u00a0Avec Oxfam, on fait des campagnes pour atteindre les gens mais on fait aussi du plaidoyer, c\u2019est-\u00e0-dire que l\u2019on va voir les d\u00e9cideurs politiques (d\u00e9put\u00e9s, s\u00e9nateurs et cabinets minist\u00e9riels) pour porter nos propositions.\u00a0On est plus ou moins entendu.\u00a0\u00bb<br \/>\n\u00ab\u00a0Le pr\u00e9sident de la R\u00e9publique a une vision tr\u00e8s claire et diam\u00e9tralement oppos\u00e9e \u00e0 ce que nous on d\u00e9fend, notamment sur la question du ruissellement.\u00a0\u00bb<br \/>\n\u00ab\u00a0Certains d\u00e9put\u00e9s sentent bien ce qui se passe : ils voient bien que les gens veulent plus de justice fiscale et sociale.\u00a0\u00bb<\/p>\n<p><em>\u00a0<strong>Sur les liens entre in\u00e9galit\u00e9s et pauvret\u00e9<\/em>\u00a0<\/strong><br \/>\n\u00ab\u00a0Notre objectif, c\u2019est de faire le lien entre in\u00e9galit\u00e9s et pauvret\u00e9.\u00a0\u00bb<br \/>\n\u00ab\u00a0L\u2019enjeu, c\u2019est de transformer la col\u00e8re en mobilisation.\u00a0\u00bb<br \/>\n\u00ab\u00a0Les solutions, c\u2019est l\u2019imp\u00f4t bien s\u00fbr mais aussi l\u2019augmentation des bas salaires et la question du partage des richesses dans les entreprises.\u00a0\u00bb<\/p>\n<p><em>\u00a0<strong>Sur la pertinence de la lutte contre les in\u00e9galit\u00e9s<\/em>\u00a0<\/strong><br \/>\n\u00ab\u00a0La d\u00e9connexion entre les 1% les plus riches qui ont le pouvoir et le reste fait peur.\u00a0\u00bb<br \/>\n\u00ab\u00a0Constater l\u2019ind\u00e9cence de la situation de la r\u00e9partition des richesses nous am\u00e8ne \u00e0 croire que \u00e7a va craquer.\u00a0\u00bb<br \/>\n\u00ab\u00a0Les in\u00e9galit\u00e9s, ce n\u2019est pas un d\u00e9bat id\u00e9ologique : c\u2019et une question de justice et de bon sens.\u00a0\u00bb<br \/>\n\u00ab\u00a0J\u2019ai envie de dire aux tr\u00e8s riches qu\u2019ils ont int\u00e9r\u00eat \u00e0 ce que la soci\u00e9t\u00e9 soit plus \u00e9galitaire parce qu\u2019on est tous perdants.\u00a0\u00bb<div id='gallery-1' class='gallery galleryid-13192 gallery-columns-3 gallery-size-thumbnail'><figure class='gallery-item'>\n\t\t\t<div class='gallery-icon landscape'>\n\t\t\t\t<a href='https:\/\/archives.regards.fr\/wp-content\/uploads\/2021\/10\/capture_d_e_cran_2021-10-20_a_13-1a4.04.27.png'><img loading=\"lazy\" decoding=\"async\" width=\"150\" height=\"150\" src=\"https:\/\/archives.regards.fr\/wp-content\/uploads\/2021\/10\/capture_d_e_cran_2021-10-20_a_13-1a4.04.27-150x150.png\" class=\"attachment-thumbnail size-thumbnail\" alt=\"capture_d_e_cran_2021-10-20_a_13.04.27.png\" \/><\/a>\n\t\t\t<\/div><\/figure>\n\t\t<\/div>\n<\/p>\n","protected":false},"excerpt":{"rendered":"<p>Les 1% les plus riches poss\u00e8dent plus de la moiti\u00e9 des richesses de la plan\u00e8te : c&#8217;est l&#8217;objet de la derni\u00e8re campagne d&#8217;Oxfam France. Pauline Lecl\u00e8re, responsable de campagne de l&#8217;ONG, est l&#8217;invit\u00e9e de #LaMidinale.<\/p>\n","protected":false},"author":1204,"featured_media":31058,"comment_status":"open","ping_status":"open","sticky":false,"template":"","format":"standard","meta":{"_themeisle_gutenberg_block_has_review":false,"footnotes":""},"categories":[238],"tags":[293],"class_list":["post-13192","post","type-post","status-publish","format-standard","has-post-thumbnail","hentry","category-la-midinale","tag-entretien"],"_links":{"self":[{"href":"https:\/\/archives.regards.fr\/index.php?rest_route=\/wp\/v2\/posts\/13192","targetHints":{"allow":["GET"]}}],"collection":[{"href":"https:\/\/archives.regards.fr\/index.php?rest_route=\/wp\/v2\/posts"}],"about":[{"href":"https:\/\/archives.regards.fr\/index.php?rest_route=\/wp\/v2\/types\/post"}],"author":[{"embeddable":true,"href":"https:\/\/archives.regards.fr\/index.php?rest_route=\/wp\/v2\/users\/1204"}],"replies":[{"embeddable":true,"href":"https:\/\/archives.regards.fr\/index.php?rest_route=%2Fwp%2Fv2%2Fcomments&post=13192"}],"version-history":[{"count":0,"href":"https:\/\/archives.regards.fr\/index.php?rest_route=\/wp\/v2\/posts\/13192\/revisions"}],"wp:featuredmedia":[{"embeddable":true,"href":"https:\/\/archives.regards.fr\/index.php?rest_route=\/wp\/v2\/media\/31058"}],"wp:attachment":[{"href":"https:\/\/archives.regards.fr\/index.php?rest_route=%2Fwp%2Fv2%2Fmedia&parent=13192"}],"wp:term":[{"taxonomy":"category","embeddable":true,"href":"https:\/\/archives.regards.fr\/index.php?rest_route=%2Fwp%2Fv2%2Fcategories&post=13192"},{"taxonomy":"post_tag","embeddable":true,"href":"https:\/\/archives.regards.fr\/index.php?rest_route=%2Fwp%2Fv2%2Ftags&post=13192"}],"curies":[{"name":"wp","href":"https:\/\/api.w.org\/{rel}","templated":true}]}}