{"id":13189,"date":"2021-10-19T10:26:32","date_gmt":"2021-10-19T08:26:32","guid":{"rendered":"https:\/\/wp.muchomaas.com\/article-2022-ces-elus-qui-refusent-de-parrainer-une-gauche-dispersee\/"},"modified":"2021-10-19T10:26:32","modified_gmt":"2021-10-19T08:26:32","slug":"article-2022-ces-elus-qui-refusent-de-parrainer-une-gauche-dispersee","status":"publish","type":"post","link":"https:\/\/archives.regards.fr\/?p=13189","title":{"rendered":"2022 : ces \u00e9lus qui refusent de parrainer une gauche dispers\u00e9e"},"content":{"rendered":"<p class=\"post_excerpt\">Ce samedi 16 octobre, une cinquantaine d&#8217;\u00e9lus de gauche et \u00e9cologistes se sont rendus \u00e0 Romainville, en Seine-Saint-Denis, pour \u00ab pr\u00eater serment \u00bb : tant que la gauche ira \u00e0 la pr\u00e9sidentielle en ordre dispers\u00e9, aucun d&#8217;entre eux ne donnera son parrainage \u00e0 aucun des candidats. On en a caus\u00e9 avec St\u00e9phane Delpeyrat.<\/p>\n<p><em> <strong>St\u00e9phane Delpeyrat<\/strong> est maire G\u00e9n\u00e9ration.s de Saint-M\u00e9dard-en-Jalles (Gironde). <\/em><\/p>\n<p>&nbsp;<\/p>\n<p><p style=\"text-align: center;\">* * *<\/p>\n<p>&nbsp;<\/p>\n<p><strong> <em>Regards<\/em>. Dans une <a href=\"https:\/\/blogs.mediapart.fr\/jean-pierre-boudine\/blog\/171021\/le-serment-de-romainville\">tribune<\/a> publi\u00e9e \u00e0 l&#8217;occasion, vous \u00e9crivez : <em>\u00ab Nous refusons de participer \u00e0 la tragique mise en sc\u00e8ne de notre d\u00e9faite et de notre impuissance. \u00bb<\/em> En quoi cette \u00e9lection de 2022 est-elle diff\u00e9rente des autres, du point de vue de la multiplicit\u00e9 des candidatures \u00e0 gauche ? <\/strong><\/p>\n<p><strong>St\u00e9phane Delpeyrat.<\/strong> Autrefois la gauche concourait syst\u00e9matiquement pour gagner. Il y avait certes une pluralit\u00e9 de candidatures, mais avec en son c\u0153ur un parti nettement dominant \u00e9lectoralement et des alli\u00e9s capables d\u2019apporter des id\u00e9es mais aussi des \u00e9lecteurs pour l\u2019emporter au second tour. D\u00e9sormais, il n\u2019y a plus de centralit\u00e9 autour de laquelle construire une coalition et on se dispute le m\u00eame \u00e9lectorat sans que personne n\u2019y trouve son compte. Il s\u2019agit de concourir pour, m\u00eame d\u00e9fait, \u00eatre en t\u00eate des ruines de son camp. Pas tr\u00e8s glorieux\u2026 Mais surtout on ne peut \u00e0 la fois dire qu\u2019il y a urgence \u00e9cologique, urgence sociale, et renvoyer la question de la victoire pour gouverner aux calendes grecques. Enfin, Zemmour et Le Pen ne sont ni Chirac ni Balladur. La constitution d\u2019un bloc nationaliste et raciste fait peser sur cette \u00e9lection un danger sans pr\u00e9c\u00e9dent. Une partie de LR pourrait se laisser entra\u00eener et permettre la victoire de l\u2019extr\u00eame droite vichyssoise. Nous ne sommes pas en 2002. C\u2019est d\u00e9sormais le pire qui est \u00e0 craindre.<\/p>\n<p>&nbsp;<\/p>\n<p>\n<strong>VOIR AUSSI SUR REGARDS.FR<br \/>\n>><\/strong> <em><a href=\"https:\/\/wp.muchomaas.com\/debats\/article\/des-bieres-des-chips-des-gauchistes-quelle-strategie-pour-la-gauche-en-2022\">Des bi\u00e8res, des chips et des gauchistes : quelle strat\u00e9gie pour la gauche en 2022 ?<\/a><\/em><\/p>\n<p>&nbsp;<\/p>\n<p><strong>N&#8217;est-il pas paradoxal, pour des \u00e9lus membres de partis comme le PS, G\u00e9n\u00e9ration.s ou EELV, de faire la \u00ab gr\u00e8ve des parrainages \u00bb alors que vos appareils sont d&#8217;ores et d\u00e9j\u00e0 en campagne ?<\/strong><\/p>\n<p>Les appareils sont dans leur r\u00f4le et les \u00e9lus locaux dans le leur. Nous avons \u00e9t\u00e9 \u00e9lus gr\u00e2ce au rassemblement. Les partis, eux, souhaitent se diff\u00e9rencier pour garder un acc\u00e8s au financement public et se p\u00e9renniser. Mais encore faut-il pour cela des \u00e9lecteurs et des \u00e9lectrices. Je ne suis pas s\u00fbr que toutes ces candidatures passent l\u2019hiver\u2026<\/p>\n<blockquote><p>\u00ab La gauche et les \u00e9cologistes pr\u00e9f\u00e8rent-ils le confort de l\u2019opposition \u00e0 la rudesse de l\u2019action ? \u00bb<\/p><\/blockquote>\n<p><strong>Dans <em>L&#8217;Obs<\/em>, on <a href=\"https:\/\/www.nouvelobs.com\/election-presidentielle-2022\/20211015.OBS49881\/une-cinquantaine-d-elus-ne-parraineront-aucun-candidat-tant-que-la-gauche-avancera-divisee.html\">lit<\/a> que <em>\u00ab l\u2019initiative est appuy\u00e9e par le collectif de la Primaire populaire \u00bb<\/em>. Pensez-vous que cette primaire soit l&#8217;alternative \u00e0 la division partisane ?<\/strong><\/p>\n<p>L\u2019alternative, je ne sais pas. Une proc\u00e9dure ne peut suffire. Il faut aussi une dynamique et une volont\u00e9 qui, \u00e0 ce stade, fait d\u00e9faut. La gauche et les \u00e9cologistes pr\u00e9f\u00e8rent-ils le confort de l\u2019opposition \u00e0 la rudesse de l\u2019action ? En tout cas, le vote des citoyens peut \u00eatre un bon moyen d\u2019atterrir et de r\u00e9soudre la crise avant qu\u2019il ne soit trop tard. Il nous reste peu de temps. Esp\u00e9rons que l\u2019esprit de responsabilit\u00e9 n\u2019ait pas d\u00e9finitivement d\u00e9sert\u00e9 nos dirigeants.<\/p>\n<p>&nbsp;<\/p>\n<p>\nPropos recueillis par <a href=\"https:\/\/wp.muchomaas.com\/auteur\/loic-le-clerc\"><strong>Lo\u00efc Le Clerc<\/strong><\/a><\/p>\n","protected":false},"excerpt":{"rendered":"<p>Ce samedi 16 octobre, une cinquantaine d&#8217;\u00e9lus de gauche et \u00e9cologistes se sont rendus \u00e0 Romainville, en Seine-Saint-Denis, pour \u00ab pr\u00eater serment \u00bb : tant que la gauche ira \u00e0 la pr\u00e9sidentielle en ordre dispers\u00e9, aucun d&#8217;entre eux ne donnera son parrainage \u00e0 aucun des candidats. On en a caus\u00e9 avec St\u00e9phane Delpeyrat.<\/p>\n","protected":false},"author":1203,"featured_media":0,"comment_status":"open","ping_status":"open","sticky":false,"template":"","format":"standard","meta":{"_themeisle_gutenberg_block_has_review":false,"footnotes":""},"categories":[6],"tags":[293,295,515],"class_list":["post-13189","post","type-post","status-publish","format-standard","hentry","category-actu","tag-entretien","tag-nupes","tag-presidentielle-2022"],"_links":{"self":[{"href":"https:\/\/archives.regards.fr\/index.php?rest_route=\/wp\/v2\/posts\/13189","targetHints":{"allow":["GET"]}}],"collection":[{"href":"https:\/\/archives.regards.fr\/index.php?rest_route=\/wp\/v2\/posts"}],"about":[{"href":"https:\/\/archives.regards.fr\/index.php?rest_route=\/wp\/v2\/types\/post"}],"author":[{"embeddable":true,"href":"https:\/\/archives.regards.fr\/index.php?rest_route=\/wp\/v2\/users\/1203"}],"replies":[{"embeddable":true,"href":"https:\/\/archives.regards.fr\/index.php?rest_route=%2Fwp%2Fv2%2Fcomments&post=13189"}],"version-history":[{"count":0,"href":"https:\/\/archives.regards.fr\/index.php?rest_route=\/wp\/v2\/posts\/13189\/revisions"}],"wp:attachment":[{"href":"https:\/\/archives.regards.fr\/index.php?rest_route=%2Fwp%2Fv2%2Fmedia&parent=13189"}],"wp:term":[{"taxonomy":"category","embeddable":true,"href":"https:\/\/archives.regards.fr\/index.php?rest_route=%2Fwp%2Fv2%2Fcategories&post=13189"},{"taxonomy":"post_tag","embeddable":true,"href":"https:\/\/archives.regards.fr\/index.php?rest_route=%2Fwp%2Fv2%2Ftags&post=13189"}],"curies":[{"name":"wp","href":"https:\/\/api.w.org\/{rel}","templated":true}]}}