{"id":13187,"date":"2021-10-18T17:36:19","date_gmt":"2021-10-18T15:36:19","guid":{"rendered":"https:\/\/wp.muchomaas.com\/article-manuel-bompard-on-est-prets-a-gouverner-le-pays\/"},"modified":"2023-06-24T00:20:48","modified_gmt":"2023-06-23T22:20:48","slug":"article-manuel-bompard-on-est-prets-a-gouverner-le-pays","status":"publish","type":"post","link":"https:\/\/archives.regards.fr\/?p=13187","title":{"rendered":"Manuel Bompard : \u00ab On est pr\u00eats \u00e0 gouverner le pays \u00bb"},"content":{"rendered":"<p class=\"post_excerpt\">Les insoumis se sont r\u00e9unis \u00e0 Reims ce week-end pour \u00e9laborer la nouvelle strat\u00e9gie d\u2019union populaire. Manuel Bompard, d\u00e9put\u00e9 europ\u00e9en et directeur de campagne de Jean-Luc M\u00e9lenchon, est l\u2019invit\u00e9 de #LaMidinale.<\/p>\n<h2>UNE MIDINALE \u00c0 VOIR&#8230;<\/h2>\n<p><iframe loading=\"lazy\" width=\"490\" height=\"276\" src=\"https:\/\/www.youtube.com\/embed\/b22IN6-fvzU\" title=\"YouTube video player\" frameborder=\"0\" allow=\"accelerometer; autoplay; clipboard-write; encrypted-media; gyroscope; picture-in-picture\" allowfullscreen><\/iframe><\/p>\n<p>&nbsp;<\/p>\n<p><h2>ET \u00c0 LIRE&#8230;<\/h2>\n<p><em>\u00a0<strong>Sur le passage de la France insoumise \u00e0 l\u2019union populaire<\/em>\u00a0<\/strong><br \/>\n\u00ab\u00a0L\u2019union populaire n\u2019est pas une nouvelle formation politique, c\u2019est la nouvelle strat\u00e9gie que l\u2019on met en place pour cette nouvelle campagne pr\u00e9sidentielle.\u00a0\u00bb<br \/>\n\u00ab\u00a0L\u2019id\u00e9e, c\u2019est que si l\u2019on veut r\u00e9unir une majorit\u00e9 populaire pour gagner, il vaut mieux le faire en essayant de f\u00e9d\u00e9rer autour de propositions programmatiques plut\u00f4t que de se poser la question des accords entre appareils partis.\u00a0\u00bb<br \/>\n\u00ab\u00a0On n\u2019exclut pas que l\u2019union populaire devienne une nouvelle formation politique ou une nouvelle force politique. \u00c7a va d\u00e9pendre de ce qu\u2019il va se passer dans cette campagne.\u00a0\u00bb<br \/>\n\u00ab\u00a0La France insoumise est reconnue et identifi\u00e9e dans le paysage politique.\u00a0\u00bb<br \/>\n\u00ab\u00a0Il faut reconnaitre \u00e0 Jean-Luc M\u00e9lenchon d\u2019avoir fait d\u00e9couvrir de nos visages en politique.\u00a0\u00bb<br \/>\n\u00ab\u00a0On a mis dans le d\u00e9bat des id\u00e9es qui sont importantes : la constituante, la VI\u00e8 R\u00e9publique, la planification \u00e9cologique, la relocalisation industrielle. On a gagn\u00e9 des points dans la bataille culturelle.\u00a0\u00bb<br \/>\n\u00ab\u00a0On a connu des moments plus difficiles et c\u2019est vrai que dans les \u00e9lections interm\u00e9diaires on n\u2019a pas fait les r\u00e9sultats qu\u2019on aurait pu esp\u00e9rer.\u00a0\u00bb<\/p>\n<p><em>\u00a0<strong>Sur le programme l\u2019Avenir en commun<\/em>\u00a0<\/strong><br \/>\n\u00ab\u00a0Nous avons la volont\u00e9 de montrer qu\u2019on est pr\u00eats \u00e0 gouverner ce pays.\u00a0\u00bb<br \/>\n\u00ab\u00a0Ce qui s\u2019est pass\u00e9 depuis cinq ans dans notre pays a plut\u00f4t renforc\u00e9 la pertinence de notre programme.\u00a0\u00bb<br \/>\n\u00ab\u00a0Notre programme sera disponible en librairie \u00e0 partir du 18 novembre.\u00a0\u00bb<\/p>\n<p><em>\u00a0<strong>Sur la sortie du nucl\u00e9aire\u00a0<\/em>\u00a0<\/strong><br \/>\n\u00ab\u00a0Autour de cette question, il y a du d\u00e9bat et il ne faut pas en avoir peur.\u00a0\u00bb<br \/>\n\u00ab\u00a0Notre point de vue, c\u2019est qu\u2019il faut sortir des \u00e9nergies carbon\u00e9es. C\u2019est une priorit\u00e9. Mais faire croire que le nucl\u00e9aire peut \u00eatre la solution pour \u00e7a nous parait dangereux.\u00a0\u00bb<br \/>\n\u00ab\u00a0Il y a une part d\u2019irresponsabilit\u00e9 \u00e0 consid\u00e9rer que le nucl\u00e9aire peut \u00eatre la solution de demain.\u00a0\u00bb<br \/>\n\u00ab\u00a0Nous proposons de passer \u00e0 100% d\u2019\u00e9nergie renouvelable d\u2019ici \u00e0 2050 : l\u2019\u00e9olien, le solaire, les hydroliennes, la g\u00e9othermie. Il faut mettre le paquet dans la sobri\u00e9t\u00e9 et l\u2019efficacit\u00e9 \u00e9nerg\u00e9tique. \u00bb<\/p>\n<p><em>\u00a0<strong>Sur les abstentionnistes\u00a0<\/em>\u00a0<\/strong><br \/>\n\u00ab\u00a0On va faire le travail de convictions.\u00a0On va militer et on va se battre. On va mettre le paquet et on s\u2019organise de mani\u00e8re un peu plus pr\u00e9cise. \u00bb<br \/>\n\u00ab\u00a0Notre d\u00e9mocratie ne fonctionne pas bien. On comprend que les citoyens ne croient plus aux r\u00e8gles du jeu et nous leur proposons de r\u00e9\u00e9crire ces r\u00e8gles du jeu ensemble. C\u2019est la question de la constituante et de la VIe R\u00e9publique.\u00a0\u00bb<br \/>\n\u00ab\u00a0On doit parler aux gens dont on ne parle pas. Les ouvriers, les salari\u00e9s : ils repr\u00e9sentent plus de 50% de la population et concernent 5 ou 6% de l\u2019activit\u00e9 m\u00e9diatique.\u00a0\u00bb<br \/>\n\u00ab\u00a0Jean-Luc M\u00e9lenchon est le mieux plac\u00e9 \u00e0 gauche pour gagner parce qu\u2019il est elle seul candidat en capacit\u00e9 de regrouper une composante populaire tr\u00e8s importante et une composante de classes moyennes.\u00a0\u00bb<br \/>\n\u00ab\u00a0On assume de vouloir parler aux gens qu\u2019on ne voit pas \u00e0 la t\u00e9l\u00e9vision qui constitue la majorit\u00e9 sociale de notre pays. C\u2019est pour \u00e7a que l\u2019union populaire les concerne.\u00a0\u00bb<br \/>\n\u00ab\u00a0Il y a une disponibilit\u00e9 dans la jeunesse pour les id\u00e9es de rupture.\u00a0\u00bb<\/p>\n<p><em>\u00a0<strong>Sur les mains tendues aux candidats de gauche<\/em>\u00a0<\/strong><br \/>\n\u00ab\u00a0On a envoy\u00e9 deux courriers aux communistes pour leur proposer de discuter autour d\u2019une candidature unique \u00e0 la pr\u00e9sidentielle et de pr\u00e9senter des candidats communs aux l\u00e9gislatives.\u00a0Malheureusement, ces deux courriers sont rest\u00e9s sans r\u00e9ponse. \u00bb<br \/>\n\u00ab\u00a0Arnaud Montebourg, pour l\u2019instant, a des propos \u00e0 notre \u00e9gard qui ne sont pas tr\u00e8s positifs.\u00a0\u00bb<br \/>\n\u00ab\u00a0Sur certains sujets, Roussel ou Montebourg ancrent leurs campagnes sur un discours sur lequel on ne peut pas se retrouver. L\u2019Europe de Montebourg n\u2019est pas la notre. Le discours de Roussel quand il s\u2019est rendu \u00e0 la manifestation des policiers est quelque chose dans lequel on ne peut pas se retrouver. \u00bb<br \/>\n\u00ab\u00a0Montebourg et Roussel participent d\u2019un bloc populaire qui, du point de vue des \u00e9lectorats, devrait pouvoir se regrouper autour de la candidature de M\u00e9lenchon.\u00a0\u00bb<br \/>\n\u00ab\u00a0Un des enjeux de cette campagne pr\u00e9sidentielle va \u00eatre de savoir si \u00e0 gauche, c\u2019est le bloc populaire ou le bloc de centre-gauche qui est en t\u00eate et qui construit la dynamique.\u00a0\u00bb<br \/>\n\u00ab\u00a0On ne demande pas aux autres de se ranger derri\u00e8re nous.\u00a0\u00c7a n\u2019est pas les mots que nous utilisons. \u00bb<\/p>\n<p><em>\u00a0<strong>Sur \u00c9ric Zemmour<\/em>\u00a0<\/strong><br \/>\n\u00ab\u00a0Si les id\u00e9es d\u2019extr\u00eame droite ont continu\u00e9 de progresser dans notre pays, la responsabilit\u00e9 est partag\u00e9e : quand le pouvoir en place envoie Darmanin sur un plateau de t\u00e9l\u00e9vision pour dire que Le Pen est trop molle, \u00e7a contribue \u00e0 une forme de banalisation. Quand Fr\u00e9d\u00e9rique Vidal lance une chasse aux sorci\u00e8res dans les universit\u00e9s en reprenant le terme d\u2019islamogauchisme invent\u00e9 par l\u2019extr\u00eame droite, \u00e7a contribue \u00e0 une forme de banalisation des id\u00e9es de l\u2019extr\u00eame droite.\u00a0\u00bb<br \/>\n\u00ab\u00a0La question qui se pose, c\u2019est comment on affronte l\u2019extr\u00eame droite : en allant sur le fond. Il faut d\u00e9noncer l\u2019imposture de l\u2019extr\u00eame droite.\u00a0\u00bb<br \/>\n\u00ab\u00a0Il faut d\u00e9mystifier le r\u00f4le r\u00e9el que joue l\u2019extr\u00eame droite dans notre pays : monsieur Zemmour est ultralib\u00e9ral. Son programme \u00e9conomique n\u2019a rien \u00e0 envier \u00e0 celui d\u2019Emmanuel Macron.\u00a0\u00bb<\/p>\n<p>&nbsp;<\/p>\n<p>\n<img loading=\"lazy\" decoding=\"async\" class=\" alignleft size-full wp-image-31029\" src=\"https:\/\/wp.muchomaas.com\/wp-content\/uploads\/2021\/10\/201006_fsb_bmv_2-aef.png\" alt=\"201006_fsb_bmv_2.png\" align=\"left\" width=\"490\" height=\"719\" \/><div id='gallery-1' class='gallery galleryid-13187 gallery-columns-3 gallery-size-thumbnail'><figure class='gallery-item'>\n\t\t\t<div class='gallery-icon portrait'>\n\t\t\t\t<a href='https:\/\/archives.regards.fr\/wp-content\/uploads\/2021\/10\/201006_fsb_bmv_2-de1.png'><img loading=\"lazy\" decoding=\"async\" width=\"150\" height=\"150\" src=\"https:\/\/archives.regards.fr\/wp-content\/uploads\/2021\/10\/201006_fsb_bmv_2-de1-150x150.png\" class=\"attachment-thumbnail size-thumbnail\" alt=\"201006_fsb_bmv_2.png\" \/><\/a>\n\t\t\t<\/div><\/figure><figure class='gallery-item'>\n\t\t\t<div class='gallery-icon landscape'>\n\t\t\t\t<a href='https:\/\/archives.regards.fr\/wp-content\/uploads\/2021\/10\/capture_d_e_cran_2021-10-18_a_15-9c8.19.01.png'><img loading=\"lazy\" decoding=\"async\" width=\"150\" height=\"150\" src=\"https:\/\/archives.regards.fr\/wp-content\/uploads\/2021\/10\/capture_d_e_cran_2021-10-18_a_15-9c8.19.01-150x150.png\" class=\"attachment-thumbnail size-thumbnail\" alt=\"capture_d_e_cran_2021-10-18_a_15.19.01.png\" \/><\/a>\n\t\t\t<\/div><\/figure>\n\t\t<\/div>\n<\/p>\n","protected":false},"excerpt":{"rendered":"<p>Les insoumis se sont r\u00e9unis \u00e0 Reims ce week-end pour \u00e9laborer la nouvelle strat\u00e9gie d\u2019union populaire. Manuel Bompard, d\u00e9put\u00e9 europ\u00e9en et directeur de campagne de Jean-Luc M\u00e9lenchon, est l\u2019invit\u00e9 de #LaMidinale.<\/p>\n","protected":false},"author":1204,"featured_media":31029,"comment_status":"open","ping_status":"open","sticky":false,"template":"","format":"standard","meta":{"_themeisle_gutenberg_block_has_review":false,"footnotes":""},"categories":[238],"tags":[293,515],"class_list":["post-13187","post","type-post","status-publish","format-standard","has-post-thumbnail","hentry","category-la-midinale","tag-entretien","tag-presidentielle-2022"],"_links":{"self":[{"href":"https:\/\/archives.regards.fr\/index.php?rest_route=\/wp\/v2\/posts\/13187","targetHints":{"allow":["GET"]}}],"collection":[{"href":"https:\/\/archives.regards.fr\/index.php?rest_route=\/wp\/v2\/posts"}],"about":[{"href":"https:\/\/archives.regards.fr\/index.php?rest_route=\/wp\/v2\/types\/post"}],"author":[{"embeddable":true,"href":"https:\/\/archives.regards.fr\/index.php?rest_route=\/wp\/v2\/users\/1204"}],"replies":[{"embeddable":true,"href":"https:\/\/archives.regards.fr\/index.php?rest_route=%2Fwp%2Fv2%2Fcomments&post=13187"}],"version-history":[{"count":0,"href":"https:\/\/archives.regards.fr\/index.php?rest_route=\/wp\/v2\/posts\/13187\/revisions"}],"wp:featuredmedia":[{"embeddable":true,"href":"https:\/\/archives.regards.fr\/index.php?rest_route=\/wp\/v2\/media\/31029"}],"wp:attachment":[{"href":"https:\/\/archives.regards.fr\/index.php?rest_route=%2Fwp%2Fv2%2Fmedia&parent=13187"}],"wp:term":[{"taxonomy":"category","embeddable":true,"href":"https:\/\/archives.regards.fr\/index.php?rest_route=%2Fwp%2Fv2%2Fcategories&post=13187"},{"taxonomy":"post_tag","embeddable":true,"href":"https:\/\/archives.regards.fr\/index.php?rest_route=%2Fwp%2Fv2%2Ftags&post=13187"}],"curies":[{"name":"wp","href":"https:\/\/api.w.org\/{rel}","templated":true}]}}