{"id":13182,"date":"2021-10-15T12:13:10","date_gmt":"2021-10-15T10:13:10","guid":{"rendered":"https:\/\/wp.muchomaas.com\/article-kevin-vacher-macron-porte-un-regard-pathologique-sur-marseille\/"},"modified":"2023-06-24T00:20:41","modified_gmt":"2023-06-23T22:20:41","slug":"article-kevin-vacher-macron-porte-un-regard-pathologique-sur-marseille","status":"publish","type":"post","link":"https:\/\/archives.regards.fr\/?p=13182","title":{"rendered":"Kevin Vacher : \u00ab Macron porte un regard pathologique sur Marseille \u00bb"},"content":{"rendered":"<p class=\"post_excerpt\">Ce 15 octobre, Emmanuel Macron revient dans la cit\u00e9 phoc\u00e9enne pour la deuxi\u00e8me fois en quelques semaines. Kevin Vacher, sociologue, militant du mal-logement \u00e0 Marseille, est l\u2019invit\u00e9 de #LaMidinale.<\/p>\n<h2>UNE MIDINALE \u00c0 VOIR&#8230;<\/h2>\n<p><iframe loading=\"lazy\" width=\"490\" height=\"276\" src=\"https:\/\/www.youtube.com\/embed\/ZKAR5V_ANwU\" title=\"YouTube video player\" frameborder=\"0\" allow=\"accelerometer; autoplay; clipboard-write; encrypted-media; gyroscope; picture-in-picture\" allowfullscreen><\/iframe><\/p>\n<p>&nbsp;<\/p>\n<p><h2>ET \u00c0 LIRE&#8230;<\/h2>\n<p><em> <strong>Sur la visite de Macron \u00e0 Marseille<\/strong> <\/em><br \/>\n\u00ab Je ne dirais pas que Marseille est sous tutelle mais il y a une pratique qui correspond \u00e0 une posture assez paternaliste vis-\u00e0-vis de la ville de Marseille. \u00bb<br \/>\n\u00ab Macron adopte \u00e0 peu pr\u00e8s la m\u00eame posture que les gouvernements pr\u00e9c\u00e9dents. \u00bb<br \/>\n\u00ab Macron annonce des mesures qui sont des projets qui sont d\u00e9j\u00e0 pr\u00e9vus. \u00bb<br \/>\n\u00ab Je ne suis pas s\u00fbr que Marseille doive rena\u00eetre, elle est assez vivante. \u00c7a n\u2019est pas \u00e7a le probl\u00e8me. \u00bb<br \/>\n\u00ab Le gouvernement porte un regard d\u2019apitoiement et pathologique sur Marseille. \u00bb<br \/>\n\u00ab Il y a un tissu citoyen, associatif, politique local extr\u00eamement vivant qui porte des propositions. \u00bb<\/p>\n<p><em> <strong>Sur les effets de la stigmatisation de Marseille <\/strong>  <\/em><br \/>\n\u00ab Il y a un stigmate m\u00e9ridional qui p\u00e8se sur Marseille. Un stigmate qui vient de loin et qui m\u00e9lange plusieurs caract\u00e9ristiques : on stigmatise une ville qui est populaire. C\u2019est une ville d\u2019immigration aussi et plus qu\u2019une ville d\u2019immigration c\u2019est une ville qui est encore aujourd\u2019hui une continuit\u00e9 coloniale. Marseille a \u00e9t\u00e9 un port colonial, regard\u00e9 comme tel pendant longtemps, et laiss\u00e9 dans un sous-d\u00e9veloppement chronique depuis toujours. Enfin, c\u2019est une ville qui est consid\u00e9r\u00e9e comme m\u00e9ridionale avec l\u2019ensemble des pr\u00e9jug\u00e9s qu\u2019on adosse aux villes m\u00e9ridionales. \u00bb<br \/>\n\u00ab On nous impose une vision culturaliste des probl\u00e8mes de la ville. On d\u00e9politise les probl\u00e8mes en ne voulant pas voir les in\u00e9galit\u00e9s, les probl\u00e8mes \u00e9conomiques et sociaux de la ville. \u00bb<\/p>\n<p><em> <strong>Sur les enjeux li\u00e9s au logement <\/strong>  <\/em><br \/>\n\u00ab Sur le logement, le discours du 2 septembre d\u2019Emmanuel Macro n\u2019a rien annonc\u00e9 de nouveau. \u00bb<br \/>\n\u00ab Macron a annonc\u00e9 10.000 logements r\u00e9habilit\u00e9s en dix ans. C\u2019est extr\u00eamement peu. La fondation Abb\u00e9 Pierre parle de 40.000 logements indignes \u00e0 Marseille et de 100.000 mal log\u00e9s. \u00bb<br \/>\n\u00ab Il y a 800 immeubles qui ont \u00e9t\u00e9 \u00e9vacu\u00e9s sur les six premiers arrondissements de Marseille. \u00bb<br \/>\n\u00ab Marseille vit l\u2019une des plus fortes augmentations des prix des loyers de toute la France. Il y a aussi une responsabilit\u00e9 de l\u2019Etat et du l\u00e9gislateur. Une situation tr\u00e8s critique s\u2019installe \u00e0 Marseille. \u00bb<\/p>\n<p><em> <strong>Sur les annonces en mati\u00e8re d\u2019\u00e9ducation<\/strong> <\/em><br \/>\n\u00ab L\u2019intersyndicale nationale de l\u2019Education nationale appelle \u00e0 un rassemblement \u00e0 18h en bas de la Canebi\u00e8re. \u00bb<br \/>\n\u00ab On a un \u00e9tat de d\u00e9labrement du b\u00e2ti des \u00e9coles qui est catastrophique. \u00bb<br \/>\n\u00ab Macron a donn\u00e9 \u00e0 Blanquer un terrain de jeu lib\u00e9ral \u00e0 Marseille pour exp\u00e9rimenter ses mesures en donnant le pouvoir aux directeurs des \u00e9coles de s\u00e9lectionner ses enseignants. \u00bb<br \/>\n\u00ab Les parents d\u2019\u00e9l\u00e8ves et les enseignants s\u2019\u00e9l\u00e8vent contre cette mesure. \u00bb<\/p>\n<p><em> <strong>Sur Marseille de gauche<\/strong> <\/em><br \/>\n\u00ab Marseille \u00e0 gauche, \u00e7a se voit sur certains aspects notamment au niveau des affaires sociales. \u00bb<\/p>\n<p><em> <strong>Sur les comm\u00e9morations du 17 octobre 1961<\/strong> <\/em><br \/>\n\u00ab Les associations antiracistes demandent la transparence sur ce drame et la reconnaissance m\u00e9morielle. \u00bb<br \/>\n\u00ab Marseille en a pay\u00e9 le prix dix ans plus tard en 1973 avec une quarantaine de morts, de meurtres d\u2019arabes. Des meurtres racistes. \u00bb<br \/>\n\u00ab Quand on a un Zemmour p\u00e9tainiste qui assume un programme n\u00e9gationniste, c\u2019est extr\u00eamement dangereux. Il sera question de \u00e7a dimanche aussi. C\u2019est-\u00e0-dire comment cette \u00e9poque r\u00e9sonne encore aujourd\u2019hui. \u00bb<br \/>\n\u00ab C\u2019est \u00e0 l\u2019ensemble de la soci\u00e9t\u00e9 de se r\u00e9veiller et d\u2019\u00eatre pr\u00e9sente dimanche. \u00bb<\/p>\n<p><em> <strong>Sur la \u00ab police tue \u00bb<\/strong> <\/em><br \/>\n\u00ab La police tue de mani\u00e8re syst\u00e9mique. Depuis une quarantaine d\u2019ann\u00e9es, on d\u00e9nombre plus de 600 morts. \u00bb<br \/>\n\u00ab Dire que la police tue ne veut pas dire que les policiers eux-m\u00eames tuent, qu\u2019ils seraient des assassins ou des meurtriers, c\u2019est dire qu\u2019il y a des gouvernements qui ont autoris\u00e9 un permis de tuer. \u00bb<div id='gallery-1' class='gallery galleryid-13182 gallery-columns-3 gallery-size-thumbnail'><figure class='gallery-item'>\n\t\t\t<div class='gallery-icon landscape'>\n\t\t\t\t<a href='https:\/\/archives.regards.fr\/wp-content\/uploads\/2021\/10\/screenshot_2021-10-15_12-896.10.32.png'><img loading=\"lazy\" decoding=\"async\" width=\"150\" height=\"150\" src=\"https:\/\/archives.regards.fr\/wp-content\/uploads\/2021\/10\/screenshot_2021-10-15_12-896.10.32-150x150.png\" class=\"attachment-thumbnail size-thumbnail\" alt=\"screenshot_2021-10-15_12.10.32.png\" \/><\/a>\n\t\t\t<\/div><\/figure>\n\t\t<\/div>\n<\/p>\n","protected":false},"excerpt":{"rendered":"<p>Ce 15 octobre, Emmanuel Macron revient dans la cit\u00e9 phoc\u00e9enne pour la deuxi\u00e8me fois en quelques semaines. Kevin Vacher, sociologue, militant du mal-logement \u00e0 Marseille, est l\u2019invit\u00e9 de #LaMidinale.<\/p>\n","protected":false},"author":1039,"featured_media":31045,"comment_status":"open","ping_status":"open","sticky":false,"template":"","format":"standard","meta":{"_themeisle_gutenberg_block_has_review":false,"footnotes":""},"categories":[238],"tags":[293],"class_list":["post-13182","post","type-post","status-publish","format-standard","has-post-thumbnail","hentry","category-la-midinale","tag-entretien"],"_links":{"self":[{"href":"https:\/\/archives.regards.fr\/index.php?rest_route=\/wp\/v2\/posts\/13182","targetHints":{"allow":["GET"]}}],"collection":[{"href":"https:\/\/archives.regards.fr\/index.php?rest_route=\/wp\/v2\/posts"}],"about":[{"href":"https:\/\/archives.regards.fr\/index.php?rest_route=\/wp\/v2\/types\/post"}],"author":[{"embeddable":true,"href":"https:\/\/archives.regards.fr\/index.php?rest_route=\/wp\/v2\/users\/1039"}],"replies":[{"embeddable":true,"href":"https:\/\/archives.regards.fr\/index.php?rest_route=%2Fwp%2Fv2%2Fcomments&post=13182"}],"version-history":[{"count":0,"href":"https:\/\/archives.regards.fr\/index.php?rest_route=\/wp\/v2\/posts\/13182\/revisions"}],"wp:featuredmedia":[{"embeddable":true,"href":"https:\/\/archives.regards.fr\/index.php?rest_route=\/wp\/v2\/media\/31045"}],"wp:attachment":[{"href":"https:\/\/archives.regards.fr\/index.php?rest_route=%2Fwp%2Fv2%2Fmedia&parent=13182"}],"wp:term":[{"taxonomy":"category","embeddable":true,"href":"https:\/\/archives.regards.fr\/index.php?rest_route=%2Fwp%2Fv2%2Fcategories&post=13182"},{"taxonomy":"post_tag","embeddable":true,"href":"https:\/\/archives.regards.fr\/index.php?rest_route=%2Fwp%2Fv2%2Ftags&post=13182"}],"curies":[{"name":"wp","href":"https:\/\/api.w.org\/{rel}","templated":true}]}}