{"id":13179,"date":"2021-10-14T14:13:34","date_gmt":"2021-10-14T12:13:34","guid":{"rendered":"https:\/\/wp.muchomaas.com\/article-raphael-arnault-il-y-a-de-plus-en-plus-de-violences-d-extreme-droite\/"},"modified":"2023-06-24T00:20:35","modified_gmt":"2023-06-23T22:20:35","slug":"article-raphael-arnault-il-y-a-de-plus-en-plus-de-violences-d-extreme-droite","status":"publish","type":"post","link":"https:\/\/archives.regards.fr\/?p=13179","title":{"rendered":"Rapha\u00ebl Arnault : \u00ab Il y a de plus en plus de violences d\u2019extr\u00eame droite \u00bb"},"content":{"rendered":"<p class=\"post_excerpt\">Samedi 23 octobre prochain, \u00e0 Lyon, aura lieu une grande manifestation contre les violences de l&#8217;extr\u00eame-droite. Rapha\u00ebl Arnault, militant antifasciste et porte-parole de la Jeune Garde qui co-organise l&#8217;\u00e9v\u00e9nement, est l&#8217;invit\u00e9 de la Midinale.\n<\/p>\n<h2>UNE MIDINALE \u00c0 VOIR&#8230;<\/h2>\n<p><iframe loading=\"lazy\" width=\"490\" height=\"276\" src=\"https:\/\/www.youtube.com\/embed\/HqqtGsv3LZY\" title=\"YouTube video player\" frameborder=\"0\" allow=\"accelerometer; autoplay; clipboard-write; encrypted-media; gyroscope; picture-in-picture\" allowfullscreen><\/iframe><\/p>\n<p>&nbsp;<\/p>\n<p><h2>ET \u00c0 LIRE&#8230;<\/h2>\n<p><em>\u00a0<strong>Sur la marche antifasciste\u00a0<\/em>\u00a0<\/strong><br \/>\n\u00ab\u00a0Il y a un ras-le-bol de toutes les violences de l\u2019extr\u00eame droite sur tout le territoire et particuli\u00e8rement \u00e0 Lyon. \u00c7a fait plus de dix ans que \u00e7a dure, notamment avec l\u2019ouverture de locaux comme ceux de G\u00e9n\u00e9ration identitaire qui a \u00e9t\u00e9 dissoute.\u00a0\u00bb<br \/>\n\u00ab\u00a0Il y a une acc\u00e9l\u00e9ration des violences d\u2019extr\u00eame droite.\u00a0\u00bb<br \/>\n\u00ab\u00a0Il nous semble plus que n\u00e9cessaire de pointer ces violences et d\u2019organiser un \u00e9v\u00e9nement assez fort, comme \u00e7a sera le cas avec la manif \u00e0 Lyon, pour montrer ce qu\u2019est l\u2019extr\u00eame droite.\u00a0\u00bb<br \/>\n\u00ab\u00a0On s\u2019adresse \u00e0 tout le monde : comme toute d\u00e9monstration publique, le but c\u2019est de s\u2019adresser \u00e0 un public le plus large.\u00a0\u00bb<br \/>\n\u00ab\u00a0On veut interpeller les Fran\u00e7ais-es.\u00a0\u00bb<br \/>\n\u00ab\u00a0Il faut montrer \u00e0 l\u2019extr\u00eame droite qu\u2019on ne se laissera pas faire et qu\u2019on ne lui c\u00e9dera pas le terrain de la rue.\u00a0\u00bb<br \/>\n\u00ab\u00a0La rue est le lieu de pr\u00e9dilection de notre camp social.\u00a0\u00bb<\/p>\n<p><em>\u00a0<strong>Sur la fermeture des locaux associatifs de l\u2019extr\u00eame droite<\/em>\u00a0<\/strong><br \/>\n\u00ab\u00a0On a men\u00e9 une forte campagne pour la dissolution de g\u00e9n\u00e9ration identitaire et on doit continuer \u00e0 casser leur outil organisationnel, \u00e0 commencer par leurs locaux dans lesquels on y recrute des jeunes, on s&#8217;entra\u00eene \u00e0 la guerre civile &#8211; comme ils le disent eux-m\u00eames &#8211; avec des salles de boxe par exemple. Il est primordial de fermer ces locaux-l\u00e0.\u00a0\u00bb<br \/>\n\u00ab\u00a0Il n\u2019est pas possible que des locaux de n\u00e9onazis restent encore ouverts en France.\u00a0\u00bb<\/p>\n<p><em>\u00a0<strong>Sur l\u2019extr\u00eame droite \u00e0 Lyon\u00a0<\/em>\u00a0<\/strong><br \/>\n\u00ab\u00a0Il existe une \u00e9glise r\u00e9actionnaire assez forte \u00e0 Lyon.\u00a0\u00bb<br \/>\n\u00ab\u00a0L\u2019extr\u00eame droite arrive a avoir des soutiens de la petite bourgeoisie lyonnaise qui est tr\u00e8s implant\u00e9e et qui a \u00e9norm\u00e9ment de pouvoir \u00e0 Lyon.\u00a0\u00bb<br \/>\n\u00ab\u00a0Les institutions lyonnaises laissent la porte ouverte aux associations d\u2019extr\u00eame droite qui les maintiennent dans leurs locaux et les laissent mener des attaques sans que jamais il n\u2019y ait de suite.\u00a0\u00bb<\/p>\n<p><em>\u00a0<strong>Sur le lien militants n\u00e9onazis et l\u2019extr\u00eame droite institutionnelle<\/em>\u00a0<\/strong><br \/>\n\u00ab\u00a0Il y a des liens plus qu\u2019av\u00e9r\u00e9s entre les militants n\u00e9onazis lyonnais et l\u2019extr\u00eame droite institutionnelle : un des porte-paroles des identitaires qui s\u2019appelle Damien Rieu, qui est de Lyon, a fini sur les listes du Rassemblement national. Et il n\u2019est pas le seul.\u00a0\u00bb<\/p>\n<p><em>\u00a0<strong>Sur l\u2019extr\u00eame-droitisation du d\u00e9bat public<\/em>\u00a0<\/strong><br \/>\n\u00ab\u00a0La jeune garde vise les organisations qui structurellement organisent la soci\u00e9t\u00e9 autour des th\u00e8mes de l\u2019extr\u00eame droite.\u00a0\u00bb<br \/>\n\u00ab\u00a0L\u2019extr\u00eame droite est de plus en plus diffuse dans les institutions, \u00e0 l\u2019instar de G\u00e9rald Darmanin.\u00a0\u00bb<\/p>\n<p><em>\u00a0<strong>Sur la lutte contre l\u2019extr\u00eame droite<\/em>\u00a0<\/strong><br \/>\n\u00ab\u00a0Ces derni\u00e8res ann\u00e9es, il y a eu un manque de r\u00e9sistance et d\u2019analyses claires de la situation &#8211; en sous estimant le danger la plupart du temps.\u00a0\u00bb<br \/>\n\u00ab\u00a0Ce qu\u2019il se passe \u00e0 Lyon peut arriver sur l\u2019ensemble du territoire si on n\u2019y prend pas garde.\u00a0Mais rien n\u2019est perdu avec quelques initiatives unitaires fortes &#8211; comme la manif du 12 juin. De plus en plus, les organisations se parlent. \u00bb<\/p>\n<p><em>\u00a0<strong>Sur les n\u00e9ofascistes<\/em>\u00a0<\/strong><br \/>\n\u00ab\u00a0Certains des leaders n\u00e9ofascistes sont issus de la noblesse fran\u00e7aise. Ils parviennent parfois \u00e0 toucher les classes populaires, c\u2019est aussi une r\u00e9alit\u00e9.\u00a0\u00bb<br \/>\n\u00ab\u00a0Ce sont des ennemis de classe. Pour eux, le probl\u00e8me, \u00e7a n\u2019est pas la r\u00e9forme de l\u2019assurance ch\u00f4mage, c\u2019est le fait que des gens en France s\u2019appellent Mohammed.\u00a0\u00bb<\/p>\n<p><em>\u00a0<strong>Sur les proc\u00e8s contre l\u2019extr\u00eame droite<\/em>\u00a0<\/strong><br \/>\n\u00ab\u00a0Le terrain de la justice n\u2019est pas trop notre terrain.\u00a0\u00bb<br \/>\n\u00ab\u00a0Il y a une forme de d\u00e9sespoir vis-\u00e0-vis de la justice.\u00a0\u00bb<br \/>\n\u00ab\u00a0Il est toujours bon de rappeler que Daesh, c\u2019est l\u2019extr\u00eame droite.\u00a0Le programme de Daesh est d\u2019extr\u00eame droite. \u00bb<br \/>\n\u00ab\u00a0On voit une multiplication des projets d\u2019attentats de la part de l\u2019extr\u00eame droite classique occidentale.\u00a0\u00bb<\/p>\n<p>&nbsp;<\/p>\n<p>\n<img loading=\"lazy\" decoding=\"async\" class=\" alignleft size-full wp-image-31029\" src=\"https:\/\/wp.muchomaas.com\/wp-content\/uploads\/2021\/10\/201006_fsb_bmv_2-aef.png\" alt=\"201006_fsb_bmv_2.png\" align=\"left\" width=\"490\" height=\"719\" \/><div id='gallery-1' class='gallery galleryid-13179 gallery-columns-3 gallery-size-thumbnail'><figure class='gallery-item'>\n\t\t\t<div class='gallery-icon portrait'>\n\t\t\t\t<a href='https:\/\/archives.regards.fr\/wp-content\/uploads\/2021\/10\/201006_fsb_bmv_2-de1.png'><img loading=\"lazy\" decoding=\"async\" width=\"150\" height=\"150\" src=\"https:\/\/archives.regards.fr\/wp-content\/uploads\/2021\/10\/201006_fsb_bmv_2-de1-150x150.png\" class=\"attachment-thumbnail size-thumbnail\" alt=\"201006_fsb_bmv_2.png\" \/><\/a>\n\t\t\t<\/div><\/figure><figure class='gallery-item'>\n\t\t\t<div class='gallery-icon landscape'>\n\t\t\t\t<a href='https:\/\/archives.regards.fr\/wp-content\/uploads\/2021\/10\/capture_d_e_cran_2021-10-14_a_12-c60.47.38.png'><img loading=\"lazy\" decoding=\"async\" width=\"150\" height=\"150\" src=\"https:\/\/archives.regards.fr\/wp-content\/uploads\/2021\/10\/capture_d_e_cran_2021-10-14_a_12-c60.47.38-150x150.png\" class=\"attachment-thumbnail size-thumbnail\" alt=\"capture_d_e_cran_2021-10-14_a_12.47.38.png\" \/><\/a>\n\t\t\t<\/div><\/figure>\n\t\t<\/div>\n<\/p>\n","protected":false},"excerpt":{"rendered":"<p>Samedi 23 octobre prochain, \u00e0 Lyon, aura lieu une grande manifestation contre les violences de l&#8217;extr\u00eame-droite. Rapha\u00ebl Arnault, militant antifasciste et porte-parole de la Jeune Garde qui co-organise l&#8217;\u00e9v\u00e9nement, est l&#8217;invit\u00e9 de la Midinale.<\/p>\n","protected":false},"author":1204,"featured_media":31029,"comment_status":"open","ping_status":"open","sticky":false,"template":"","format":"standard","meta":{"_themeisle_gutenberg_block_has_review":false,"footnotes":""},"categories":[238],"tags":[],"class_list":["post-13179","post","type-post","status-publish","format-standard","has-post-thumbnail","hentry","category-la-midinale"],"_links":{"self":[{"href":"https:\/\/archives.regards.fr\/index.php?rest_route=\/wp\/v2\/posts\/13179","targetHints":{"allow":["GET"]}}],"collection":[{"href":"https:\/\/archives.regards.fr\/index.php?rest_route=\/wp\/v2\/posts"}],"about":[{"href":"https:\/\/archives.regards.fr\/index.php?rest_route=\/wp\/v2\/types\/post"}],"author":[{"embeddable":true,"href":"https:\/\/archives.regards.fr\/index.php?rest_route=\/wp\/v2\/users\/1204"}],"replies":[{"embeddable":true,"href":"https:\/\/archives.regards.fr\/index.php?rest_route=%2Fwp%2Fv2%2Fcomments&post=13179"}],"version-history":[{"count":0,"href":"https:\/\/archives.regards.fr\/index.php?rest_route=\/wp\/v2\/posts\/13179\/revisions"}],"wp:featuredmedia":[{"embeddable":true,"href":"https:\/\/archives.regards.fr\/index.php?rest_route=\/wp\/v2\/media\/31029"}],"wp:attachment":[{"href":"https:\/\/archives.regards.fr\/index.php?rest_route=%2Fwp%2Fv2%2Fmedia&parent=13179"}],"wp:term":[{"taxonomy":"category","embeddable":true,"href":"https:\/\/archives.regards.fr\/index.php?rest_route=%2Fwp%2Fv2%2Fcategories&post=13179"},{"taxonomy":"post_tag","embeddable":true,"href":"https:\/\/archives.regards.fr\/index.php?rest_route=%2Fwp%2Fv2%2Ftags&post=13179"}],"curies":[{"name":"wp","href":"https:\/\/api.w.org\/{rel}","templated":true}]}}