{"id":13178,"date":"2021-10-13T13:26:52","date_gmt":"2021-10-13T11:26:52","guid":{"rendered":"https:\/\/wp.muchomaas.com\/article-pass-sanitaire-dans-les-bibliotheques-notre-mission-c-est-l-accueil\/"},"modified":"2023-06-24T00:20:33","modified_gmt":"2023-06-23T22:20:33","slug":"article-pass-sanitaire-dans-les-bibliotheques-notre-mission-c-est-l-accueil","status":"publish","type":"post","link":"https:\/\/archives.regards.fr\/?p=13178","title":{"rendered":"Pass sanitaire dans les biblioth\u00e8ques : \u00ab Notre mission, c&#8217;est l&#8217;accueil inconditionnel, sans tri \u00bb"},"content":{"rendered":"<p class=\"post_excerpt\">Journ\u00e9e de mobilisation nationale dans les \u00e9tablissements culturels et de loisirs contre le pass sanitaire avec, en premi\u00e8res lignes, les personnels de biblioth\u00e8que qui sont particuli\u00e8rement mobilis\u00e9s. Barbara Issaly, biblioth\u00e9caire et membre du bureau f\u00e9d\u00e9ral de Sud-Collectivit\u00e9s territoriales, est l&#8217;invit\u00e9e de #LaMidinale.<\/p>\n<h2>UNE MIDINALE \u00c0 VOIR&#8230;<\/h2>\n<p><iframe loading=\"lazy\" width=\"490\" height=\"276\" src=\"https:\/\/www.youtube.com\/embed\/anATARxQBdo\" title=\"YouTube video player\" frameborder=\"0\" allow=\"accelerometer; autoplay; clipboard-write; encrypted-media; gyroscope; picture-in-picture\" allowfullscreen><\/iframe><\/p>\n<p>&nbsp;<\/p>\n<p><h2>ET \u00c0 LIRE&#8230;<\/h2>\n<p><em>\u00a0<strong>Sur les revendications de la gr\u00e8ve des biblioth\u00e9caires<\/em>\u00a0<\/strong><br \/>\n\u00ab\u00a0Notre principale revendication, c\u2019est que l\u2019ensemble des services publics soient accessibles sans conditions et que le pass sanitaire et son contr\u00f4le soient supprim\u00e9s et pour les usagers et pour les agents.\u00a0\u00bb<br \/>\n\u00ab\u00a0C\u2019est un d\u00e9cret qui est sorti au d\u00e9but de l\u2019\u00e9t\u00e9 qui a impos\u00e9 le pass sanitaire aux usagers et aux agents.\u00a0\u00bb<br \/>\n\u00ab\u00a0L\u2019extension du pass sanitaire aux 12-18 ans n\u2019\u00e9tait pas dans la loi initiale mais a \u00e9t\u00e9 d\u00e9cid\u00e9e par les instances nationales autour de la s\u00e9curit\u00e9 sanitaire.\u00a0\u00bb<\/p>\n<p><em>\u00a0<strong>Sur les responsabilit\u00e9 de l\u2019obligation du pass sanitaire<\/em>\u00a0<\/strong><br \/>\n\u00ab\u00a0Le d\u00e9cret a \u00e9t\u00e9 pris par le gouvernement mais il se d\u00e9cline dans les collectivit\u00e9s territoriales\u2026 et les responsables, entre autres, des collectivit\u00e9s territoriales, ce sont les maires.\u00a0\u00bb<br \/>\n\u00ab\u00a0Dans la loi, il est pr\u00e9vu des sanctions contre les agents qui refuseraient d\u2019effectuer les contr\u00f4les de pass sanitaire et\/ou de pr\u00e9senter leur pass.\u00a0\u00bb<br \/>\n\u00ab\u00a0Ce que l\u2019on demande aux maires, ce n\u2019est pas une d\u00e9sob\u00e9issance : le service juridique de la ville de Lyon a trouv\u00e9 dans une foire aux questions transmises aux associations professionnelles une pr\u00e9cision quant aux exceptions de pr\u00e9sentation du pass sanitaire qui peut \u00eatre \u00e9largie \u00e0 tout le monde, notamment aux plus jeunes.\u00a0\u00bb<\/p>\n<p><em>\u00a0<strong>Sur l\u2019opposition au pass sanitaire<\/em>\u00a0<\/strong><br \/>\n\u00ab\u00a0Le pass sanitaire est une atteinte aux libert\u00e9s fondamentales de chacun, notamment la libert\u00e9 de circuler et le secret m\u00e9dical.\u00a0\u00bb<br \/>\n\u00ab\u00a0Les biblioth\u00e9caires se sont lev\u00e9s d\u00e8s le d\u00e9part contre l\u2019obligation du pass sanitaire car cela va \u00e0 l\u2019encontre du coeur de nos missions, \u00e0 savoir un accueil inconditionnel des publics sans tri ni avoir \u00e0 justifier de sa pr\u00e9sence.\u00a0Les biblioth\u00e8ques sont un des rares lieux o\u00f9 l\u2019on peut venir sans avoir \u00e0 justifier de pourquoi on y est.\u00a0\u00bb<br \/>\n\u00ab\u00a0Le pass sanitaire est un nudge : on rend la vie tellement impossible aux gens non-vaccin\u00e9s qu\u2019\u00e0 un moment ou un autre, ils c\u00e8dent ou ils s\u2019excluent de la vie sociale.\u00a0\u00bb<\/p>\n<p><em>\u00a0<strong>Sur les biblioth\u00e8ques pendant le confinement<\/em>\u00a0<\/strong><br \/>\n\u00ab\u00a0Les biblioth\u00e9caires ont fait un \u00e9norme travail de lien avec le public ces derniers temps, que ce soit pendant le confinement strict de lien en d\u00e9mat\u00e9rialisation ou de reprise de l\u2019accueil en respectant les mesures sanitaires strictes.\u00a0\u00bb<br \/>\n\u00ab\u00a0Tout le travail fait en amont du confinement depuis des d\u00e9cennies par les biblioth\u00e9caires  d\u2019aller vers les publics et de rendre l\u2019acc\u00e8s citoyen aux biblioth\u00e8ques est balay\u00e9 d\u2019un revers de main avec un m\u00e9pris et une m\u00e9connaissance profonde de notre m\u00e9tier.\u00a0\u00bb<br \/>\n\u00ab\u00a0Les biblioth\u00e8ques ne sont pas en d\u00e9saffection : on a un taux de fr\u00e9quentation qui reste le m\u00eame. Mais le pass nous a fait perdre entre 30 et 50% de fr\u00e9quentation, notamment les jeunes.\u00a0\u00bb<br \/>\n\u00ab\u00a0Par ailleurs, il est \u00e0 noter que la ministre Roselyne Bachelot brille par son absence d\u2019expression.\u00a0\u00bb<\/p>\n<p><em>\u00a0<strong>Sur les convergences entre les manifestations du samedi et le mouvement de gr\u00e8ve des biblioth\u00e9caires<\/em>\u00a0<\/strong><br \/>\n\u00ab\u00a0Dans les mouvements du samedi, il y a une confusion entre les anti-pass et les anti-vaccins : qu\u2019on soit tr\u00e8s clair, nous sommes pour la vaccination mais contre le pass sanitaire.\u00a0\u00bb<br \/>\n\u00ab\u00a0Les manifestations du samedi ont \u00e9t\u00e9 tr\u00e8s port\u00e9es par l\u2019extr\u00eame droite, ce qui a cr\u00e9\u00e9 \u00e9norm\u00e9ment de confusion.\u00a0\u00bb<br \/>\n\u00ab\u00a0Dans certaines manifestations, notre expression anti-pass passe mais \u00e0 d\u2019autres, on est malheureusement noy\u00e9 au milieu d\u2019expressions fascisantes.\u00a0\u00bb<br \/>\n\u00ab\u00a0A certains endroits, comme \u00e0 Brest, des anti-pass ont rejoint l\u2019action des biblioth\u00e9caires.\u00a0\u00bb<br \/>\n\u00ab\u00a0L\u2019action des biblioth\u00e9caires contre le pass sanitaire est aussi tr\u00e8s port\u00e9e par les usagers.\u00a0\u00bb<div id='gallery-1' class='gallery galleryid-13178 gallery-columns-3 gallery-size-thumbnail'><figure class='gallery-item'>\n\t\t\t<div class='gallery-icon landscape'>\n\t\t\t\t<a href='https:\/\/archives.regards.fr\/wp-content\/uploads\/2021\/10\/capture_d_e_cran_2021-10-13_a_13-83a.20.38.png'><img loading=\"lazy\" decoding=\"async\" width=\"150\" height=\"150\" src=\"https:\/\/archives.regards.fr\/wp-content\/uploads\/2021\/10\/capture_d_e_cran_2021-10-13_a_13-83a.20.38-150x150.png\" class=\"attachment-thumbnail size-thumbnail\" alt=\"capture_d_e_cran_2021-10-13_a_13.20.38.png\" \/><\/a>\n\t\t\t<\/div><\/figure>\n\t\t<\/div>\n<\/p>\n","protected":false},"excerpt":{"rendered":"<p>Journ\u00e9e de mobilisation nationale dans les \u00e9tablissements culturels et de loisirs contre le pass sanitaire avec, en premi\u00e8res lignes, les personnels de biblioth\u00e8que qui sont particuli\u00e8rement mobilis\u00e9s. Barbara Issaly, biblioth\u00e9caire et membre du bureau f\u00e9d\u00e9ral de Sud-Collectivit\u00e9s territoriales, est l&#8217;invit\u00e9e de #LaMidinale.<\/p>\n","protected":false},"author":1204,"featured_media":31036,"comment_status":"open","ping_status":"open","sticky":false,"template":"","format":"standard","meta":{"_themeisle_gutenberg_block_has_review":false,"footnotes":""},"categories":[238],"tags":[293],"class_list":["post-13178","post","type-post","status-publish","format-standard","has-post-thumbnail","hentry","category-la-midinale","tag-entretien"],"_links":{"self":[{"href":"https:\/\/archives.regards.fr\/index.php?rest_route=\/wp\/v2\/posts\/13178","targetHints":{"allow":["GET"]}}],"collection":[{"href":"https:\/\/archives.regards.fr\/index.php?rest_route=\/wp\/v2\/posts"}],"about":[{"href":"https:\/\/archives.regards.fr\/index.php?rest_route=\/wp\/v2\/types\/post"}],"author":[{"embeddable":true,"href":"https:\/\/archives.regards.fr\/index.php?rest_route=\/wp\/v2\/users\/1204"}],"replies":[{"embeddable":true,"href":"https:\/\/archives.regards.fr\/index.php?rest_route=%2Fwp%2Fv2%2Fcomments&post=13178"}],"version-history":[{"count":0,"href":"https:\/\/archives.regards.fr\/index.php?rest_route=\/wp\/v2\/posts\/13178\/revisions"}],"wp:featuredmedia":[{"embeddable":true,"href":"https:\/\/archives.regards.fr\/index.php?rest_route=\/wp\/v2\/media\/31036"}],"wp:attachment":[{"href":"https:\/\/archives.regards.fr\/index.php?rest_route=%2Fwp%2Fv2%2Fmedia&parent=13178"}],"wp:term":[{"taxonomy":"category","embeddable":true,"href":"https:\/\/archives.regards.fr\/index.php?rest_route=%2Fwp%2Fv2%2Fcategories&post=13178"},{"taxonomy":"post_tag","embeddable":true,"href":"https:\/\/archives.regards.fr\/index.php?rest_route=%2Fwp%2Fv2%2Ftags&post=13178"}],"curies":[{"name":"wp","href":"https:\/\/api.w.org\/{rel}","templated":true}]}}