{"id":13176,"date":"2021-10-12T13:11:35","date_gmt":"2021-10-12T11:11:35","guid":{"rendered":"https:\/\/wp.muchomaas.com\/article-nous-sommes-un-pays-qui-travaille-moins-que-les-autres-emmanuel-macron-ment\/"},"modified":"2023-06-24T00:20:32","modified_gmt":"2023-06-23T22:20:32","slug":"article-nous-sommes-un-pays-qui-travaille-moins-que-les-autres-emmanuel-macron-ment","status":"publish","type":"post","link":"https:\/\/archives.regards.fr\/?p=13176","title":{"rendered":"\u00ab Nous sommes un pays qui travaille moins que les autres \u00bb : Emmanuel Macron ment"},"content":{"rendered":"<p class=\"post_excerpt\">Et il le sait, nous le savons, tout le monde le sait.<\/p>\n<p>Ce mardi 12 octobre, Emmanuel Macron organisait un grand show intitul\u00e9 \u00ab France 2030 \u00bb. L&#8217;objectif : pr\u00e9senter son plan industriel pour la prochaine d\u00e9cennie, 30 milliards d&#8217;euros sur cinq ans pour d\u00e9velopper la comp\u00e9titivit\u00e9 industrielle et les technologies d&#8217;avenir comme\u2026 le nucl\u00e9aire.<\/p>\n<p>&nbsp;<\/p>\n<p>\n<strong>LIRE AUSSI SUR REGARDS.FR<br \/>\n>><\/strong> <em><a href=\"https:\/\/wp.muchomaas.com\/la-midinale\/article\/guillaume-duval-la-presidence-macron-est-une-folie-en-termes-de-concentration\">Guillaume Duval : \u00ab La pr\u00e9sidence Macron est une folie en termes de concentration des pouvoirs \u00bb<\/a><\/em><\/p>\n<p>&nbsp;<\/p>\n<p>Le d\u00e9tail de ce plan, nous y reviendrons plus tard. Non, l\u00e0, ce qui nous int\u00e9resse tient en une minute, quelques phrases prononc\u00e9es par le Pr\u00e9sident <em>himself<\/em> :<\/p>\n<p><em>\u00ab Quand on se compare, nous sommes un pays qui travaille moins que les autres en quantit\u00e9. \u00c7a reste vrai. Et donc nous avons une quantit\u00e9 de travail allou\u00e9e qui n&#8217;est pas au bon niveau, \u00e0 la fois dans le cycle de vie et en horaires cumul\u00e9es. Au fond, on a une force qui est notre mod\u00e8le social et \u00e9ducatif mais on a une faiblesse c&#8217;est qu&#8217;on a plus le mod\u00e8le productif qui permet de le financer. C&#8217;est \u00e7a notre grande incoh\u00e9rence. Je ne crois pas qu&#8217;on arrivera \u00e0 r\u00e9duire notre mod\u00e8le social. C&#8217;est tr\u00e8s dur dans une d\u00e9mocratie de dire aux gens &#8220;on va vous enlever des droits massivement &#8220;. Il faut am\u00e9liorer l&#8217;efficacit\u00e9 de la d\u00e9pense publique. Il faut permettre de rendre les m\u00eames services avec moins d&#8217;argent. Ce sont des modernisations qui prennent des ann\u00e9es. Mais si on veut projeter le pays \u2013 ce qui est, je crois profond\u00e9ment, le destin fran\u00e7ais \u2013, [&#8230;] il nous faut avoir un pays qui produise davantage. \u00bb<\/em><\/p>\n<blockquote class=\"twitter-tweet\">\n<p lang=\"fr\" dir=\"ltr\">Emmanuel Macron: &quot;Nous sommes un pays qui travaille moins que les autres (&#8230;) il nous faut avoir un pays qui produise davantage&quot; <a href=\"https:\/\/t.co\/l5I8SV3WFO\">pic.twitter.com\/l5I8SV3WFO<\/a><\/p>\n<p>&mdash; BFMTV (@BFMTV) <a href=\"https:\/\/twitter.com\/BFMTV\/status\/1447846514877947905?ref_src=twsrc%5Etfw\">October 12, 2021<\/a><\/p><\/blockquote>\n<p> <script async src=\"https:\/\/platform.twitter.com\/widgets.js\" charset=\"utf-8\"><\/script><\/p>\n<p>On appelle cela une <em>masterclass<\/em>. Toute la doctrine n\u00e9olib\u00e9rale est l\u00e0. Et notamment le mensonge, en l\u2019occurrence sur le travail des Fran\u00e7ais, comme le <a href=\"https:\/\/twitter.com\/OlivierPerou\/status\/1447863682659143681\">rappelle<\/a> le journaliste de <em>L&#8217;Express<\/em> Olivier P\u00e9rou : <em>\u00ab Selon l&#8217;OCDE, la France travaille plus (1526 heures en 2017) que l&#8217;Allemagne (1356). Eurostat dit la m\u00eame chose : en 2018, les Fran\u00e7ais (temps complet ET partiel) travaillaient 37,3 h\/semaine en 2018, soit plus que les Britanniques (36,5) ou les Allemands (34,9). Idem pour 2019 et 2020. Quant \u00e0 la productivit\u00e9&#8230; Je vous renvoie vers <a href=\"https:\/\/www.economist.com\/britain\/2015\/03\/12\/bargain-basement\">ce papier de <\/em>The Economist<em><\/a> qui en 2015 \u00e9crivait : &#8220;The French could take Friday off and still produce more than Britons do in a week&#8221; <\/em> [Les Fran\u00e7ais pourraient ne pas travailler le vendredi et produire toujours plus que les Anglais en une semaine, ndlr]<em> \u00bb<\/em>.<\/p>\n<p>Emmanuel Macron n&#8217;est pas un idiot. Il sait tout cela pertinemment. Mais la v\u00e9rit\u00e9 n&#8217;a jamais \u00e9t\u00e9 une valeur cardinale de sa politique. Et il aura beau <a href=\"https:\/\/twitter.com\/PaulLarrouturou\/status\/1447850969983864835\">se dire<\/a> <em>\u00ab le premier des gaulois r\u00e9fractaires \u00bb<\/em>, son <a href=\"https:\/\/wp.muchomaas.com\/politique\/article\/videos-l-integrale-du-mepris-de-macron\">m\u00e9pris<\/a> envers les travailleurs demeure intact. En attendant ses prochaines casses sociales, on gage que le chef de l&#8217;\u00c9tat n&#8217;ira pas chercher <em>\u00ab l&#8217;<a href=\"https:\/\/wp.muchomaas.com\/politique\/article\/il-n-y-a-pas-d-argent-magique-disent-ils\">argent magique<\/a> <\/em> \u00bb, qui pourrait les \u00e9viter, l\u00e0 o\u00f9 il est : <a href=\"https:\/\/wp.muchomaas.com\/la-midinale\/article\/les-pandora-papers-le-montrent-a-nouveau-les-fraudeurs-fiscaux-agissent-en\">dans les paradis fiscaux<\/a>.<\/p>\n<p>&nbsp;<\/p>\n<p>\n<a href=\"https:\/\/wp.muchomaas.com\/auteur\/loic-le-clerc\"><strong>Lo\u00efc Le Clerc<\/strong><\/a><\/p>\n<p>&nbsp;<\/p>\n<p>\n<img loading=\"lazy\" decoding=\"async\" class=\" alignleft size-full wp-image-31029\" src=\"https:\/\/wp.muchomaas.com\/wp-content\/uploads\/2021\/10\/201006_fsb_bmv_2-aef.png\" alt=\"201006_fsb_bmv_2.png\" align=\"left\" width=\"490\" height=\"719\" \/><br \/>\n<div id='gallery-1' class='gallery galleryid-13176 gallery-columns-3 gallery-size-thumbnail'><figure class='gallery-item'>\n\t\t\t<div class='gallery-icon landscape'>\n\t\t\t\t<a href='https:\/\/archives.regards.fr\/wp-content\/uploads\/2021\/10\/screenshot_2021-10-12_13-16c.05.55.png'><img loading=\"lazy\" decoding=\"async\" width=\"150\" height=\"150\" src=\"https:\/\/archives.regards.fr\/wp-content\/uploads\/2021\/10\/screenshot_2021-10-12_13-16c.05.55-150x150.png\" class=\"attachment-thumbnail size-thumbnail\" alt=\"screenshot_2021-10-12_13.05.55.png\" \/><\/a>\n\t\t\t<\/div><\/figure><figure class='gallery-item'>\n\t\t\t<div class='gallery-icon portrait'>\n\t\t\t\t<a href='https:\/\/archives.regards.fr\/wp-content\/uploads\/2021\/10\/201006_fsb_bmv_2-de1.png'><img loading=\"lazy\" decoding=\"async\" width=\"150\" height=\"150\" src=\"https:\/\/archives.regards.fr\/wp-content\/uploads\/2021\/10\/201006_fsb_bmv_2-de1-150x150.png\" class=\"attachment-thumbnail size-thumbnail\" alt=\"201006_fsb_bmv_2.png\" \/><\/a>\n\t\t\t<\/div><\/figure>\n\t\t<\/div>\n<\/p>\n","protected":false},"excerpt":{"rendered":"<p>Et il le sait, nous le savons, tout le monde le sait.<\/p>\n","protected":false},"author":1203,"featured_media":31029,"comment_status":"open","ping_status":"open","sticky":false,"template":"","format":"standard","meta":{"_themeisle_gutenberg_block_has_review":false,"footnotes":""},"categories":[6],"tags":[487],"class_list":["post-13176","post","type-post","status-publish","format-standard","has-post-thumbnail","hentry","category-actu","tag-emmanuel-macron"],"_links":{"self":[{"href":"https:\/\/archives.regards.fr\/index.php?rest_route=\/wp\/v2\/posts\/13176","targetHints":{"allow":["GET"]}}],"collection":[{"href":"https:\/\/archives.regards.fr\/index.php?rest_route=\/wp\/v2\/posts"}],"about":[{"href":"https:\/\/archives.regards.fr\/index.php?rest_route=\/wp\/v2\/types\/post"}],"author":[{"embeddable":true,"href":"https:\/\/archives.regards.fr\/index.php?rest_route=\/wp\/v2\/users\/1203"}],"replies":[{"embeddable":true,"href":"https:\/\/archives.regards.fr\/index.php?rest_route=%2Fwp%2Fv2%2Fcomments&post=13176"}],"version-history":[{"count":0,"href":"https:\/\/archives.regards.fr\/index.php?rest_route=\/wp\/v2\/posts\/13176\/revisions"}],"wp:featuredmedia":[{"embeddable":true,"href":"https:\/\/archives.regards.fr\/index.php?rest_route=\/wp\/v2\/media\/31029"}],"wp:attachment":[{"href":"https:\/\/archives.regards.fr\/index.php?rest_route=%2Fwp%2Fv2%2Fmedia&parent=13176"}],"wp:term":[{"taxonomy":"category","embeddable":true,"href":"https:\/\/archives.regards.fr\/index.php?rest_route=%2Fwp%2Fv2%2Fcategories&post=13176"},{"taxonomy":"post_tag","embeddable":true,"href":"https:\/\/archives.regards.fr\/index.php?rest_route=%2Fwp%2Fv2%2Ftags&post=13176"}],"curies":[{"name":"wp","href":"https:\/\/api.w.org\/{rel}","templated":true}]}}