{"id":13175,"date":"2021-10-12T17:12:48","date_gmt":"2021-10-12T15:12:48","guid":{"rendered":"https:\/\/wp.muchomaas.com\/article-anne-hidalgo-la-colonisation-et-le-grand-debranchement\/"},"modified":"2021-10-12T17:12:48","modified_gmt":"2021-10-12T15:12:48","slug":"article-anne-hidalgo-la-colonisation-et-le-grand-debranchement","status":"publish","type":"post","link":"https:\/\/archives.regards.fr\/?p=13175","title":{"rendered":"Anne Hidalgo, la colonisation et le grand-d\u00e9branchement"},"content":{"rendered":"<p class=\"post_excerpt\">La candidate socialiste \u00e0 la pr\u00e9sidentielle peut raconter n&#8217;importe quoi, toute la gauche s&#8217;en moque \u00e9perdument. M\u00eame du c\u00f4t\u00e9 du PS. Pourquoi, et jusqu&#8217;\u00e0 quand ?<\/p>\n<p>Anne Hidalgo souffre-t-elle du <a href=\"https:\/\/wp.muchomaas.com\/monde\/article\/elections-en-allemagne-vous-avez-vu-la-gauche-quelque-part\">syndrome des \u00e9colos allemands<\/a> ? D\u00e8s qu&#8217;elle se met \u00e0 parler, les sondages de la candidate socialiste \u00e0 l\u2019\u00e9lection pr\u00e9sidentielle[[Les militants socialistes doivent se prononcer sur sa candidature lors d\u2019un vote le 14 octobre prochain.]] se r\u00e9duisent comme peau de chagrin. Dernier exemple en date, ce dimanche, sur le plateau de France 3. Anne Hidalgo est interrog\u00e9e sur les propos du candidat Macron de 2017 qui arguait alors que la colonisation \u00e9tait un <em>\u00ab crime contre l&#8217;humanit\u00e9 \u00bb<\/em>. R\u00e9ponse de la socialiste :<\/p>\n<p><em>\u00ab Je n&#8217;utiliserais pas ces mots-l\u00e0. C&#8217;est l\u00e0 qu&#8217;on voit qu&#8217;Emmanuel Macron n&#8217;a pas de colonne vert\u00e9brale. C&#8217;est en fonction de son auditoire, du buzz qu&#8217;il va cr\u00e9er, et \u00e7a fait des d\u00e9g\u00e2ts incommensurables. On est en 2021, il y a des d\u00e9fis majeurs, plan\u00e9taires, sur les questions climatiques, sociales, les questions de d\u00e9mocratie, vous croyez vraiment qu&#8217;on a le temps, quand on est pr\u00e9sident de la R\u00e9publique, d&#8217;aller cr\u00e9er ce type d&#8217;incident diplomatique ? \u00bb<\/em><\/p>\n<blockquote class=\"twitter-tweet\">\n<p lang=\"fr\" dir=\"ltr\">On aurait bien fait un <a href=\"https:\/\/twitter.com\/hashtag\/D%C3%A9clarama?src=hash&amp;ref_src=twsrc%5Etfw\">#D\u00e9clarama<\/a>, mais celui-l\u00e0 il faut l&#39;entendre pour le croire. <a href=\"https:\/\/t.co\/xeKvj1lajx\">pic.twitter.com\/xeKvj1lajx<\/a><\/p>\n<p>&mdash; Regards (@Regards_fr) <a href=\"https:\/\/twitter.com\/Regards_fr\/status\/1447493505614548997?ref_src=twsrc%5Etfw\">October 11, 2021<\/a><\/p><\/blockquote>\n<p> <script async src=\"https:\/\/platform.twitter.com\/widgets.js\" charset=\"utf-8\"><\/script><\/p>\n<p>&nbsp;<\/p>\n<p>\n<strong>VOIR AUSSI SUR REGARDS.FR<br \/>\n>><\/strong> <em><a href=\"https:\/\/wp.muchomaas.com\/politique\/article\/ledebrief-philippe-lance-son-parti-melenchon-parle-aux-jeunes-hidalgo-bientot\">#LeD\u00e9brief. Hidalgo bient\u00f4t adoub\u00e9e par le PS ?<\/a><\/em><\/p>\n<p>&nbsp;<\/p>\n<p>On pourrait croire, au premier abord, qu&#8217;Anne Hidalgo n&#8217;a pas compris, ou pas entendu, que la journaliste l&#8217;interrogeait sur des propos de 2017. Croyait-elle que la journaliste voulait la faire r\u00e9agir sur les derni\u00e8res d\u00e9clarations du Pr\u00e9sident au sujet de l&#8217;Alg\u00e9rie ? \u00c0 ce moment de l\u2019interview, elle confond et n\u2019utilise pas les bons \u00e9l\u00e9ments de langage qui, on peut l\u2019imaginer, l\u2019invite \u00e0 tacler Emmanuel Macron. Version bienveillante.<\/p>\n<p>On peut aussi admettre qu&#8217;Anne Hidalgo reste <a href=\"https:\/\/www.lexpress.fr\/actualite\/politique\/elections\/crime-contre-l-humanite-hamon-recadre-macron-sur-la-colonisation_1880717.html\">fid\u00e8le \u00e0 la doxa socialiste<\/a> qui veut que la colonisation ne saurait \u00eatre, ni juridiquement ni philosophiquement, qualifi\u00e9e de crime contre l&#8217;humanit\u00e9. Il se trouve qu&#8217;Anne Hidalgo est candidate non \u00e0 un poste de professeure de droit international mais \u00e0 la pr\u00e9sidence de la R\u00e9publique dans un moment o\u00f9 le d\u00e9bat se crispe, voire s&#8217;hyst\u00e9rise, sur l&#8217;histoire de France. On pourrait attendre d&#8217;elle une r\u00e9action politique. <\/p>\n<h2>Malaise socialiste<\/h2>\n<p>Car au fond, ce qui est grave, c&#8217;est qu&#8217;Anne Hidalgo juge que la question alg\u00e9rienne n&#8217;est pas essentielle. Ce d\u00e9bat n&#8217;est pas un <em>\u00ab d\u00e9fi majeur \u00bb<\/em>. Elle voit ce retour sur l&#8217;histoire comme une possibilit\u00e9 d\u2019incident diplomatique, qu&#8217;il faudrait ravaler derri\u00e8re les enjeux \u00e9cologiques, sociaux et d\u00e9mocratiques.  Dans la cat\u00e9gorie \u00ab J\u2019esquive l\u2019affrontement avec les id\u00e9es rances \u00bb, elle vise le podium.<\/p>\n<p>Et pourtant cette affaire ne prendra pas l&#8217;ampleur qu\u2019avait suscit\u00e9 une pol\u00e9mique comme celle sur les r\u00e9unions non mixtes d&#8217;un syndicat \u00e9tudiant\u2026 Personne au PS ne vient la d\u00e9fendre, aucun autre candidat ne l&#8217;attaque.<\/p>\n<h2>\u00c0 gauche, silence radio<\/h2>\n<p>Certes, plus personne ne consid\u00e8re Hidalgo comme centrale dans la bataille pour l&#8217;\u00c9lys\u00e9e 2022. Mais son avenir est un enjeu \u00e0 gauche. <em>\u00ab Je pense qu&#8217;Olivier Faure va tout faire pour \u00e9viter un naufrage et va la &#8220;d\u00e9brancher&#8221; dans les prochaines semaines si elle ne d\u00e9colle pas \u00bb<\/em>, <a href=\"https:\/\/www.bfmtv.com\/politique\/elections\/presidentielle\/anne-hidalgo-a-la-peine-dans-les-sondages-les-socialistes-inquiets_AN-202110050529.html\">dit<\/a> un \u00e9lu socialiste \u00e0 BFMTV. \u00ab D\u00e9brancher \u00bb, c&#8217;est le mot en vogue pour <a href=\"https:\/\/www.lemonde.fr\/election-presidentielle-2022\/article\/2021\/10\/08\/presidentielle-2022-la-campagne-d-anne-hidalgo-seme-le-doute-chez-les-socialistes_6097550_6059010.html\">qualifier<\/a> la maire de Paris.<\/p>\n<p>Cela ne ferait pas les affaires de Jean-Luc M\u00e9lenchon qui n\u2019a \u00e9videmment aucun int\u00e9r\u00eat \u00e0 son affaiblissement au point qu\u2019elle doive se retirer, favorisant Yannick Jadot. Mais comment comprendre le silence du candidat EELV ? Il est concentr\u00e9 sur son objectif de gagner en respectabilit\u00e9. Aucun avantage de r\u00e9agir aux propos d\u2019Hidalgo sur la colonisation tant il cherche \u00e0 se d\u00e9coller d\u2019une \u00e9tiquette \u00ab woke \u00bb et autre \u00ab islamo-gauchiste \u00bb. Donc Hidalgo dit n&#8217;importe quoi, et pire encore\u2026 sans r\u00e9action.<\/p>\n<p>&nbsp;<\/p>\n<p>\n<a href=\"https:\/\/wp.muchomaas.com\/auteur\/loic-le-clerc\"><strong>Lo\u00efc Le Clerc<\/strong><\/a><\/p>\n","protected":false},"excerpt":{"rendered":"<p>La candidate socialiste \u00e0 la pr\u00e9sidentielle peut raconter n&#8217;importe quoi, toute la gauche s&#8217;en moque \u00e9perdument. M\u00eame du c\u00f4t\u00e9 du PS. Pourquoi, et jusqu&#8217;\u00e0 quand ?<\/p>\n","protected":false},"author":1203,"featured_media":0,"comment_status":"open","ping_status":"open","sticky":false,"template":"","format":"standard","meta":{"_themeisle_gutenberg_block_has_review":false,"footnotes":""},"categories":[6],"tags":[390,515],"class_list":["post-13175","post","type-post","status-publish","format-standard","hentry","category-actu","tag-parti-socialiste","tag-presidentielle-2022"],"_links":{"self":[{"href":"https:\/\/archives.regards.fr\/index.php?rest_route=\/wp\/v2\/posts\/13175","targetHints":{"allow":["GET"]}}],"collection":[{"href":"https:\/\/archives.regards.fr\/index.php?rest_route=\/wp\/v2\/posts"}],"about":[{"href":"https:\/\/archives.regards.fr\/index.php?rest_route=\/wp\/v2\/types\/post"}],"author":[{"embeddable":true,"href":"https:\/\/archives.regards.fr\/index.php?rest_route=\/wp\/v2\/users\/1203"}],"replies":[{"embeddable":true,"href":"https:\/\/archives.regards.fr\/index.php?rest_route=%2Fwp%2Fv2%2Fcomments&post=13175"}],"version-history":[{"count":0,"href":"https:\/\/archives.regards.fr\/index.php?rest_route=\/wp\/v2\/posts\/13175\/revisions"}],"wp:attachment":[{"href":"https:\/\/archives.regards.fr\/index.php?rest_route=%2Fwp%2Fv2%2Fmedia&parent=13175"}],"wp:term":[{"taxonomy":"category","embeddable":true,"href":"https:\/\/archives.regards.fr\/index.php?rest_route=%2Fwp%2Fv2%2Fcategories&post=13175"},{"taxonomy":"post_tag","embeddable":true,"href":"https:\/\/archives.regards.fr\/index.php?rest_route=%2Fwp%2Fv2%2Ftags&post=13175"}],"curies":[{"name":"wp","href":"https:\/\/api.w.org\/{rel}","templated":true}]}}