{"id":13174,"date":"2021-10-11T13:10:00","date_gmt":"2021-10-11T11:10:00","guid":{"rendered":"https:\/\/wp.muchomaas.com\/article-guillaume-duval-la-presidence-macron-est-une-folie-en-termes-de-concentration\/"},"modified":"2023-06-24T00:20:30","modified_gmt":"2023-06-23T22:20:30","slug":"article-guillaume-duval-la-presidence-macron-est-une-folie-en-termes-de-concentration","status":"publish","type":"post","link":"https:\/\/archives.regards.fr\/?p=13174","title":{"rendered":"Guillaume Duval : \u00ab La pr\u00e9sidence Macron est une folie en termes de concentration des pouvoirs \u00bb"},"content":{"rendered":"<p class=\"post_excerpt\">Guillaume Duval, ex-r\u00e9dacteur en chef d\u2019<em>Alternatives \u00e9conomiques<\/em> et fondateur du Festival des Id\u00e9es, publie <em>L\u2019impasse : comment Macron nous m\u00e8ne dans le mur<\/em> aux \u00e9ditions Les Liens qui Lib\u00e8rent. Il est l\u2019invit\u00e9 de #LaMidinale.<\/p>\n<h2>UNE MIDINALE \u00c0 VOIR&#8230;<\/h2>\n<p><iframe loading=\"lazy\" width=\"490\" height=\"276\" src=\"https:\/\/www.youtube.com\/embed\/aa5r8Ix1Mu8\" title=\"YouTube video player\" frameborder=\"0\" allow=\"accelerometer; autoplay; clipboard-write; encrypted-media; gyroscope; picture-in-picture\" allowfullscreen><\/iframe><\/p>\n<p>&nbsp;<\/p>\n<p><h2>ET \u00c0 LIRE&#8230;<\/h2>\n<p><em>\u00a0<strong>Sur la d\u00e9finition du macronisme<\/em>\u00a0<\/strong><br \/>\n\u00ab\u00a0Le marcionisme est fondamentalement deux choses : un m\u00e9pris du peuple, c\u2019est \u00e0 dire l\u2019id\u00e9e que ce sont les gens en bas de l\u2019\u00e9chelle qui sont responsables de nos difficult\u00e9s \u00e9conomiques et sociales parce qu\u2019ils sont paresseux, ils ne travaillent pas assez, ils sont trop pay\u00e9s, les syst\u00e8mes sociaux sont trop d\u00e9velopp\u00e9s (\u2026). Et l\u2019autre caract\u00e9ristique du macronisme, c\u2019est un \u00e9litisme aristocratique. C\u2019est l\u2019id\u00e9e que c\u2019est une \u00e9lite tr\u00e8s intelligente et d\u00e8s dipl\u00f4m\u00e9e qui est seule l\u00e9gitime pour diriger le pays parce qu\u2019elle sait mieux que le peuple ce qui est bon pour lui.\u00a0\u00bb<br \/>\n\u00ab\u00a0Je ne pense pas qu\u2019Emmanuel Macron veuille faire le bien des tr\u00e8s riches ou du capitalisme. Il est sinc\u00e8re dans l\u2019id\u00e9e que ce qu\u2019il d\u00e9fend est bon pour l\u2019avenir du pays. Il se trompe compl\u00e8tement sur le diagnostic et les rem\u00e8des.\u00a0\u00bb<br \/>\n\u00ab\u00a0Emmanuel Macron s\u2019inscrit dans une lign\u00e9e autoritaire, verticale, jupit\u00e9rienne.\u00a0\u00bb<br \/>\n\u00ab\u00a0La mani\u00e8re dont il a men\u00e9 la politique de sant\u00e9 pendant la crise du Covid-19 est extr\u00eamement inqui\u00e9tante pour l\u2019avenir.\u00a0\u00bb<br \/>\n\u00ab\u00a0La pr\u00e9sidence Macron est une folie en termes de concertation des pouvoirs.\u00a0\u00bb<\/p>\n<p><em>\u00a0<strong>Sur le bilan du quinquennat<\/em>\u00a0<\/strong><br \/>\n\u00ab\u00a0On va retenir plusieurs choses mais c\u2019est vrai que la p\u00e9riode qui est en train de se clore avec le Covid-19 a chang\u00e9 un peu la nature de sa politique \u00e9conomique. Il a fait du quoi qu\u2019il en co\u00fbte m\u00eame si c\u2019est tr\u00e8s in\u00e9galitaire. C\u2019est du quoi qu\u2019il en co\u00fbte pour les entreprises et assez peu pour les pauvres et les d\u00e9penses sociales.\u00a0\u00bb<br \/>\n\u00ab\u00a0\u00c0 l\u2019origine, le d\u00e9but de son mandat avait tr\u00e8s clairement pour objectif de mettre en \u0153uvre un programme tr\u00e8s thatch\u00e9rien : abaisser les imp\u00f4ts sur le revenu du capital et des tr\u00e8s riches. Diminuer les droits des salari\u00e9s et restreindre les d\u00e9penses publiques.\u00a0\u00bb<br \/>\n\u00ab\u00a0Ce que l\u2019on per\u00e7oit de la suite, c\u2019est revenir au \u2018business as usual\u2019. Se remettre \u00e0 diminuer les d\u00e9penses publiques, r\u00e9former les retraites, diminuer l\u2019assurance ch\u00f4mage.\u00a0\u00bb<br \/>\n\u00ab\u00a0Le quoi qu\u2019il en co\u00fbte a eu un effet positif sur l\u2019activit\u00e9 \u00e9conomique mais on verra ce qu\u2019il se passera apr\u00e8s les \u00e9lections si par malheur il est r\u00e9\u00e9lu. \u00bb\u00a0<br \/>\n\u00ab\u00a0La France est le pays de l\u2019OCDE o\u00f9 les entreprises sont les plus endett\u00e9es donc on est dans une situation tr\u00e8s fragile. Par ailleurs, les comptes ext\u00e9rieurs ne se sont pas redress\u00e9s, l\u2019innovation est toujours \u00e0 la cave, l\u2019universit\u00e9 et la recherche vont toujours tr\u00e8s mal et plut\u00f4t qu&#8217;avant qu&#8217;il ne reprenne les choses en main.<\/p>\n<p><em>\u00a0<strong>Sur la popularit\u00e9 de Macron<\/em>\u00a0<\/strong><br \/>\n\u00ab\u00a0Les sondages donnent Macron aussi populaire aujourd\u2019hui que Sarkozy en 2011. Fran\u00e7ois Hollande est hors concours dans ce domaine l\u00e0.\u00a0\u00bb<br \/>\n\u00ab\u00a0L\u2019id\u00e9e qu\u2019Emmanuel Macron soit tr\u00e8s populaire ou exceptionnellement tr\u00e8s populaire est vrai par rapport \u00e0 Fran\u00e7ois Hollande mais \u00e7a n\u2019est pas vrai vis-\u00e0-vis du reste.\u00a0\u00bb<br \/>\n\u00ab\u00a0La forte position de Macron dans les sondages tient principalement au fait qu\u2019il n\u2019y a pas d\u2019alternative de gauche cr\u00e9dible.\u00a0\u00bb<br \/>\n\u00ab\u00a0Macron peut reculer dans les sondages si une alternative de gauche cr\u00e9dible se d\u00e9gage si le nombre de candidats se r\u00e9duit.\u00a0\u00bb<br \/>\n\u00ab\u00a0Macron appara\u00eet pour beaucoup de gens &#8211; y compris \u00e0 gauche &#8211; comme un rempart \u00e0 moindre mal vis-\u00e0-vis de la droite tr\u00e8s extr\u00e9mis\u00e9.\u00a0\u00bb<br \/>\n\u00ab\u00a0La situation est politiquement beaucoup plus dangereuse qu\u2019elle ne l\u2019\u00e9tait il y a cinq ans m\u00eame si le RN est affaibli. \u00bb<br \/>\n\u00ab\u00a0L\u2019\u00e9mergence d\u2019un arc droite\/extr\u00eame droite appara\u00eet aujourd\u2019hui tr\u00e8s cr\u00e9dible l\u00e0 o\u00f9, il y a cinq ans, la digue tenait encore.\u00a0\u00bb\u00a0<\/p>\n<p><em>\u00a0<strong>Sur les syndicats et la n\u00e9gociation collective\u00a0<\/em>\u00a0<\/strong><br \/>\n\u00ab\u00a0Macron s\u2019inscrit dans une tradition tr\u00e8s fran\u00e7aise avec l\u2019absence de corps interm\u00e9diaires.\u00a0\u00bb<br \/>\n\u00ab\u00a0On est un pays o\u00f9 la tradition de n\u00e9gociation sociale est tr\u00e8s faible.\u00a0\u00bb<br \/>\n\u00ab\u00a0Au d\u00e9but des ann\u00e9es 2000, il y a eu un certain consensus droite\/gauche pour essayer de social-d\u00e9mocratiser la soci\u00e9t\u00e9 fran\u00e7aise et donner plus de poids \u00e0 la n\u00e9gociation sociale qu\u2019\u00e0 la loi (\u2026). Nicolas Sarkozy a \u00e9t\u00e9 tr\u00e8s macronien dans sa pratique du pouvoir puisqu\u2019il s\u2019est assis dessus tr\u00e8s rapidement. Hollande avait essay\u00e9 mais il a lui aussi balay\u00e9 les choses notamment sous l\u2019impulsion de Macron. L\u2019arriv\u00e9e de Macron au pouvoir, c\u2019est l\u2019enterrement de cet effort-l\u00e0 avec le retour en force de l\u2019Etat et du r\u00f4le de l\u2019ex\u00e9cutif qui doit faire la loi dans le domaine social avec des corps interm\u00e9diaires sont balay\u00e9s. \u00bb<br \/>\n\u00ab\u00a0Sous Macron, on est revenu \u00e0 la politique jupit\u00e9rienne, verticale dans le domaine du social. C\u2019est une des raisons pour lesquelles la France a autant de mal dans la comp\u00e9tition internationale. L\u2019Allemagne, la Su\u00e8de, les pays scandinaves s\u2019en sortent beaucoup mieux que nous m\u00eame s\u2019ils ont un co\u00fbt du travail tr\u00e8s \u00e9lev\u00e9. Dans ces pays, la n\u00e9gociation sociale est tr\u00e8s importante et les salari\u00e9s ont beaucoup plus de pouvoir dans les entreprises.\u00a0\u00bb<\/p>\n<p><em>\u00a0<strong>Sur les \u00ab\u00a0cendres de la social-d\u00e9mocratie\u00a0\u00bb<\/em>\u00a0<\/strong><br \/>\n\u00ab\u00a0Il y a un probl\u00e8me g\u00e9n\u00e9ral de la social-d\u00e9mocratie.\u00a0\u00bb<br \/>\n\u00ab\u00a0On aurait pu penser apr\u00e8s la chute du mur de Berlin et l\u2019effondrement du bloc sovi\u00e9tique que la social-d\u00e9mocratie allait enfin gagner face au communisme et on a finalement assist\u00e9 \u00e0 un d\u00e9clin presque aussi profond de la social-d\u00e9mocratie que du communisme.\u00a0\u00bb<br \/>\n\u00ab\u00a0Le discours sur l\u2019unit\u00e9 du salariat ne peut plus marcher dans des soci\u00e9t\u00e9s o\u00f9 quasiment tout le monde est salari\u00e9 et les gens qui ne le sont pas sont des quasi salari\u00e9s.\u00a0\u00bb<br \/>\n\u00ab\u00a0Dans des soci\u00e9t\u00e9s o\u00f9 presque tout le monde est salari\u00e9, les contradictions internes \u00e0 la soci\u00e9t\u00e9 passent forc\u00e9ment \u00e0 l\u2019int\u00e9rieur du salariat. Donc tout le discours qui \u00e9tait commun aux socialistes et aux communistes sur l\u2019unit\u00e9 du salariat face au bourgeois et aux capitalistes ne tient plus.\u00a0\u00bb<br \/>\n\u00ab\u00a0Les vrais prol\u00e9taires qui continuent \u00e0 exister ne se reconnaissent plus dans le discours de l\u2019unit\u00e9 du salariat.\u00a0\u00bb<\/p>\n<p><em>\u00a0<strong>Sur les strat\u00e9gies de la gauche<\/em>\u00a0<\/strong><br \/>\n\u00ab\u00a0Je pense que le discours sur les 1% et les 99% est un discours trompeur : c\u2019est vrai qu\u2019il y a les 1% qu\u2019il faut taxer plus sur leurs revenus et leur patrimoine mais cela ne r\u00e8gle pas toute la question. Si les ouvriers, les employ\u00e9s, les salari\u00e9s des zones rurales, si les gilets jaunes ont toujours du mal \u00e0 se reconnaitre dans la gauche politique dans toutes ses nuances &#8211; que ce soit la LFI, le PCF ou le PS -, c\u2019est que la gauche de gouvernement a toujours consid\u00e9r\u00e9 que, dans les petites entreprises, il ne fallait pas emb\u00eater les patrons avec les droits de leurs salari\u00e9s parce que c\u2019\u00e9tait eux qui cr\u00e9aient des emplois.\u00a0\u00bb<br \/>\n\u00ab\u00a0Il est ind\u00e9niable qu\u2019il y a des nuances et des oppositions significatives \u00e0 gauche sur plusieurs sujets : l\u2019Europe, le nucl\u00e9aire, la la\u00efcit\u00e9. Mais on est tous d\u2019accord sur des sujets importants qu\u2019il s\u2019agit de placer de nouveau au c\u0153ur du d\u00e9bat public : les in\u00e9galit\u00e9s de revenus, le pouvoir d\u2019achat, la r\u00e9industrialisation\u2026\u00a0\u00bb<br \/>\n\u00ab\u00a0Les sujets de dissensus servent souvent d\u2019excuses pour ne pas chercher l\u2019unit\u00e9 : c\u2019est suicidaire si cela devait perdurer.\u00a0\u00bb<\/p>\n<p><em>\u00a0<strong>Sur la primaire populaire<\/em>\u00a0<\/strong><br \/>\n\u00ab\u00a0Les candidats actuels \u00e0 l\u2019\u00e9lection pr\u00e9sidentielle sont engag\u00e9s dans une dynamique o\u00f9 ils ont choisi que ce serait les sondages qui les d\u00e9partageraient. On sait tr\u00e8s bien qu\u2019ils n\u2019iront pas tous jusqu\u2019au bout car il faut trouver des financements et des signatures.\u00a0\u00bb<br \/>\n\u00ab\u00a0La primaire populaire propose un d\u00e9partage civilis\u00e9 et ensuite, une dynamique unitaire.\u00a0\u00bb<br \/>\n\u00ab\u00a0C\u2019est une initiative qui m\u00e9rite d\u2019\u00eatre soutenue et tent\u00e9e car c\u2019est la seule qui permette d\u2019avoir une chance de gagner l\u2019an prochain.\u00a0\u00bb<div id='gallery-1' class='gallery galleryid-13174 gallery-columns-3 gallery-size-thumbnail'><figure class='gallery-item'>\n\t\t\t<div class='gallery-icon landscape'>\n\t\t\t\t<a href='https:\/\/archives.regards.fr\/wp-content\/uploads\/2021\/10\/capture_d_e_cran_2021-10-11_a_12-ce0.45.30.png'><img loading=\"lazy\" decoding=\"async\" width=\"150\" height=\"150\" src=\"https:\/\/archives.regards.fr\/wp-content\/uploads\/2021\/10\/capture_d_e_cran_2021-10-11_a_12-ce0.45.30-150x150.png\" class=\"attachment-thumbnail size-thumbnail\" alt=\"capture_d_e_cran_2021-10-11_a_12.45.30.png\" \/><\/a>\n\t\t\t<\/div><\/figure>\n\t\t<\/div>\n<\/p>\n","protected":false},"excerpt":{"rendered":"<p>Guillaume Duval, ex-r\u00e9dacteur en chef d\u2019<em>Alternatives \u00e9conomiques<\/em> et fondateur du Festival des Id\u00e9es, publie <em>L\u2019impasse : comment Macron nous m\u00e8ne dans le mur<\/em> aux \u00e9ditions Les Liens qui Lib\u00e8rent. Il est l\u2019invit\u00e9 de #LaMidinale.<\/p>\n","protected":false},"author":1039,"featured_media":31027,"comment_status":"open","ping_status":"open","sticky":false,"template":"","format":"standard","meta":{"_themeisle_gutenberg_block_has_review":false,"footnotes":""},"categories":[238],"tags":[293],"class_list":["post-13174","post","type-post","status-publish","format-standard","has-post-thumbnail","hentry","category-la-midinale","tag-entretien"],"_links":{"self":[{"href":"https:\/\/archives.regards.fr\/index.php?rest_route=\/wp\/v2\/posts\/13174","targetHints":{"allow":["GET"]}}],"collection":[{"href":"https:\/\/archives.regards.fr\/index.php?rest_route=\/wp\/v2\/posts"}],"about":[{"href":"https:\/\/archives.regards.fr\/index.php?rest_route=\/wp\/v2\/types\/post"}],"author":[{"embeddable":true,"href":"https:\/\/archives.regards.fr\/index.php?rest_route=\/wp\/v2\/users\/1039"}],"replies":[{"embeddable":true,"href":"https:\/\/archives.regards.fr\/index.php?rest_route=%2Fwp%2Fv2%2Fcomments&post=13174"}],"version-history":[{"count":0,"href":"https:\/\/archives.regards.fr\/index.php?rest_route=\/wp\/v2\/posts\/13174\/revisions"}],"wp:featuredmedia":[{"embeddable":true,"href":"https:\/\/archives.regards.fr\/index.php?rest_route=\/wp\/v2\/media\/31027"}],"wp:attachment":[{"href":"https:\/\/archives.regards.fr\/index.php?rest_route=%2Fwp%2Fv2%2Fmedia&parent=13174"}],"wp:term":[{"taxonomy":"category","embeddable":true,"href":"https:\/\/archives.regards.fr\/index.php?rest_route=%2Fwp%2Fv2%2Fcategories&post=13174"},{"taxonomy":"post_tag","embeddable":true,"href":"https:\/\/archives.regards.fr\/index.php?rest_route=%2Fwp%2Fv2%2Ftags&post=13174"}],"curies":[{"name":"wp","href":"https:\/\/api.w.org\/{rel}","templated":true}]}}