{"id":13172,"date":"2021-10-10T06:00:00","date_gmt":"2021-10-10T04:00:00","guid":{"rendered":"https:\/\/wp.muchomaas.com\/article-tribune-appel-aux-candidats-a-l-election-presidentielle-a-s-emparer-de-la-crise\/"},"modified":"2023-06-24T00:20:28","modified_gmt":"2023-06-23T22:20:28","slug":"article-tribune-appel-aux-candidats-a-l-election-presidentielle-a-s-emparer-de-la-crise","status":"publish","type":"post","link":"https:\/\/archives.regards.fr\/?p=13172","title":{"rendered":"TRIBUNE. Appel aux candidats \u00e0 l&#8217;\u00e9lection pr\u00e9sidentielle \u00e0 s&#8217;emparer de la crise mondiale des droits de l&#8217;Homme"},"content":{"rendered":"<p class=\"post_excerpt\">Face au caract\u00e8re m\u00e9diocre du d\u00e9bat politique en France, les avocats William Bourdon et Vincent Brengarth alertent sur l&#8217;urgence de rompre avec toutes mesures d\u00e9magogiques et s\u00e9curitaires afin de r\u00e9pondre \u00e0 cette crise par un sursaut d\u00e9mocratique.<\/p>\n<p>Les attentats et la menace terroriste, la crise sanitaire et les mesures prises pour tenter de les endiguer ont incontestablement eu un effet plan\u00e9taire et acc\u00e9l\u00e9rateur sur le mouvement de r\u00e9gression mondial des droits fondamentaux. La liste des pays dans lesquels ils se trouvent gravement menac\u00e9s s\u2019accroit, au moment m\u00eame o\u00f9 des pays, comme la France, peinent \u00e0 se distinguer, en c\u00e9dant, pour reprendre l\u2019expression de Madame Mireille Delmas-Marty, \u00e0 une forme de despotisme doux. Pire, le r\u00f4le de contre-pouvoir de la presse s\u2019effrite face \u00e0 un contr\u00f4le de plus en plus massif par des actionnaires peu enclins \u00e0 l\u2019humanisme, une presse qui contribue \u00e0 cr\u00e9dibiliser des discours populistes grossiers et r\u00e9actionnaires.<\/p>\n<p>&nbsp;<\/p>\n<p>\n<strong>LIRE AUSSI SUR REGARDS.FR<br \/>\n>><\/strong> <em><a href=\"https:\/\/wp.muchomaas.com\/idees-culture\/article\/mireille-delmas-marty\">Mireille Delmas-Marty : \u00ab L\u2019ambiance apeur\u00e9e, suscit\u00e9e par les attentats, n\u2019a pas \u00e9t\u00e9 sans incidence sur les d\u00e9cisions d\u2019ordre sanitaire \u00bb<\/a><\/em><\/p>\n<p>&nbsp;<\/p>\n<p>Le panorama de la r\u00e9gression est \u00e9difiant. Concernant par exemple le Burundi, une Commission d\u2019enqu\u00eate de l\u2019ONU a r\u00e9cemment demand\u00e9 d\u2018accro\u00eetre la pression diplomatique face \u00e0 la persistance des abus et de la violence ; l\u2019Union africaine a suspendu la Guin\u00e9e apr\u00e8s le coup d\u2019\u00e9tat militaire ; la Tunisie, du fait des mesures prises par le Pr\u00e9sident Ka\u00efs Sa\u00efed, d\u00e9rive de plus en plus vers une logique autoritaire ; au Soudan du Sud, \u00e9galement en proie \u00e0 une crise \u00e9conomique, les \u00e9lites pillent les ressources en m\u00e9prisant les droits de l\u2019Homme ; en f\u00e9vrier 2021, Amnesty International r\u00e9v\u00e9lait que l\u2019arm\u00e9e \u00e9rythr\u00e9enne avait tu\u00e9 des centaines de civils au Tigr\u00e9 ; le r\u00e9gime de Vladimir Poutine chasse, pers\u00e9cute et empoisonne ses opposants dont Alexe\u00ef Navalny ; plus r\u00e9cemment, le pr\u00e9sident Joe Biden s\u2019est lui-m\u00eame offusqu\u00e9 en visionnant une vid\u00e9o particuli\u00e8rement violente montrant des gardes-fronti\u00e8res am\u00e9ricains en train de brutaliser des migrants aux abords du Rio Grande.<\/p>\n<p>La lutte contre la corruption n\u2019a jamais \u00e9t\u00e9 autant instrumentalis\u00e9e de la Tunisie \u00e0 la Chine en passant par le Cameroun pour pers\u00e9cuter les opposants.<\/p>\n<p>Qui ne voit que l\u2019instrumentalisation de la lutte contre le terrorisme et de la pand\u00e9mie, dans bien des pays, en Afrique et ailleurs, ont \u00e9t\u00e9 le nouvel alibi cynique pour b\u00e2illonner et pers\u00e9cuter.<\/p>\n<p>En juin 2021, la Haute-Commissaire aux droits de l&#8217;homme Michelle Bachelet appelait \u00e0 un sursaut :<em>\u00ab Nous avons besoin [&#8230;] de soci\u00e9t\u00e9s qui, bien que diverses, partagent des engagements fondamentaux pour r\u00e9duire les in\u00e9galit\u00e9s et faire progresser tous les droits humains \u00bb<\/em>. Cet appel au sursaut est loin d\u2019avoir \u00e9t\u00e9 saisi.<\/p>\n<p>Le grand d\u00e9bat d\u00e9mocratique sur les menaces plurielles qui p\u00e8sent sur nous s\u2019estompe au profit d\u2019une banalisation des expressions de haine qui auraient \u00e9t\u00e9 consid\u00e9r\u00e9es comme ind\u00e9centes il y a quelques ann\u00e9es. Ce d\u00e9calage qui r\u00e9v\u00e8le un nivellement par le bas des libert\u00e9s publiques et des droits de l\u2019Homme, s\u2019il peut contribuer \u00e0 satisfaire ceux qui sont obs\u00e9d\u00e9s de survivre politiquement ou m\u00e9diatiquement, peut s\u2019av\u00e9rer d\u00e9sastreux pour le bien public de notre collectivit\u00e9 et au-del\u00e0 \u00e0 l\u2019\u00e9chelon international.<\/p>\n<p>Ces violations des droits humains conduisent \u00e9galement \u00e0 une criminalisation croissante des mouvements citoyens, tels que ceux qui veulent prot\u00e9ger les migrants. Ce sont les m\u00eames qui pouvaient \u00eatre lou\u00e9s pour le courage et leur d\u00e9vouement citoyen il y a peu qui sont aujourd\u2019hui d\u00e9sign\u00e9s comme des complices des ennemis de l\u2019int\u00e9rieur.<\/p>\n<p>Ainsi, ces violations des droits humains semblent \u00eatre devenues les laiss\u00e9es pour compte ou le prix \u00e0 payer des diff\u00e9rentes crises sanitaires et s\u00e9curitaires qui frappent la communaut\u00e9 internationale. Elles d\u00e9dramatisent le recours \u00e0 des l\u00e9gislations d\u2019exception devenues si famili\u00e8res que l\u2019exception dans bien des pays semble devenir la norme. La France et l\u2019Europe contribuent, ainsi, par leur propre d\u00e9rive \u00e0 d\u00e9complexer des pays autoritaires telle que la Turquie qui n\u2019en demandait pas tant.<\/p>\n<p>L\u2019h\u00e9g\u00e9monie de la pens\u00e9e lib\u00e9rale dans les pays les plus riches, en accentuant la poursuite d\u2019objectifs purement essentiellement mat\u00e9rialistes, meurtrit gravement la mission des responsables publics de lutter contre les in\u00e9galit\u00e9s et de prendre en charge, avec le volontarisme qu\u2019ils exigent, les d\u00e9fis environnementaux.<\/p>\n<p>Paradoxalement, au moment o\u00f9 l\u2019arsenal juridique mondial contre la corruption n\u2019a jamais \u00e9t\u00e9 aussi dissuasif sur le papier, les logiques d\u2019entre-soi, de corruption, de pillage des ressources, continuent \u00e0 se d\u00e9ployer en toute tranquillit\u00e9.<\/p>\n<p>Au moment o\u00f9 les engagements se sont multipli\u00e9s de contr\u00f4ler l\u2019activit\u00e9 des paradis fiscaux, celle-ci continue de plus belle d\u00e8s lors que l\u2019Union europ\u00e9enne et la communaut\u00e9 internationale ont \u00e9t\u00e9 d\u2019une faiblesse coupable \u00e0 l\u2019\u00e9gard de l\u2019ensemble des interm\u00e9diaires financiers, c\u2019est-\u00e0-dire les ing\u00e9nieurs du chiffre et du droit.<\/p>\n<p>Qui ne peut douter que plus les dirigeants seront sinc\u00e8res et efficaces pour r\u00e9pondre \u00e0 ces exigences citoyennes et juridiques, moins ils feront le lit au populisme et moins ils le feront, plus se d\u00e9valueront des discours qui font des droits humains une vieille lune ou une variable d\u2019ajustement.<\/p>\n<p>Certes chaque jour nous tendons l\u2019oreille pour d\u00e9crypter toutes les \u00e9claircies qui \u00e9mergent accompagn\u00e9es des archipels de r\u00e9sistance, des incubateurs d\u2019un mode citoyen de consommation alternatif. Ils sont essentiels pour rompre la mal\u00e9diction de la r\u00e9signation et ne suffiront pas pour enrayer la d\u00e9shumanisation du monde qui aujourd\u2019hui galope.<\/p>\n<p>Tous les candidats \u00e0 l\u2019\u00e9lection pr\u00e9sidentielle doivent s\u2019emparer de ce d\u00e9fi.<\/p>\n<p>Plus, comme quand on s\u2019enfonce dans le mensonge, la crise des droits humains continuera de s\u2019aggraver, plus il sera difficile d\u2019en revenir.<\/p>\n<p>L\u2019urgence est immense pour notre pays et au-del\u00e0 pour le monde que les responsables publics rompent avec toutes mesures d\u00e9magogiques et s\u00e9curitaires et se saisissent du d\u00e9fi que repr\u00e9sente l\u2019imp\u00e9ratif de r\u00e9pondre \u00e0 cette crise par un sursaut d\u00e9mocratique que malheureusement le caract\u00e8re pour le moins m\u00e9diocre du d\u00e9bat politique en France n\u2019annonce gu\u00e8re.<\/p>\n<p>&nbsp;<\/p>\n<p>\n<strong>William Bourdon et Vincent Brengarth<\/strong><div id='gallery-1' class='gallery galleryid-13172 gallery-columns-3 gallery-size-thumbnail'><figure class='gallery-item'>\n\t\t\t<div class='gallery-icon landscape'>\n\t\t\t\t<a href='https:\/\/archives.regards.fr\/wp-content\/uploads\/2021\/10\/2234870630_b4d9e60753_o-71f.jpg'><img loading=\"lazy\" decoding=\"async\" width=\"150\" height=\"150\" src=\"https:\/\/archives.regards.fr\/wp-content\/uploads\/2021\/10\/2234870630_b4d9e60753_o-71f-150x150.jpg\" class=\"attachment-thumbnail size-thumbnail\" alt=\"2234870630_b4d9e60753_o.jpg\" \/><\/a>\n\t\t\t<\/div><\/figure>\n\t\t<\/div>\n<\/p>\n","protected":false},"excerpt":{"rendered":"<p>Face au caract\u00e8re m\u00e9diocre du d\u00e9bat politique en France, les avocats William Bourdon et Vincent Brengarth alertent sur l&#8217;urgence de rompre avec toutes mesures d\u00e9magogiques et s\u00e9curitaires afin de r\u00e9pondre \u00e0 cette crise par un sursaut d\u00e9mocratique.<\/p>\n","protected":false},"author":1,"featured_media":31021,"comment_status":"open","ping_status":"open","sticky":false,"template":"","format":"standard","meta":{"_themeisle_gutenberg_block_has_review":false,"footnotes":""},"categories":[278],"tags":[515],"class_list":["post-13172","post","type-post","status-publish","format-standard","has-post-thumbnail","hentry","category-tribunes","tag-presidentielle-2022"],"_links":{"self":[{"href":"https:\/\/archives.regards.fr\/index.php?rest_route=\/wp\/v2\/posts\/13172","targetHints":{"allow":["GET"]}}],"collection":[{"href":"https:\/\/archives.regards.fr\/index.php?rest_route=\/wp\/v2\/posts"}],"about":[{"href":"https:\/\/archives.regards.fr\/index.php?rest_route=\/wp\/v2\/types\/post"}],"author":[{"embeddable":true,"href":"https:\/\/archives.regards.fr\/index.php?rest_route=\/wp\/v2\/users\/1"}],"replies":[{"embeddable":true,"href":"https:\/\/archives.regards.fr\/index.php?rest_route=%2Fwp%2Fv2%2Fcomments&post=13172"}],"version-history":[{"count":0,"href":"https:\/\/archives.regards.fr\/index.php?rest_route=\/wp\/v2\/posts\/13172\/revisions"}],"wp:featuredmedia":[{"embeddable":true,"href":"https:\/\/archives.regards.fr\/index.php?rest_route=\/wp\/v2\/media\/31021"}],"wp:attachment":[{"href":"https:\/\/archives.regards.fr\/index.php?rest_route=%2Fwp%2Fv2%2Fmedia&parent=13172"}],"wp:term":[{"taxonomy":"category","embeddable":true,"href":"https:\/\/archives.regards.fr\/index.php?rest_route=%2Fwp%2Fv2%2Fcategories&post=13172"},{"taxonomy":"post_tag","embeddable":true,"href":"https:\/\/archives.regards.fr\/index.php?rest_route=%2Fwp%2Fv2%2Ftags&post=13172"}],"curies":[{"name":"wp","href":"https:\/\/api.w.org\/{rel}","templated":true}]}}