{"id":13170,"date":"2021-10-08T12:38:35","date_gmt":"2021-10-08T10:38:35","guid":{"rendered":"https:\/\/wp.muchomaas.com\/article-notre-film-debout-les-femmes-redonne-de-la-dignite-aux-femmes-les-premieres-de\/"},"modified":"2023-06-24T00:20:28","modified_gmt":"2023-06-23T22:20:28","slug":"article-notre-film-debout-les-femmes-redonne-de-la-dignite-aux-femmes-les-premieres-de","status":"publish","type":"post","link":"https:\/\/archives.regards.fr\/?p=13170","title":{"rendered":"\u00ab Notre film &#8220;Debout les femmes !&#8221; redonne de la dignit\u00e9 aux femmes, les premi\u00e8res de corv\u00e9es \u00bb"},"content":{"rendered":"<p class=\"post_excerpt\">Aides \u00e0 domiciles, agents d&#8217;entretien ou encore accompagnantes d&#8217;enfants en situation de handicap : les femmes des m\u00e9tiers du lien sortent de l&#8217;ombre dans le nouveau film de Fran\u00e7ois Ruffin et de Gilles Perret. Ce dernier est l&#8217;invit\u00e9 de #LaMidinale.<\/p>\n<h2>UNE MIDINALE \u00c0 VOIR&#8230;<\/h2>\n<p><iframe loading=\"lazy\" width=\"490\" height=\"276\" src=\"https:\/\/www.youtube.com\/embed\/dTZpNEP5tuI\" title=\"YouTube video player\" frameborder=\"0\" allow=\"accelerometer; autoplay; clipboard-write; encrypted-media; gyroscope; picture-in-picture\" allowfullscreen><\/iframe><\/p>\n<p>&nbsp;<\/p>\n<p><h2>ET \u00c0 LIRE&#8230;<\/h2>\n<p><em>\u00a0<strong>Sur l\u2019injonction du titre \u00ab\u00a0Debout les femmes !\u00a0\u00bb<\/em>\u00a0<\/strong><br \/>\n\u00ab\u00a0On a plus de temps \u00e0 trouver le titre qu\u2019\u00e0 faire le film : il a \u00e9t\u00e9 choisi par les femmes du film elles-m\u00eames.\u00a0\u00bb<br \/>\n\u00ab\u00a0On voulait montrer que le film \u00e9tait un film combatif qui pouvait \u00eatre un outil pour am\u00e9liorer et diminuer la pr\u00e9carit\u00e9 chez ces femmes.\u00a0\u00bb<br \/>\n\u00ab\u00a0Il y a un parcours parlementaire mais il n\u2019y a rien qui se passe si, \u00e0 la base, les femmes elles-m\u00eames et les gens qui ont recours \u00e0 ces personnes-l\u00e0, ne se mobilisent pas.\u00a0\u00bb<\/p>\n<p><em>\u00a0<strong>Sur le caract\u00e8re politique du film<\/em>\u00a0<\/strong><br \/>\n\u00ab\u00a0Ces femmes sont les grandes oubli\u00e9es : il y a eu des avanc\u00e9es mais \u00e0 la marge et de bonne conscience.\u00a0\u00bb<br \/>\n\u00ab\u00a0On sait que les pr\u00e9occupations de ce gouvernement pour les classes d\u00e9favoris\u00e9es qui sont \u00e0 peu pr\u00e8s nulles.\u00a0\u00bb<br \/>\n\u00ab\u00a0Le gouvernement et la majorit\u00e9 m\u00e8nent une politique de bonne conscience et de saupoudrage : il y a quelques petites aides qui arrivent par moments mais c\u2019est juste parce qu\u2019au bout d\u2019un moment, cela va finir par se voir.\u00a0\u00bb<br \/>\n\u00ab\u00a0Les choses changeront pour ces femmes lorsqu\u2019il y aura une loi, une r\u00e8gle et qu\u2019elles auront un vrai statut.\u00a0\u00bb<br \/>\n\u00ab\u00a0Ce film est l\u00e0 aussi pour laisser une trace &#8211; comme le film pour les gilets jaunes l\u2019a fait.\u00a0\u00bb<br \/>\n\u00ab\u00a0Cela fait 15 ans que Fran\u00e7ois Ruffin travaille sur le sujet : on s\u2019est d\u2019abord appuy\u00e9 sur celles qu\u2019il connaissait, notamment \u00e0 Amiens et Abbeville.\u00a0\u00bb<br \/>\n\u00ab\u00a0On a r\u00e9ussi \u00e0 embarqu\u00e9 ces femmes dans notre histoire comme on le voit \u00e0 la fin du film.\u00a0\u00bb<br \/>\n\u00ab\u00a0C\u2019est int\u00e9ressant de voir que lorsque l\u2019on s\u2019int\u00e9resse \u00e0 des gens, tout de suite, ils rel\u00e8vent la t\u00eate alors m\u00eame qu\u2019au d\u00e9but du film, ils \u00e9taient abattus ou se cachaient.\u00a0\u00bb<br \/>\n\u00ab\u00a0Ce film, c\u2019est de la fiert\u00e9 de leur avoir redonn\u00e9 de la dignit\u00e9.\u00a0\u00bb<br \/>\n\u00ab\u00a0Rien que le fait de rassembler ces femmes \u00e0 un moment donn\u00e9, elles se sont senties fortes, pas toutes seules et elles ont senti qu\u2019elles avaient presqu\u2019une mission \u00e0 travers le film.\u00a0\u00bb<br \/>\n\u00ab\u00a0C\u2019est un des m\u00e9rites de Fran\u00e7ois Ruffin : arriver, avec sa fa\u00e7on de communiquer, \u00e0 mettre des sujets de soci\u00e9t\u00e9 sur la table.\u00a0\u00bb<br \/>\n\u00ab\u00a0Un des sujets les plus importants, c\u2019est celui de la dignit\u00e9 et de la reconnaissance.\u00a0\u00bb<br \/>\n\u00ab\u00a0On fait un film avec des affects.\u00a0\u00bb<br \/>\n\u00ab\u00a0Debout les femmes ! n\u2019est pas un tract politique.\u00a0\u00bb<br \/>\n\u00ab\u00a0Par les sentiments, on est capable, dans un film, d\u2019emmener avec nous des spectateurs qui ne partagent forc\u00e9ment les m\u00eames opinions que nous.\u00a0\u00bb<\/p>\n<p><strong>\u00a0<em>Sur le duo Bruno Bonnell (ex-LREM) \/ Fran\u00e7ois Ruffin<\/em>\u00a0<\/strong><br \/>\n\u00ab\u00a0C\u2019est presque parce qu\u2019il y a ce duo que l\u2019on a fait ce film.\u00a0\u00bb<br \/>\n\u00ab\u00a0On n\u2019a pas voulu faire un film avec que du discours militant ou manich\u00e9en.\u00a0\u00bb<br \/>\n\u00ab\u00a0Bruno Bonnell rajoute de la complexit\u00e9 au film : on ne sait pas si on doit l\u2019aimer ou le d\u00e9tester.\u00a0\u00bb<br \/>\n\u00ab\u00a0Il y a souvent une dichotomie &#8211; et cela se voit chez Bruno Bonnell &#8211; entre le besoin sinc\u00e8re d\u2019aider l\u2019autre et faire des choix oppos\u00e9s en votant des lois qui, de fait, vont pr\u00e9cariser les gens dans la sous-traitance.\u00a0\u00bb<br \/>\n\u00ab\u00a0La question, c\u2019est : \u00e0 quel moment tu votes avec ton coeur ou avec ton groupe ?\u00a0\u00bb<br \/>\n\u00ab\u00a0C\u2019est la loi qui fait changer les choses et s\u2019il faut attendre que chaque d\u00e9put\u00e9 soit touch\u00e9 \u00e0 titre personnel, c\u2019est pas gagn\u00e9\u2026\u00a0\u00bb<br \/>\n\u00ab\u00a0Sans nier la question du parti politique et du besoin de radicalit\u00e9 et de rapport de forces, il peut y avoir un certain d\u00e9passement des clivages politiques.\u00a0\u00bb<br \/>\n\u00ab\u00a0Ce n\u2019est pas en s\u2019enfermant avec des gens qui pensent la m\u00eame chose que l\u2019on va changer quoique ce soit.\u00a0\u00bb<\/p>\n<p><em>\u00a0<strong>Sur le travail de d\u00e9put\u00e9 de Fran\u00e7ois Ruffin<\/em>\u00a0<\/strong><br \/>\n\u00ab\u00a0On ne peut enlever \u00e0 Fran\u00e7ois Ruffin sa sinc\u00e9rit\u00e9 et l\u2019\u00e9nergie qu\u2019il met dans ses batailles.\u00a0\u00bb<br \/>\n\u00ab\u00a0On aurait besoin d\u2019avoir 577 d\u00e9put\u00e9s qui vivent au quotidien ce que vivent les millions de Fran\u00e7ais.\u00a0\u00bb<br \/>\n\u00ab\u00a0On voit bien le profil sociologique des d\u00e9put\u00e9s \u00e0 l\u2019Assembl\u00e9e nationale : c\u2019est une catastrophe.\u00a0Ce sont tous les m\u00eames (CSP+ ou profession ind\u00e9pendante) et ils ont \u00e9t\u00e9 cast\u00e9s pour cela.\u00a0\u00bb<br \/>\n\u00ab\u00a0L\u2019Assembl\u00e9e nationale est cens\u00e9e repr\u00e9senter le peuple alors que quand vous y \u00eates, et d\u2019autant plus lorsque vous venez de province, vous ne voyez aucun profil que vous voyez dans votre quartier\u2026 Vous avez l\u2019impression de croiser toujours le m\u00eame d\u00e9put\u00e9 !\u00a0\u00bb<div id='gallery-1' class='gallery galleryid-13170 gallery-columns-3 gallery-size-thumbnail'><figure class='gallery-item'>\n\t\t\t<div class='gallery-icon landscape'>\n\t\t\t\t<a href='https:\/\/archives.regards.fr\/wp-content\/uploads\/2021\/10\/capture_d_e_cran_2021-10-08_a_12-322.25.45.png'><img loading=\"lazy\" decoding=\"async\" width=\"150\" height=\"150\" src=\"https:\/\/archives.regards.fr\/wp-content\/uploads\/2021\/10\/capture_d_e_cran_2021-10-08_a_12-322.25.45-150x150.png\" class=\"attachment-thumbnail size-thumbnail\" alt=\"capture_d_e_cran_2021-10-08_a_12.25.45.png\" \/><\/a>\n\t\t\t<\/div><\/figure>\n\t\t<\/div>\n<\/p>\n","protected":false},"excerpt":{"rendered":"<p>Aides \u00e0 domiciles, agents d&#8217;entretien ou encore accompagnantes d&#8217;enfants en situation de handicap : les femmes des m\u00e9tiers du lien sortent de l&#8217;ombre dans le nouveau film de Fran\u00e7ois Ruffin et de Gilles Perret. Ce dernier est l&#8217;invit\u00e9 de #LaMidinale.<\/p>\n","protected":false},"author":1039,"featured_media":31019,"comment_status":"open","ping_status":"open","sticky":false,"template":"","format":"standard","meta":{"_themeisle_gutenberg_block_has_review":false,"footnotes":""},"categories":[238],"tags":[293],"class_list":["post-13170","post","type-post","status-publish","format-standard","has-post-thumbnail","hentry","category-la-midinale","tag-entretien"],"_links":{"self":[{"href":"https:\/\/archives.regards.fr\/index.php?rest_route=\/wp\/v2\/posts\/13170","targetHints":{"allow":["GET"]}}],"collection":[{"href":"https:\/\/archives.regards.fr\/index.php?rest_route=\/wp\/v2\/posts"}],"about":[{"href":"https:\/\/archives.regards.fr\/index.php?rest_route=\/wp\/v2\/types\/post"}],"author":[{"embeddable":true,"href":"https:\/\/archives.regards.fr\/index.php?rest_route=\/wp\/v2\/users\/1039"}],"replies":[{"embeddable":true,"href":"https:\/\/archives.regards.fr\/index.php?rest_route=%2Fwp%2Fv2%2Fcomments&post=13170"}],"version-history":[{"count":0,"href":"https:\/\/archives.regards.fr\/index.php?rest_route=\/wp\/v2\/posts\/13170\/revisions"}],"wp:featuredmedia":[{"embeddable":true,"href":"https:\/\/archives.regards.fr\/index.php?rest_route=\/wp\/v2\/media\/31019"}],"wp:attachment":[{"href":"https:\/\/archives.regards.fr\/index.php?rest_route=%2Fwp%2Fv2%2Fmedia&parent=13170"}],"wp:term":[{"taxonomy":"category","embeddable":true,"href":"https:\/\/archives.regards.fr\/index.php?rest_route=%2Fwp%2Fv2%2Fcategories&post=13170"},{"taxonomy":"post_tag","embeddable":true,"href":"https:\/\/archives.regards.fr\/index.php?rest_route=%2Fwp%2Fv2%2Ftags&post=13170"}],"curies":[{"name":"wp","href":"https:\/\/api.w.org\/{rel}","templated":true}]}}