{"id":13169,"date":"2021-10-07T12:24:47","date_gmt":"2021-10-07T10:24:47","guid":{"rendered":"https:\/\/wp.muchomaas.com\/article-olivier-masclet-la-gauche-doit-reparer-son-rendez-vous-manque-avec-les\/"},"modified":"2023-06-24T00:20:26","modified_gmt":"2023-06-23T22:20:26","slug":"article-olivier-masclet-la-gauche-doit-reparer-son-rendez-vous-manque-avec-les","status":"publish","type":"post","link":"https:\/\/archives.regards.fr\/?p=13169","title":{"rendered":"Olivier Masclet : \u00ab Une gauche volontaire pour r\u00e9parer le rendez-vous manqu\u00e9 avec les quartiers \u00bb"},"content":{"rendered":"<p class=\"post_excerpt\">Olivier Masclet, sociologue et auteur de <em>La gauche et les cit\u00e9s : enqu\u00eate sur un rendez-vous manqu\u00e9<\/em> (\u00c9d. La D\u00e9couverte), est l\u2019invit\u00e9 de #LaMidinale.<\/p>\n<h2>UNE MIDINALE \u00c0 VOIR&#8230;<\/h2>\n<p><iframe loading=\"lazy\" width=\"490\" height=\"276\" src=\"https:\/\/www.youtube.com\/embed\/vCnJaV9siRw\" title=\"YouTube video player\" frameborder=\"0\" allow=\"accelerometer; autoplay; clipboard-write; encrypted-media; gyroscope; picture-in-picture\" allowfullscreen><\/iframe><\/p>\n<p>&nbsp;<\/p>\n<p><h2>ET \u00c0 LIRE&#8230;<\/h2>\n<p><em>\u00a0<strong>Sur la troisi\u00e8me \u00e9dition du livre et l\u2019histoire d\u2019un rendez-vous manqu\u00e9<\/em>\u00a0<\/strong><br \/>\n\u00ab Dans ma th\u00e8se, je me suis int\u00e9ress\u00e9 \u00e0 comprendre pourquoi les municipalit\u00e9s de gauche qui avaient su, par le pass\u00e9, promouvoir une \u00e9lite ouvri\u00e8re parmi les habitants n\u2019y parvenaient plus. \u00bb<br \/>\n\u00ab Dans mon enqu\u00eate, je me suis aper\u00e7u qu\u2019il y avait une protestation tr\u00e8s forte de tout un ensemble d\u2019habitants du quartier &#8211; le Luth \u00e0 Gennevilliers -, qui se montrent tr\u00e8s durs \u00e0 l\u2019\u00e9gard des \u00e9lus qu\u2019ils accusent de les ignorer, de ne pas les reconna\u00eetre, de faire leur politique et leur tambouille en laissant ceux qui s\u2019impliquent dans les quartiers, \u00e0 part. D\u2019ou l\u2019id\u00e9e d\u2019un rendez-vous manqu\u00e9. \u00bb<br \/>\n\u00ab La gauche et les cit\u00e9s enqu\u00eate sur un rendez-vous manqu\u00e9. Ce qui est \u00e0 r\u00e9parer, c\u2019est ce rendez-vous manqu\u00e9. \u00bb<br \/>\n\u00ab Il y a toujours des agents qui ont int\u00e9r\u00eat au d\u00e9sordre dans les quartiers. \u00bb<br \/>\n\u00ab Il y a des gens qui m\u00e9ritent d\u2019\u00eatre inclus et de figurer sur des listes \u00e9lectorales. \u00bb<br \/>\n\u00ab Il y a beaucoup d\u2019\u00e9lus qui ne veulent pas laisser leur place. \u00bb<br \/>\n\u00ab Le livre fonctionne un peu comme un r\u00e9quisitoire et qui tente de dire : vous \u00e9lus de gauche, vous \u00eates en train de rater quelque chose de tr\u00e8s important avec cette g\u00e9n\u00e9ration d\u2019enfants d\u2019immigr\u00e9s. \u00c7a va \u00eatre difficile de rattraper le coup. Ce livre a beaucoup interpell\u00e9 le maire de Gennevilliers, Patrice Leclerc. \u00bb<br \/>\n\u00ab Leclerc a compris tr\u00e8s vite l\u2019enjeu de retisser un fil que la gauche avait laiss\u00e9. \u00bb<\/p>\n<p><em>\u00a0<strong>Sur les raisons d\u2019un divorce<\/em>\u00a0<\/strong><br \/>\n\u00ab Les \u00e9lus communistes n\u2019avaient pas construit des cit\u00e9s pour voir des immigr\u00e9s s\u2019installer. \u00bb<br \/>\n\u00ab Cette population immigr\u00e9e qui s\u2019installe dans les ann\u00e9es 50 et 60, dans les villes communistes va d\u2019embl\u00e9e \u00eatre per\u00e7ue comme une population encombrante. \u00bb<br \/>\n\u00ab C\u2019est au moment o\u00f9 les cit\u00e9s \u00e9mergent, au moment o\u00f9 les \u00e9lus essaient de construire \u00e0 travers ces cit\u00e9s des villes dignes, des villes modernes et non plus des cit\u00e9s de prol\u00e9taires, c\u2019est \u00e0 ce moment-l\u00e0 que l\u2019immigration reprend. L\u00e0 se situe la gen\u00e8se du conflit. \u00bb<br \/>\n\u00ab Les immigr\u00e9s vont s\u2019installer dans des conditions qui \u00e9chappent aux municipalit\u00e9s en les incluant mais aussi parfois en les mettant \u00e0 l\u2019\u00e9cart. \u00bb<\/p>\n<p><em>\u00a0<strong>Sur les habitants engag\u00e9s et qui abandonnent<\/em>\u00a0<\/strong><br \/>\n\u00ab Il n\u2019y a pas d\u2019engagement durable sans gratification symbolique. \u00bb<br \/>\n\u00ab On peut donner de son temps et de son \u00e9nergie mais quand les \u00e9lus ne se souviennent m\u00eame pas des pr\u00e9noms et des noms, \u00e7a vexe, \u00e7a blesse et \u00e7a d\u00e9courage. \u00bb<br \/>\n\u00ab Dans le contexte de la r\u00e9novation urbaine, il s\u2019est pos\u00e9 la question de qui repr\u00e9sentait le quartier et du financement des associations. \u00bb<\/p>\n<p><em>\u00a0<strong>Sur la suspicion de communautarisme <\/em>\u00a0<\/strong><br \/>\n\u00ab Il y a parmi les habitants des gens qui sont dans un registre tr\u00e8s clairement communautarisme. Des gens qui d\u00e9fendent d\u2019abord leur communaut\u00e9 ou leur religion. Et qui peuvent entrer en tension avec une autre conception de ce que peut \u00eatre la vie en communaut\u00e9. \u00bb<\/p>\n<p><em>\u00a0<strong>Sur la question sociale et l\u2019\u00e9ducation<\/em>\u00a0<\/strong><br \/>\n\u00ab Les familles vivent avec une grande violence un sentiment de honte qu\u2019elles \u00e9prouvent parce qu\u2019elles sont sans cesse \u00e9voqu\u00e9es comme \u00e0 la source de la d\u00e9linquance et de l\u2019\u00e9chec dans le quartier. \u00bb<br \/>\n\u00ab La difficult\u00e9 d\u2019acc\u00e9der au travail, l\u2019impossibilit\u00e9 de mener une scolarit\u00e9 normale a bless\u00e9 les cat\u00e9gories populaires. \u00bb<br \/>\n\u00ab L\u2019\u00e9cole, on peut en ressortir avec le sentiment d\u2019une tr\u00e8s forte humiliation. \u00bb<br \/>\n\u00ab Dans les ann\u00e9es 60, on pouvait se dire \u201cce n\u2019est pas pour moi l\u2019\u00e9cole\u201d mais aujourd\u2019hui, ce n\u2019est plus possible car l\u2019\u00e9cole est devenue d\u00e9cisive dans les m\u00e9canismes de reproductions sociales : si on veut un emploi, il faut un dipl\u00f4me. L\u2019\u00e9cole est donc une issue incontournable. \u00bb<br \/>\n\u00ab Dans certains quartiers, on voit des enfants de 13-14 ans, en rupture scolaire, et qui restaient entre eux : ils formaient des noyaux durs d\u2019enfants en \u00e9chec. \u00bb<br \/>\n\u00ab Ces enfants se conforment au r\u00f4le d\u2019agent du d\u00e9sordre qu\u2019on leur assigne. \u00bb<\/p>\n<p><em>\u00a0<strong>Sur la responsabilit\u00e9 de l\u2019Etat<\/em>\u00a0<\/strong><br \/>\n\u00ab Il ne me semble pas que l\u2019Etat ait abandonn\u00e9 les \u00e9tudes sur les quartiers ou cess\u00e9 de financer les sociologues qui travaillent dessus. La question est celle de ce que l\u2019on fait de ces \u00e9tudes. \u00bb<br \/>\n\u00ab Faute de programmes qui mettraient les gens au travail ou qui ferait que l\u2019\u00e9cole n\u2019ait pas cette fonction de s\u00e9lection des cat\u00e9gories moyennes sup\u00e9rieures, sauf donc \u00e0 repenser les structures, une partie des \u00e9lites au pouvoir choisissent de reporter ce qui ne va pas sur le dos des individus. \u00bb<\/p>\n<p><em>\u00a0<strong>Sur les questions m\u00e9morielles<\/em>\u00a0<\/strong><br \/>\n\u00ab Dans le quartier du Luth \u00e0 Gennevilliers, il y a des expressions de la m\u00e9moire, notamment dans une mini-F\u00eate de l\u2019Huma locale o\u00f9 des associations repr\u00e9sentaient les populations, les origines\u2026 La seule pr\u00e9sence de ces populations sont facteurs de m\u00e9moire. \u00bb<br \/>\n\u00ab\u00a0La m\u00e9moire, c\u2019est important mais ce n\u2019est pas d\u00e9cisif : il ne faudrait pas que l\u2019analyse e de ce qui se passe dans ces quartiers soit r\u00e9duite \u00e0 une question de m\u00e9moire.\u00a0Il y a une dimension mat\u00e9rielle : accession au travail, au salaire, \u00e0 des emplois qui permettent d\u2019\u00e9lever ses enfants.\u00a0\u00bb<\/p>\n<p><em>\u00a0<strong>Sur l\u2019aberration intellectuelle du \u201cgrand remplacement\u201d<\/em>\u00a0<\/strong><br \/>\n\u00ab\u00a0Le th\u00e8me du \u201cgrand remplacement\u201d est tr\u00e8s fort dans les cat\u00e9gories sup\u00e9rieures, \u00e0 droite et parmi les cadres.\u00a0\u00bb<br \/>\n\u00ab\u00a0La peur du \u201cgrand remplacement\u201d n\u2019est pas si forte dans les quartiers puisque la population qui y habite est pr\u00e9cis\u00e9ment celle qui arrive de l\u2019ext\u00e9rieur.\u00a0\u00bb<br \/>\n\u00ab\u00a0Ce que dit Patrice Leclerc, le maire de Gennevilliers, c\u2019est qu\u2019il faut assumer la population qui habite dans nos quartiers. Il faut faire avec les gens.\u00a0\u00bb<br \/>\n\u00ab\u00a0Les municipalit\u00e9s qui se sont lanc\u00e9es dans des programmes de mixit\u00e9 sociale pour faire venir des habitants de classes moyennes et dipl\u00f4m\u00e9es ont souvent \u00e9chou\u00e9 car ces habitants sont venus mais ils sont vite repartis ou s\u2019ils sont rest\u00e9s, ils se sont ferm\u00e9s sur eux-m\u00eames constituant la client\u00e8le soit-disant alternative, de type Montessori.\u00a0\u00bb<br \/>\n\u00ab\u00a0Certains quartiers sont compos\u00e9s, pour une bonne partie, de populations venues de l\u2019\u00e9tranger : il faut leur permettre de prendre place dans les codes de la soci\u00e9t\u00e9 fran\u00e7aise. Cela prend du temps mais elles y arriveront d\u2019autant mieux qu\u2019elles auront en face d\u2019elles des gens comme Patrice Leclerc qui sont \u00e0 l\u2019\u00e9coute de leurs caract\u00e9ristiques.\u00a0\u00bb<div id='gallery-1' class='gallery galleryid-13169 gallery-columns-3 gallery-size-thumbnail'><figure class='gallery-item'>\n\t\t\t<div class='gallery-icon landscape'>\n\t\t\t\t<a href='https:\/\/archives.regards.fr\/wp-content\/uploads\/2021\/10\/capture_d_e_cran_2021-10-07_a_12-569.21.01.png'><img loading=\"lazy\" decoding=\"async\" width=\"150\" height=\"150\" src=\"https:\/\/archives.regards.fr\/wp-content\/uploads\/2021\/10\/capture_d_e_cran_2021-10-07_a_12-569.21.01-150x150.png\" class=\"attachment-thumbnail size-thumbnail\" alt=\"capture_d_e_cran_2021-10-07_a_12.21.01.png\" \/><\/a>\n\t\t\t<\/div><\/figure>\n\t\t<\/div>\n<\/p>\n","protected":false},"excerpt":{"rendered":"<p>Olivier Masclet, sociologue et auteur de <em>La gauche et les cit\u00e9s : enqu\u00eate sur un rendez-vous manqu\u00e9<\/em> (\u00c9d. La D\u00e9couverte), est l\u2019invit\u00e9 de #LaMidinale.<\/p>\n","protected":false},"author":1039,"featured_media":31017,"comment_status":"open","ping_status":"open","sticky":false,"template":"","format":"standard","meta":{"_themeisle_gutenberg_block_has_review":false,"footnotes":""},"categories":[238],"tags":[293],"class_list":["post-13169","post","type-post","status-publish","format-standard","has-post-thumbnail","hentry","category-la-midinale","tag-entretien"],"_links":{"self":[{"href":"https:\/\/archives.regards.fr\/index.php?rest_route=\/wp\/v2\/posts\/13169","targetHints":{"allow":["GET"]}}],"collection":[{"href":"https:\/\/archives.regards.fr\/index.php?rest_route=\/wp\/v2\/posts"}],"about":[{"href":"https:\/\/archives.regards.fr\/index.php?rest_route=\/wp\/v2\/types\/post"}],"author":[{"embeddable":true,"href":"https:\/\/archives.regards.fr\/index.php?rest_route=\/wp\/v2\/users\/1039"}],"replies":[{"embeddable":true,"href":"https:\/\/archives.regards.fr\/index.php?rest_route=%2Fwp%2Fv2%2Fcomments&post=13169"}],"version-history":[{"count":0,"href":"https:\/\/archives.regards.fr\/index.php?rest_route=\/wp\/v2\/posts\/13169\/revisions"}],"wp:featuredmedia":[{"embeddable":true,"href":"https:\/\/archives.regards.fr\/index.php?rest_route=\/wp\/v2\/media\/31017"}],"wp:attachment":[{"href":"https:\/\/archives.regards.fr\/index.php?rest_route=%2Fwp%2Fv2%2Fmedia&parent=13169"}],"wp:term":[{"taxonomy":"category","embeddable":true,"href":"https:\/\/archives.regards.fr\/index.php?rest_route=%2Fwp%2Fv2%2Fcategories&post=13169"},{"taxonomy":"post_tag","embeddable":true,"href":"https:\/\/archives.regards.fr\/index.php?rest_route=%2Fwp%2Fv2%2Ftags&post=13169"}],"curies":[{"name":"wp","href":"https:\/\/api.w.org\/{rel}","templated":true}]}}