{"id":13167,"date":"2021-10-05T11:06:17","date_gmt":"2021-10-05T09:06:17","guid":{"rendered":"https:\/\/wp.muchomaas.com\/article-pierre-edouard-magnan-notre-systeme-economique-n-a-aucun-interet-a-reduire-le\/"},"modified":"2023-06-24T00:20:25","modified_gmt":"2023-06-23T22:20:25","slug":"article-pierre-edouard-magnan-notre-systeme-economique-n-a-aucun-interet-a-reduire-le","status":"publish","type":"post","link":"https:\/\/archives.regards.fr\/?p=13167","title":{"rendered":"Pierre-Edouard Magnan : \u00ab Notre syst\u00e8me \u00e9conomique n\u2019a aucun int\u00e9r\u00eat \u00e0 r\u00e9duire le ch\u00f4mage \u00bb"},"content":{"rendered":"<p class=\"post_excerpt\">Malgr\u00e9 les r\u00e9serves du Conseil d\u2019Etat, le gouvernement est pass\u00e9 en force sur la r\u00e9forme de l\u2019assurance ch\u00f4mage. Aujourd\u2019hui, l&#8217;intersyndicale CGT-FO-FSU-Solidaires, mais aussi plusieurs organisations \u00e9tudiantes ou lyc\u00e9ennes, appellent \u00e0 une journ\u00e9e de gr\u00e8ve interprofessionnelle. Pierre-Edouard Magnan, pr\u00e9sident du Mouvement national des ch\u00f4meurs et pr\u00e9caires (MNCP), est l\u2019invit\u00e9 de #LaMidinale.<\/p>\n<h2>UNE MIDINALE \u00c0 VOIR&#8230;<\/h2>\n<p><iframe loading=\"lazy\" width=\"490\" height=\"276\" src=\"https:\/\/www.youtube.com\/embed\/Hi4YY6O-ztI\" title=\"YouTube video player\" frameborder=\"0\" allow=\"accelerometer; autoplay; clipboard-write; encrypted-media; gyroscope; picture-in-picture\" allowfullscreen><\/iframe><\/p>\n<p>&nbsp;<\/p>\n<p><h2>ET \u00c0 LIRE&#8230;<\/h2>\n<p><em>\u00a0<strong>Sur le parcours de la manifestation et le rejet de la pr\u00e9fecture\u00a0<\/em>\u00a0<\/strong><br \/>\n\u00ab\u00a0Il y a toujours eu un relatif respect et il n\u2019y a jamais eu d\u2019emp\u00eachement quelques soient les types de gouvernement.\u00a0\u00bb<br \/>\n\u00ab\u00a0Interdire un parcours de manifestation est un signal extr\u00eamement mauvais.\u00a0\u00bb<br \/>\n\u00ab\u00a0Le gouvernement a choisi sur qui on allait pouvoir taper : les ch\u00f4meurs, les pr\u00e9caires, les salari\u00e9s dans leur ensemble.\u00a0\u00bb<br \/>\n\u00ab\u00a0Il faut choisir ses ennemis quand on est en campagne : il y a les immigr\u00e9s d\u2019un c\u00f4t\u00e9 et il y a aussi les ch\u00f4meurs. \u00bb<\/p>\n<p><em>\u00a0<strong>Sur la r\u00e9forme de l\u2019assurance ch\u00f4mage\u00a0<\/em>\u00a0<\/strong><br \/>\n\u00ab\u00a0La pseudo r\u00e9forme de l\u2019assurance ch\u00f4mage est la seule qu\u2019il va pouvoir mener jusqu\u2019\u00e0 son terme puisque c\u2019est la seule qu\u2019il pourra mettre dans son bilan contrairement \u00e0 la r\u00e9forme des retraites.\u00a0\u00bb<br \/>\n\u00ab\u00a0L\u2019assurance ch\u00f4mage c\u2019est pour cet automne et l\u2019\u00e9t\u00e9 prochain, il y aura la r\u00e9forme des retraites.\u00a0\u00bb<br \/>\n\u00ab\u00a0J\u2019attends la fin de l\u2019assurance ch\u00f4mage qui est quasiment morte et ils vont finir par l\u2019achever au d\u00e9but du prochain quinquennat (\u2026). \u00c7a sera la f\u00eate des assurances priv\u00e9es.\u00a0\u00bb<\/p>\n<p><em>\u00a0<strong>Sur la mobilisation des syndicats\u00a0<\/em>\u00a0<\/strong><br \/>\n\u00ab\u00a0J\u2019esp\u00e8re que la mobilisation pourra d\u00e9boucher sur quelque chose.\u00a0\u00bb<br \/>\n\u00ab\u00a0Si on a r\u00e9ussi \u00e0 repousser la r\u00e9forme des retraites, c\u2019est plus gr\u00e2ce au Covid que gr\u00e2ce au mouvement social.\u00a0\u00bb<br \/>\n\u00ab\u00a0On continue de vivre une d\u00e9sagr\u00e9gation des cadres collectifs. Les gens gueulent sur les r\u00e9seaux sociaux &#8211; et c\u2019est tr\u00e8s bien &#8211; mais des millions de &#8220;j\u2019aime&#8221; ou de Tweet rageurs ne font pas des millions de gens dans la rue.\u00a0\u00bb<br \/>\n\u00ab\u00a0Les partis sont globalement d\u00e9liquescents alors qu\u2019ils jouaient un r\u00f4le il y a 30, 40 ou 50 ans dans la construction collective.\u00a0\u00bb<br \/>\n\u00ab\u00a0Le syndicalisme recule de mani\u00e8re massive.\u00a0\u00bb<br \/>\n\u00ab\u00a0Il y a un matraquage des m\u00e9dias pour d\u00e9montrer que les syndicats sont des vieux cons qui ne comprennent rien au monde qui change ou que les partis politiques sont une bande de grenouilles sans int\u00e9r\u00eat.\u00a0\u00bb<br \/>\n\u00ab\u00a0On a sur-individualis\u00e9 les gens : les gens r\u00e2lent devant leur poste de t\u00e9l\u00e9vision et leur \u00e9cran d\u2019ordinateur ou de tablette mais consid\u00e8rent que r\u00e2ler dans la rue ne sert plus \u00e0 rien.\u00a0\u00bb<\/p>\n<p><em>\u00a0<strong>Sur les chiffres du ch\u00f4mage et l\u2019\u00e9conomie fran\u00e7aise\u00a0<\/em>\u00a0<\/strong><br \/>\n\u00ab\u00a0La courbe des inscrits \u00e0 p\u00f4le emploi baisse mais \u00e7a n\u2019est pas la courbe du ch\u00f4mage et encore moins celle de la pr\u00e9carit\u00e9 et de la pauvret\u00e9.\u00a0\u00bb<br \/>\n\u00ab\u00a0Le gouvernement a construit son discours : la consommation repart, les pr\u00eats bancaires explosent &#8211; comme si tous les Fran\u00e7ais achetaient une maison -, des Fran\u00e7ais ont \u00e9pargn\u00e9 en dizaine de milliards , la croissance repart et il y aurait un million d\u2019emplois disponibles.\u00a0\u00bb<br \/>\n\u00ab\u00a0Les in\u00e9galit\u00e9s ont effectivement explos\u00e9 donc la croissance \u00e9conomique repart parce que ceux qui avaient ont toujours plus &#8211; sans m\u00eame aller chercher les plus riches chez qui c\u2019est la f\u00eate \u00e0 tous les \u00e9tages.\u00a0\u00bb<br \/>\n\u00ab\u00a0Il ne faut pas oublier que les co\u00fbts employeurs ont \u00e9t\u00e9 pris en charge \u00e0 100% par l\u2019Etat contre 80% des salaires de la plupart des gens.\u00a0\u00bb<br \/>\n\u00ab\u00a0Quand Bruno Le Maire a sign\u00e9 des arr\u00eat\u00e9s de blocage des prix, j\u2019ai cru qu\u2019on \u00e9tait au V\u00e9n\u00e9zuela.\u00a0\u00bb<\/p>\n<p><em>\u00a0<strong>Sur les id\u00e9es re\u00e7ues du ch\u00f4mage<\/em>\u00a0<\/strong><br \/>\n\u00ab\u00a0Il est faux de dire qu\u2019on gagne plus quand on est au ch\u00f4mage que quand on est dans l\u2019emploi et c\u2019est m\u00eame juridiquement impossible.\u00a0\u00bb<br \/>\n\u00ab\u00a0Il y a \u00e0 boire et \u00e0 manger dans le fameux million d\u2019emplois qui seraient disponibles.\u00a0\u00bb<br \/>\n\u00ab\u00a0Si ma tante d\u00e9pose une offre d\u2019emploi pour tailler sa haie, c\u2019est consid\u00e9r\u00e9 comme une offre d\u2019emploi mais \u00e7a ne fait vivre personne.\u00a0\u00bb<br \/>\n\u00ab\u00a0Macron est toujours dans cette id\u00e9e qu\u2019il suffirait de traverser la rue pour trouver un emploi.\u00a0\u00bb<br \/>\n\u00ab\u00a0Les ch\u00f4meurs sont une cat\u00e9gorie de population sur laquelle on peut taper &#8211; comme les immigr\u00e9s &#8211; en \u00e9tant s\u00fbr de ne pas \u00eatre contredit par une majorit\u00e9 de gens.\u00a0\u00bb<\/p>\n<p><em>\u00a0<strong>Sur la formation professionnelle\u00a0<\/em>\u00a0<\/strong><br \/>\n\u00ab\u00a0On va finir en France par avoir les ch\u00f4meurs les mieux form\u00e9s au monde.\u00a0\u00bb<br \/>\n\u00ab\u00a0La formation n\u2019a jamais donn\u00e9 du travail qu\u2019aux formateurs.\u00a0\u00bb<br \/>\n\u00ab\u00a0La formation ne cr\u00e9e pas l\u2019emploi.\u00a0\u00bb<br \/>\n\u00ab\u00a0Quand un employeur recrute quelqu\u2019un, s\u2019il a besoin de le former, il y a la formation professionnelle pour \u00e7a : il y a 30 milliards d\u2019euros de formation professionnelle sur la table.\u00a0\u00bb<br \/>\n\u00ab\u00a0Si on \u00e9tait plus vicieux, on pourrait dire que ce grand plan de formation est une esp\u00e8ce de r\u00e9invention des contrats aid\u00e9s de mani\u00e8re d\u00e9guis\u00e9e.\u00a0\u00bb<br \/>\n\u00ab\u00a0On est dans un syst\u00e8me \u00e9conomique qui n\u2019a aucun int\u00e9r\u00eat \u00e0 r\u00e9duire le ch\u00f4mage.\u00a0\u00bb<\/p>\n<p><em>\u00a0<strong>Sur les emplois non pourvus\u00a0<\/em>\u00a0<\/strong><br \/>\n\u00ab\u00a0Les emplois non pourvus sont des emplois \u00e0 pourvoir donc heureusement qu\u2019il y a des emplois \u00e0 pourvoir parce que s\u2019ils \u00e9taient tous pourvus, il faudrait fermer P\u00f4le Emploi parce qu\u2019il n\u2019y aurait plus besoin de chercher.\u00a0\u00bb<br \/>\n\u00ab\u00a0Il y a dans ces emplois des CDD de cinq jours qu\u2019on ne peut pas consid\u00e9rer comme un emploi.\u00a0\u00bb<br \/>\n\u00ab\u00a0Ces fameux emplois non pourvus sont une vaste fumisterie.\u00a0M\u00eame si on r\u00e9glait le probl\u00e8me de ces 200.000 ou 300.000 emplois non pourvus, on ne r\u00e8glerait absolument pas le probl\u00e8me du ch\u00f4mage et de la pr\u00e9carit\u00e9. \u00bb<\/p>\n<p><em>\u00a0<strong>Sur les promesses de la pr\u00e9sidentielle<\/em>\u00a0<\/strong><br \/>\n\u00ab J\u2019esp\u00e8re qu\u2019on va parler du ch\u00f4mage dans cette campagne pr\u00e9sidentielle.\u00a0\u00bb<br \/>\n\u00ab\u00a0On continue de penser que la r\u00e9duction du temps de travail, si elle est bien faite, est un outil de cr\u00e9ation d\u2019emploi.\u00a0\u00c7a n\u2019est pas un mythe. \u00bb<br \/>\n\u00ab\u00a0Il faut avoir une r\u00e9flexion autour du travail et de la protection sociale.\u00a0\u00bb<br \/>\n\u00ab\u00a0Il faut emp\u00eacher l\u2019ub\u00e9risation du travail.\u00a0\u00bb<br \/>\n\u00ab\u00a0Il faut une vraie r\u00e9forme fiscale qui soit progressive.\u00a0\u00bb<div id='gallery-1' class='gallery galleryid-13167 gallery-columns-3 gallery-size-thumbnail'><figure class='gallery-item'>\n\t\t\t<div class='gallery-icon landscape'>\n\t\t\t\t<a href='https:\/\/archives.regards.fr\/wp-content\/uploads\/2021\/10\/capture_d_e_cran_2021-10-05_a_10-55c.46.55.png'><img loading=\"lazy\" decoding=\"async\" width=\"150\" height=\"150\" src=\"https:\/\/archives.regards.fr\/wp-content\/uploads\/2021\/10\/capture_d_e_cran_2021-10-05_a_10-55c.46.55-150x150.png\" class=\"attachment-thumbnail size-thumbnail\" alt=\"capture_d_e_cran_2021-10-05_a_10.46.55.png\" \/><\/a>\n\t\t\t<\/div><\/figure>\n\t\t<\/div>\n<\/p>\n","protected":false},"excerpt":{"rendered":"<p>Malgr\u00e9 les r\u00e9serves du Conseil d\u2019Etat, le gouvernement est pass\u00e9 en force sur la r\u00e9forme de l\u2019assurance ch\u00f4mage. Aujourd\u2019hui, l&#8217;intersyndicale CGT-FO-FSU-Solidaires, mais aussi plusieurs organisations \u00e9tudiantes ou lyc\u00e9ennes, appellent \u00e0 une journ\u00e9e de gr\u00e8ve interprofessionnelle. Pierre-Edouard Magnan, pr\u00e9sident du Mouvement national des ch\u00f4meurs et pr\u00e9caires (MNCP), est l\u2019invit\u00e9 de #LaMidinale.<\/p>\n","protected":false},"author":1204,"featured_media":31013,"comment_status":"open","ping_status":"open","sticky":false,"template":"","format":"standard","meta":{"_themeisle_gutenberg_block_has_review":false,"footnotes":""},"categories":[238],"tags":[293,515],"class_list":["post-13167","post","type-post","status-publish","format-standard","has-post-thumbnail","hentry","category-la-midinale","tag-entretien","tag-presidentielle-2022"],"_links":{"self":[{"href":"https:\/\/archives.regards.fr\/index.php?rest_route=\/wp\/v2\/posts\/13167","targetHints":{"allow":["GET"]}}],"collection":[{"href":"https:\/\/archives.regards.fr\/index.php?rest_route=\/wp\/v2\/posts"}],"about":[{"href":"https:\/\/archives.regards.fr\/index.php?rest_route=\/wp\/v2\/types\/post"}],"author":[{"embeddable":true,"href":"https:\/\/archives.regards.fr\/index.php?rest_route=\/wp\/v2\/users\/1204"}],"replies":[{"embeddable":true,"href":"https:\/\/archives.regards.fr\/index.php?rest_route=%2Fwp%2Fv2%2Fcomments&post=13167"}],"version-history":[{"count":0,"href":"https:\/\/archives.regards.fr\/index.php?rest_route=\/wp\/v2\/posts\/13167\/revisions"}],"wp:featuredmedia":[{"embeddable":true,"href":"https:\/\/archives.regards.fr\/index.php?rest_route=\/wp\/v2\/media\/31013"}],"wp:attachment":[{"href":"https:\/\/archives.regards.fr\/index.php?rest_route=%2Fwp%2Fv2%2Fmedia&parent=13167"}],"wp:term":[{"taxonomy":"category","embeddable":true,"href":"https:\/\/archives.regards.fr\/index.php?rest_route=%2Fwp%2Fv2%2Fcategories&post=13167"},{"taxonomy":"post_tag","embeddable":true,"href":"https:\/\/archives.regards.fr\/index.php?rest_route=%2Fwp%2Fv2%2Ftags&post=13167"}],"curies":[{"name":"wp","href":"https:\/\/api.w.org\/{rel}","templated":true}]}}