{"id":13166,"date":"2021-10-04T15:26:35","date_gmt":"2021-10-04T13:26:35","guid":{"rendered":"https:\/\/wp.muchomaas.com\/article-mort-de-tapie-a-gauche-y-a-ceux-qui-y-pensent-et-ceux-qui-oublient\/"},"modified":"2023-06-24T00:20:24","modified_gmt":"2023-06-23T22:20:24","slug":"article-mort-de-tapie-a-gauche-y-a-ceux-qui-y-pensent-et-ceux-qui-oublient","status":"publish","type":"post","link":"https:\/\/archives.regards.fr\/?p=13166","title":{"rendered":"Mort de Tapie : \u00e0 gauche, y&#8217;a ceux qui y pensent, et ceux qui oublient"},"content":{"rendered":"<p class=\"post_excerpt\">Bernard Tapie est d\u00e9c\u00e9d\u00e9 ce dimanche 3 octobre, des suites d&#8217;un cancer. Depuis, la classe politique lui rend hommage. Pr\u00e9f\u00e9rant souvent y voir le meilleur que le pire.<\/p>\n<p>Bernard Tapie \u00e9tait une personnalit\u00e9 radicale. On l&#8217;aime ou on le d\u00e9teste, mais personne ne saurait rester indiff\u00e9rent. En France, il restera comme une figure publique de la fin du XX\u00e8me si\u00e8cle. Comme homme d&#8217;affaires, \u00ab parti d&#8217;en bas \u00bb, comme pr\u00e9sident de l&#8217;OM[[Le club de football de Marseille, le seul club fran\u00e7ais \u00e0 avoir gagn\u00e9 une coupe d&#8217;Europe en 1993, avec Bernard Tapie donc.]] ou encore comme ministre de Fran\u00e7ois Mitterrand.<\/p>\n<p>&nbsp;<\/p>\n<p><img loading=\"lazy\" decoding=\"async\" class=\" alignleft size-full wp-image-31010\" src=\"https:\/\/wp.muchomaas.com\/wp-content\/uploads\/2021\/10\/ap_regard_gennevilliers_oct1p__490x350_ok-3-3aa.png\" alt=\"ap_regard_gennevilliers_oct1p__490x350_ok-3.png\" align=\"left\" width=\"490\" height=\"350\" srcset=\"https:\/\/archives.regards.fr\/wp-content\/uploads\/2021\/10\/ap_regard_gennevilliers_oct1p__490x350_ok-3-3aa.png 490w, https:\/\/archives.regards.fr\/wp-content\/uploads\/2021\/10\/ap_regard_gennevilliers_oct1p__490x350_ok-3-3aa-300x214.png 300w\" sizes=\"auto, (max-width: 490px) 100vw, 490px\" \/><\/p>\n<p>&nbsp;<\/p>\n<p><p>&nbsp;<\/p>\n<p>\n<strong>VOIR AUSSI SUR REGARDS.FR<br \/>\n>><\/strong> <em><a href=\"https:\/\/wp.muchomaas.com\/politique\/article\/ledebrief-mort-de-tapie-jadot-candidat-sondages-macron-en-campagne\">#LeD\u00e9brief. Mort de Tapie, Jadot candidat, sondages, Macron en campagne<\/a><\/em><\/p>\n<p>&nbsp;<\/p>\n<p>Alors, \u00e0 l&#8217;annonce de son d\u00e9c\u00e8s, rien d&#8217;\u00e9tonnant de voir fleurir \u00e7\u00e0 et l\u00e0 les hommages, plus ou moins appuy\u00e9s. Ainsi au Parti socialiste, du patron Olivier <a href=\"https:\/\/twitter.com\/faureolivier\/status\/1444632979003826179\">Faure<\/a> aux anciens \u2013 Jean-Louis <a href=\"https:\/\/www.lepoint.fr\/politique\/jean-louis-bianco-bernard-tapie-etait-vraiment-sincere-dans-son-combat-contre-le-front-national-03-10-2021-2445967_20.php\">Bianco<\/a> ou Laurent Fabius par exemple \u2013, on se rem\u00e9more <em>\u00ab une \u00e9nergie hors du commun \u00bb<\/em>, un homme <em>\u00ab sinc\u00e8re dans son combat contre le Front national \u00bb<\/em>.<\/p>\n<p>Mais il est une chose \u00e9tonnante, du moins \u00e0 la gauche du PS, ce sont ces hommages qui oublient totalement la face plus \u00ab sombre \u00bb de Bernard Tapie, \u00e0 savoir : les magouilles, les tricheries. S\u00fbrement le manque de place dans un tweet&#8230;<\/p>\n<blockquote class=\"twitter-tweet\">\n<p lang=\"fr\" dir=\"ltr\">Bernard Tapie s&#39;en est all\u00e9. Je pense \u00e0 son \u00e9pouse, ses enfants et ses proches. Par del\u00e0 nos divergences, je salue son \u00e9nergie inou\u00efe, y compris dans son combat contre la maladie. Il fut un pr\u00e9sident de l&#39;OM remarquable.<\/p>\n<p>&mdash; Fabien Roussel (@Fabien_Roussel) <a href=\"https:\/\/twitter.com\/Fabien_Roussel\/status\/1444575430711947265?ref_src=twsrc%5Etfw\">October 3, 2021<\/a><\/p><\/blockquote>\n<p> <script async src=\"https:\/\/platform.twitter.com\/widgets.js\" charset=\"utf-8\"><\/script><\/p>\n<p>On n&#8217;a pas r\u00e9ussi \u00e0 mettre la main sur le tweet \u00e9mu de Fabien Roussel \u00e0 la mort de Louis Nicollin, pr\u00e9sident du Montpellier HSC de 1974 jusqu&#8217;\u00e0 sa mort en 2013 \u2013 et qui n&#8217;\u00e9tait pas non plus un pieux disciple de Karl Marx.<\/p>\n<blockquote class=\"twitter-tweet\">\n<p lang=\"fr\" dir=\"ltr\">Vous aviez des choses \u00e0 reprocher \u00e0 <a href=\"https:\/\/twitter.com\/hashtag\/BernardTapie?src=hash&#038;ref_src=twsrc%5Etfw\">#BernardTapie<\/a>? Je comprends. Il avait pourtant trois qualit\u00e9s assez rares (en politique par exemple) : la <a href=\"https:\/\/twitter.com\/hashtag\/g%C3%A9n%C3%A9rosit%C3%A9?src=hash&#038;ref_src=twsrc%5Etfw\">#g\u00e9n\u00e9rosit\u00e9<\/a>, le <a href=\"https:\/\/twitter.com\/hashtag\/courage?src=hash&#038;ref_src=twsrc%5Etfw\">#courage<\/a> et le <a href=\"https:\/\/twitter.com\/hashtag\/panache?src=hash&#038;ref_src=twsrc%5Etfw\">#panache<\/a>. Qu&#39;il repose en paix, et qu&#39;il en inspire d&#39;autres !<\/p>\n<p>&mdash; Esther Benbassa &#127803; (@EstherBenbassa) <a href=\"https:\/\/twitter.com\/EstherBenbassa\/status\/1444914779727044608?ref_src=twsrc%5Etfw\">October 4, 2021<\/a><\/p><\/blockquote>\n<p> <script async src=\"https:\/\/platform.twitter.com\/widgets.js\" charset=\"utf-8\"><\/script><\/p>\n<blockquote class=\"twitter-tweet\">\n<p lang=\"fr\" dir=\"ltr\">Dans sa vie politique, Bernard Tapie \u00e0 surtout d\u00e9fendu, selon moi, des id\u00e9es de droite que les communistes ont d&#39;ailleurs combattu. Mais ce jour l\u00e0, en rappelant d&#39;o\u00f9 il venait, il a fait entendre un tout autre discours. La complexit\u00e9 des \u00eatres humains&#8230; <a href=\"https:\/\/t.co\/NbKLdwIBNo\">https:\/\/t.co\/NbKLdwIBNo<\/a><\/p>\n<p>&mdash; Cartographe encart\u00e9 (@nico_lambert) <a href=\"https:\/\/twitter.com\/nico_lambert\/status\/1444666005071015942?ref_src=twsrc%5Etfw\">October 3, 2021<\/a><\/p><\/blockquote>\n<p> <script async src=\"https:\/\/platform.twitter.com\/widgets.js\" charset=\"utf-8\"><\/script><\/p>\n<blockquote class=\"twitter-tweet\">\n<p lang=\"fr\" dir=\"ltr\">J\u2019ai toujours \u00e9t\u00e9 fascin\u00e9 par la vitalit\u00e9 avec laquelle Bernard <a href=\"https:\/\/twitter.com\/hashtag\/Tapie?src=hash&#038;ref_src=twsrc%5Etfw\">#Tapie<\/a> assumait ce qu\u2019il \u00e9tait, cr\u00e2nement mais sans exc\u00e8s de complaisance avec lui-m\u00eame. Il avait le panache, parfois canaille, de ceux qui sont l\u00e0 o\u00f9 ils sont sans l\u2019avoir h\u00e9rit\u00e9. Pens\u00e9es respectueuses aux siens.<\/p>\n<p>&mdash; David Cormand&#127803;&#127466;&#127482; (@DavidCormand) <a href=\"https:\/\/twitter.com\/DavidCormand\/status\/1444611472580042754?ref_src=twsrc%5Etfw\">October 3, 2021<\/a><\/p><\/blockquote>\n<p> <script async src=\"https:\/\/platform.twitter.com\/widgets.js\" charset=\"utf-8\"><\/script><\/p>\n<p>Contrairement aux communistes ou aux \u00e9colos o\u00f9 l&#8217;on a la larme \u00e0 l\u2019\u0153il, \u00e0 la France insoumise, c&#8217;est plut\u00f4t silence-radio. Apr\u00e8s tout, un politique n&#8217;est pas tenu de d\u00e9poser une rose \u00e0 chaque \u00e2me qui quitte ce bas-monde. Mais de l\u00e0 \u00e0 imiter un Emmanuel Macron pour lequel Bernard Tapie serait un exemple pour la jeunesse&#8230;<\/p>\n<p>Pourtant ce n&#8217;est pas si compliqu\u00e9. \u00c9coutez donc <a href=\"https:\/\/www.franceinter.fr\/emissions\/l-edito-politique\/l-edito-politique-du-lundi-04-octobre-2021\">l&#8217;\u00e9dito<\/a> de Thomas Legrand, ce lundi sur France Inter, ou encore lisez les <a href=\"https:\/\/www.liberation.fr\/politique\/mort-de-bernard-tapie-pour-les-milliards-et-pour-le-pire-20211003_2ON2SU5JXREDPLPVFH55IDYP5U\/\">papiers<\/a> de <em>Lib\u00e9ration<\/em>. Comme quoi on peut rendre un dernier hommage, m\u00eame \u00e0 Bernard Tapie, sans tomber dans la d\u00e9magogie.<\/p>\n<p>&nbsp;<\/p>\n<p>\n<a href=\"https:\/\/wp.muchomaas.com\/auteur\/loic-le-clerc\"><strong>Lo\u00efc Le Clerc<\/strong><\/a><div id='gallery-1' class='gallery galleryid-13166 gallery-columns-3 gallery-size-thumbnail'><figure class='gallery-item'>\n\t\t\t<div class='gallery-icon landscape'>\n\t\t\t\t<a href='https:\/\/archives.regards.fr\/wp-content\/uploads\/2021\/10\/ap_regard_gennevilliers_oct1p__490x350_ok-3-e66.png'><img loading=\"lazy\" decoding=\"async\" width=\"150\" height=\"150\" src=\"https:\/\/archives.regards.fr\/wp-content\/uploads\/2021\/10\/ap_regard_gennevilliers_oct1p__490x350_ok-3-e66-150x150.png\" class=\"attachment-thumbnail size-thumbnail\" alt=\"ap_regard_gennevilliers_oct1p__490x350_ok-3.png\" \/><\/a>\n\t\t\t<\/div><\/figure>\n\t\t<\/div>\n<\/p>\n","protected":false},"excerpt":{"rendered":"<p>Bernard Tapie est d\u00e9c\u00e9d\u00e9 ce dimanche 3 octobre, des suites d&#8217;un cancer. Depuis, la classe politique lui rend hommage. Pr\u00e9f\u00e9rant souvent y voir le meilleur que le pire.<\/p>\n","protected":false},"author":1203,"featured_media":31010,"comment_status":"open","ping_status":"open","sticky":false,"template":"","format":"standard","meta":{"_themeisle_gutenberg_block_has_review":false,"footnotes":""},"categories":[6],"tags":[],"class_list":["post-13166","post","type-post","status-publish","format-standard","has-post-thumbnail","hentry","category-actu"],"_links":{"self":[{"href":"https:\/\/archives.regards.fr\/index.php?rest_route=\/wp\/v2\/posts\/13166","targetHints":{"allow":["GET"]}}],"collection":[{"href":"https:\/\/archives.regards.fr\/index.php?rest_route=\/wp\/v2\/posts"}],"about":[{"href":"https:\/\/archives.regards.fr\/index.php?rest_route=\/wp\/v2\/types\/post"}],"author":[{"embeddable":true,"href":"https:\/\/archives.regards.fr\/index.php?rest_route=\/wp\/v2\/users\/1203"}],"replies":[{"embeddable":true,"href":"https:\/\/archives.regards.fr\/index.php?rest_route=%2Fwp%2Fv2%2Fcomments&post=13166"}],"version-history":[{"count":0,"href":"https:\/\/archives.regards.fr\/index.php?rest_route=\/wp\/v2\/posts\/13166\/revisions"}],"wp:featuredmedia":[{"embeddable":true,"href":"https:\/\/archives.regards.fr\/index.php?rest_route=\/wp\/v2\/media\/31010"}],"wp:attachment":[{"href":"https:\/\/archives.regards.fr\/index.php?rest_route=%2Fwp%2Fv2%2Fmedia&parent=13166"}],"wp:term":[{"taxonomy":"category","embeddable":true,"href":"https:\/\/archives.regards.fr\/index.php?rest_route=%2Fwp%2Fv2%2Fcategories&post=13166"},{"taxonomy":"post_tag","embeddable":true,"href":"https:\/\/archives.regards.fr\/index.php?rest_route=%2Fwp%2Fv2%2Ftags&post=13166"}],"curies":[{"name":"wp","href":"https:\/\/api.w.org\/{rel}","templated":true}]}}