{"id":13162,"date":"2021-10-01T12:42:00","date_gmt":"2021-10-01T10:42:00","guid":{"rendered":"https:\/\/wp.muchomaas.com\/article-manuel-cervera-marzal-melenchon-2022-c-est-la-derniere-cartouche-du-cycle\/"},"modified":"2023-06-24T00:20:22","modified_gmt":"2023-06-23T22:20:22","slug":"article-manuel-cervera-marzal-melenchon-2022-c-est-la-derniere-cartouche-du-cycle","status":"publish","type":"post","link":"https:\/\/archives.regards.fr\/?p=13162","title":{"rendered":"Manuel Cervera-Marzal : \u00ab M\u00e9lenchon 2022, c&#8217;est la derni\u00e8re cartouche du cycle populiste \u00bb"},"content":{"rendered":"<p class=\"post_excerpt\">O\u00f9 en est-on du populisme de gauche ? Quelle r\u00e9alit\u00e9 mat\u00e9rielle le concept a-t-il jamais eue ? Manuel Cervera-Marzal, sociologue et auteur de <em>Le populisme de gauche &#8211; Sociologie de la France insoumise<\/em>, est l&#8217;invit\u00e9 de #LaMidinale.<\/p>\n<h2>UNE MIDINALE \u00c0 VOIR&#8230;<\/h2>\n<p><iframe loading=\"lazy\" width=\"490\" height=\"276\" src=\"https:\/\/www.youtube.com\/embed\/ZL6BB9g24pg\" title=\"YouTube video player\" frameborder=\"0\" allow=\"accelerometer; autoplay; clipboard-write; encrypted-media; gyroscope; picture-in-picture\" allowfullscreen><\/iframe><\/p>\n<p>&nbsp;<\/p>\n<p><h2>ET \u00c0 LIRE&#8230;<\/h2>\n<p><em>\u00a0<strong>Sur le concept de populisme<\/em>\u00a0<\/strong><br \/>\n\u00ab\u00a0Le populisme est un concept fourre-tout qui permet de mettre dans le m\u00eame sac Marine Le Pen, Donald Trump et Bernie Sanders.\u00a0\u00bb<br \/>\n\u00ab\u00a0Le populisme n\u2019est pas un concept au sens scientifique et sociologique du terme : c\u2019est davantage un anath\u00e8me. Est populiste celui qui ne pense pas comme moi, celui que l\u2019on cherche \u00e0 disqualifier du cercle de la raison.\u00a0\u00bb<br \/>\n\u00ab\u00a0Il y a eu un tournant majeur qui a eu lieu dans plusieurs pays europ\u00e9ens ces derni\u00e8res ann\u00e9es : les anciennes gauches, c\u2019est-\u00e0-dire des militants issus soit des partis socialistes soit des partis communistes, remettre profond\u00e9ment en question non pas leur id\u00e9ologie (ils d\u00e9fendent la justice sociale et luttent contre les discriminations) mais la strat\u00e9gie.\u00a0\u00bb<br \/>\n\u00ab\u00a0A Podemos comme \u00e0 la France insoumise qui sont les deux cas prototypiques du populisme de gauche, on a abandonn\u00e9 la couleur rouge pour d\u2019autres couleurs, on a supprim\u00e9 l\u2019Internationale \u00e0 la fin des meetings pour la remplacer par de la musique populaire ou la Marseillaise, et on a fait un travail lexical et s\u00e9mantique qui visait \u00e0 retraduire le clivage gauche-droite mais aussi le clivage capital-travail dans un nouveau vocabulaire qui est celui du peuple qui s\u2019opposerait \u00e0 l\u2019oligarchie.\u00a0\u00bb<\/p>\n<p><em>\u00a0<strong>Sur la notion de peuple, ch\u00e8re au populisme<\/em>\u00a0<\/strong><br \/>\n\u00ab\u00a0Dans la conception des populismes de gauche, le peuple, c\u2019est d\u2019abord le demos au sens r\u00e9publicain du terme. Le peuple, c\u2019est un contrat de soci\u00e9t\u00e9 entre des individus et des groupes sociaux qui se battent pour les m\u00eames principes.\u00a0\u00bb<br \/>\n\u00ab\u00a0Il y a aussi la dimension sociale du peuple : le peuple comme pl\u00e8be, c\u2019est-\u00e0-dire les sans-chemise, les sans-dents, les humili\u00e9s.\u00a0\u00bb<br \/>\n\u00ab\u00a0Il y a aussi le peuple-nation, non pas au sens du peuple nationaliste ou du peuple race issu du racisme culturel de la droite, mais une nation civique.\u00a0\u00bb<br \/>\n\u00ab\u00a0Il y a cette id\u00e9e que l\u2019on est sorti d\u2019une p\u00e9riode historique qui a dur\u00e9 plus d\u2019un si\u00e8cle, celle de la lutte des classes, et que l\u2019on est entr\u00e9 d\u00e9sormais dans une nouvelle p\u00e9riode o\u00f9 il s\u2019agit de faire place \u00e0 un nouveau sujet historique : non plus la classe ouvri\u00e8re mais le peuple &#8211; qui la d\u00e9passe.\u00a0\u00bb<br \/>\n\u00ab\u00a0Le peuple n\u2019existe qu\u2019\u00e0 travers une construction symbolique de lui-m\u00eame.\u00a0\u00bb<\/p>\n<p><strong>\u00a0<em>Sur le score de Jean-Luc M\u00e9lenchon en 2017<\/em>\u00a0<\/strong><br \/>\n\u00ab\u00a0Quand on regarde l\u2019\u00e9lectorat de Jean-Luc M\u00e9lenchon en 2017, on voit qu\u2019il est all\u00e9 mordre dans toutes les franges de la gauche et de l\u2019extr\u00eame gauche.\u00a0\u00bb<br \/>\n\u00ab\u00a0Quand on regarde les discours de Jean-Luc M\u00e9lenchon, m\u00eame s\u2019il a supprim\u00e9 l\u2019Internationale, la faucille et le marteau, et le rouge, il reste plein de r\u00e9f\u00e9rences \u00e0 Marx, Jaur\u00e8s, \u00e0 la classe ouvri\u00e8re qu\u2019il cite souvent : c\u2019est un homme de gauche, il ne l\u2019a jamais cach\u00e9 ni reni\u00e9.\u00a0\u00bb<br \/>\n\u00ab\u00a0En 2017, apr\u00e8s Fran\u00e7ois Hollande, le label de gauche est largement d\u00e9mon\u00e9tis\u00e9. La gauche est d\u00e9sormais associ\u00e9e \u00e0 la d\u00e9ch\u00e9ance de nationalit\u00e9, \u00e0 la loi Travail et au CICE et de moins en moins de Fran\u00e7ais et de Fran\u00e7aises se reconnaissent de gauche. Si on veut ramener ces gens-l\u00e0 aux urnes, il faut trouver de nouvelles fa\u00e7ons de s\u2019y adresser.\u00a0\u00bb<br \/>\n\u00ab\u00a0La m\u00e9fiance vis-\u00e0-vis de la gauche se superpose \u00e0 celle des partis politiques.\u00a0Jean-Luc M\u00e9lenchon et ses strat\u00e8ges l\u2019ont compris et ils ont d\u00e9cid\u00e9 de remplacer le Parti de Gauche par un mouvement.\u00a0\u00bb<\/p>\n<p><em>\u00a0<strong>Sur le programme dans un perspective populiste<\/em>\u00a0<\/strong><br \/>\n\u00ab\u00a0Le programme de la France insoumise, l\u2019Avenir en Commun, est celui qui est le plus d\u00e9velopp\u00e9, le plus chiffr\u00e9, avec des propositions qui ne sortent pas exclusivement du cerveau de Jean-Luc M\u00e9lenchon mais, en amont, de consultations aupr\u00e8s d\u2019experts, d\u2019associations et d\u2019ONG et de sa base militante.\u00a0\u00bb<br \/>\n\u00ab\u00a0La France insoumise a r\u00e9habilit\u00e9 le genre programmatique qui \u00e9tait tomb\u00e9 en d\u00e9su\u00e9tude dans les autres partis politiques : jusqu\u2019\u00e0 deux mois avant l\u2019\u00e9lection pr\u00e9sidentielle de 2017, Emmanuel Macron pensait pouvoir s\u2019en passer.\u00a0\u00bb<br \/>\n\u00ab\u00a0Il y a une vraie volont\u00e9 de r\u00e9id\u00e9ologiser la politique et de r\u00e9insuffler du contenu.\u00a0\u00bb<\/p>\n<p><em>\u00a0<strong>Sur l&#8217;\u00e9volution de la France insoumise<\/em>\u00a0<\/strong><br \/>\n\u00ab\u00a0Il y a une contradiction \u00e0 la France insoumise et plus largement aux forces populistes de gauche : d&#8217;un c\u00f4t\u00e9, il y a un travail de fond sur l&#8217;aspect programmatique et id\u00e9ologique et, en m\u00eame temps, on n&#8217;en voit pas beaucoup les r\u00e9sultats. Ce n&#8217;est pas un hasard si les boug\u00e9s tactiques de la France insoumise correspondent aux boug\u00e9s de son leader. C&#8217;est un mouvement fortement personnalis\u00e9.\u00a0\u00bb<br \/>\n\u00ab\u00a0Le mouvement insoumis, en termes d&#8217;effectif militant, est tr\u00e8s li\u00e9 \u00e0 la campagne de 2017. On a entre 80 et 100.000 personnes qui ont vraiment milit\u00e9 sur le terrain. En 2018, on a \u00e0 peine 5 \u00e0 10.000 personnes. Pour une raison simple : la France insoumise n&#8217;a pas r\u00e9ussi \u00e0 s&#8217;ancrer territorialement et socialement. Je crois que cette volont\u00e9 n&#8217;a jamais eu lieu. Jean-Luc M\u00e9lenchon le dit comme \u00e7a : il ne voulait pas d&#8217;un mouvement avec des baronnies militantes et locales, qui pourraient venir faire de l&#8217;ombre au tribun. Il l&#8217;a connu en 2012 avec le Front de gauche et estime en avoir p\u00e2ti.\u00a0\u00bb<\/p>\n<p><em>\u00a0<strong>Sur le r\u00f4le de LFI dans \u00ab les points d&#8217;appui \u00e0 un processus d&#8217;\u00e9mancipation sociale \u00bb<\/em>\u00a0<\/strong><br \/>\n\u00ab\u00a0Les gauches ont toujours tent\u00e9 de s&#8217;appuyer sur les mobilisations sociales. Le PCF sur les mobilisations ouvri\u00e8res, les partis travaillistes sur la fonction publique, les partis \u00e9cologistes sont pr\u00e9c\u00e9d\u00e9s par de fortes mobilisations environnementales.\u00a0\u00bb<br \/>\n\u00ab\u00a0Pour les populistes de gauche aujourd&#8217;hui, la situation est ambivalente : quand on compare le programme de Podemos, Syriza ou celui de Bernie Sanders, et les revendications qu&#8217;on a vu appara\u00eetre dans les mobilisations qui les ont pr\u00e9c\u00e9d\u00e9s, on constate une forte congruence.\u00a0\u00bb \u00ab\u00a0Simplement, \u00e7a s&#8217;arr\u00eate l\u00e0. Il n&#8217;y a pas de relais militant. La France insoumise est peut-\u00eatre la force politique qui a fait part le plus rapidement de sa sympathie vis-\u00e0-vis des Gilets jaunes,\u00a0 est-ce que \u00e7a s&#8217;est traduit par une interp\u00e9n\u00e9tration entre les deux, par un r\u00e9sultat dans les urnes aux europ\u00e9ennes de 2019 ? Je ne crois pas.\u00a0\u00bb<br \/>\n\u00ab\u00a0La gauche radicale paye le fait que, depuis trois d\u00e9cennies, elle s&#8217;est coup\u00e9e de la soci\u00e9t\u00e9 et s&#8217;est \u00e9tatis\u00e9e de par ses \u00e9lus et ses financements publics.\u00a0\u00bb<\/p>\n<p><em>\u00a0<strong>Sur les concepts \u00ab patrie \u00bb, \u00ab ordre \u00bb et \u00ab souverainet\u00e9 nationale \u00bb<\/em>\u00a0<\/strong><br \/>\n\u00ab\u00a0Chez Robespierre, la d\u00e9fense de la nation est indissociable de la d\u00e9fense de la R\u00e9publique. On va retrouver \u00e7a avec la Commune de Paris.<br \/>\nAujourd&#8217;hui, ce sont plut\u00f4t des th\u00e8mes de droite.\u00a0\u00bb<br \/>\n\u00ab\u00a0Essayer d&#8217;aller r\u00e9cup\u00e9rer ces termes est un combat perdu d\u2019avance.&#8221;<br \/>\n\u00ab\u00a0La France insoumise ne parvient pas \u00e0 r\u00e9cup\u00e9rer des \u00e9lecteurs de Marine Le Pen, et \u00e7a va m\u00eame dans l&#8217;autre sens : petit \u00e0 petit, des voix, quelques centaines de milliers, vont de Jean-Luc M\u00e9lenchon \u00e0 l&#8217;extr\u00eame droite.\u00a0\u00bb<\/p>\n<p><em>\u00a0<strong>Sur la sociologie des insoumis<\/em>\u00a0<\/strong><br \/>\n\u00ab\u00a0Il y a une tr\u00e8s faible fid\u00e9lit\u00e9 des membres vis-\u00e0-vis du mouvement. C&#8217;est en lien avec les modalit\u00e9s d&#8217;adh\u00e9sion. Dans un parti, si vous adh\u00e9rez, il faut payer une cotisation, prendre sa carte, aller aux r\u00e9unions\u2026 \u00c0 la France insoumise, on s&#8217;inscrit gratuitement en trois clics sur Internet. On entre et on sort tr\u00e8s facilement.\u00a0\u00bb<br \/>\n\u00ab\u00a0Le fonctionnement interne est assez n\u00e9buleux. Les strat\u00e8ges ont organis\u00e9 la d\u00e9sorganisation du mouvement.\u00a0\u00bb<\/p>\n<p><em>\u00a0<strong>Sur la strat\u00e9gie populiste en 2022<\/em>\u00a0<\/strong><br \/>\n\u00ab\u00a0On est encore dans un mouvement populiste au sens o\u00f9 les \u00e9lites font s\u00e9cession et \u00e7a suscite des r\u00e9actions populaires massives. Mais est-on encore dans le cycle populiste qui s&#8217;est ouvert en 2014-2015 et qui a vu arriver Corbyn \u00e0 la t\u00eate du Labour,Tsipras en Gr\u00e8ce, Podemos, Sanders, M\u00e9lenchon ? Je crois qu&#8217;on est en bout de cycle.\u00a0\u00bb<br \/>\n\u00ab\u00a0M\u00e9lenchon 2022 est la derni\u00e8re cartouche de ce cycle populiste.<br \/>\nJe ne vois pas de changement majeur dans la strat\u00e9gie qu&#8217;il met en place pour la pr\u00e9sidentielle par rapport \u00e0 2017.\u00a0\u00bb<br \/>\n\u00ab\u00a0Est-ce que \u00e7a peut payer ? Le populisme de gauche, c&#8217;est des forces et des faiblesses. La principale force de LFI, c&#8217;est son leader. M\u00e9lenchon, de part sa virtuosit\u00e9 et ses ambigu\u00eft\u00e9s, arrive \u00e0 parler \u00e0 diff\u00e9rents segments de la population. C&#8217;est aussi la principale faiblesse du mouvement. Si d&#8217;ici six mois il a des soucis de sant\u00e9 ou des soucis judiciaires, derri\u00e8re c&#8217;est l&#8217;ensemble de son mouvement qui tombe avec lui.\u00a0\u00bb<div id='gallery-1' class='gallery galleryid-13162 gallery-columns-3 gallery-size-thumbnail'><figure class='gallery-item'>\n\t\t\t<div class='gallery-icon landscape'>\n\t\t\t\t<a href='https:\/\/archives.regards.fr\/wp-content\/uploads\/2021\/10\/capture_d_e_cran_2021-10-01_a_12-bd4.17.02.png'><img loading=\"lazy\" decoding=\"async\" width=\"150\" height=\"150\" src=\"https:\/\/archives.regards.fr\/wp-content\/uploads\/2021\/10\/capture_d_e_cran_2021-10-01_a_12-bd4.17.02-150x150.png\" class=\"attachment-thumbnail size-thumbnail\" alt=\"capture_d_e_cran_2021-10-01_a_12.17.02.png\" \/><\/a>\n\t\t\t<\/div><\/figure>\n\t\t<\/div>\n<\/p>\n","protected":false},"excerpt":{"rendered":"<p>O\u00f9 en est-on du populisme de gauche ? Quelle r\u00e9alit\u00e9 mat\u00e9rielle le concept a-t-il jamais eue ? Manuel Cervera-Marzal, sociologue et auteur de <em>Le populisme de gauche &#8211; Sociologie de la France insoumise<\/em>, est l&#8217;invit\u00e9 de #LaMidinale.<\/p>\n","protected":false},"author":1204,"featured_media":31004,"comment_status":"open","ping_status":"open","sticky":false,"template":"","format":"standard","meta":{"_themeisle_gutenberg_block_has_review":false,"footnotes":""},"categories":[238],"tags":[293,515],"class_list":["post-13162","post","type-post","status-publish","format-standard","has-post-thumbnail","hentry","category-la-midinale","tag-entretien","tag-presidentielle-2022"],"_links":{"self":[{"href":"https:\/\/archives.regards.fr\/index.php?rest_route=\/wp\/v2\/posts\/13162","targetHints":{"allow":["GET"]}}],"collection":[{"href":"https:\/\/archives.regards.fr\/index.php?rest_route=\/wp\/v2\/posts"}],"about":[{"href":"https:\/\/archives.regards.fr\/index.php?rest_route=\/wp\/v2\/types\/post"}],"author":[{"embeddable":true,"href":"https:\/\/archives.regards.fr\/index.php?rest_route=\/wp\/v2\/users\/1204"}],"replies":[{"embeddable":true,"href":"https:\/\/archives.regards.fr\/index.php?rest_route=%2Fwp%2Fv2%2Fcomments&post=13162"}],"version-history":[{"count":0,"href":"https:\/\/archives.regards.fr\/index.php?rest_route=\/wp\/v2\/posts\/13162\/revisions"}],"wp:featuredmedia":[{"embeddable":true,"href":"https:\/\/archives.regards.fr\/index.php?rest_route=\/wp\/v2\/media\/31004"}],"wp:attachment":[{"href":"https:\/\/archives.regards.fr\/index.php?rest_route=%2Fwp%2Fv2%2Fmedia&parent=13162"}],"wp:term":[{"taxonomy":"category","embeddable":true,"href":"https:\/\/archives.regards.fr\/index.php?rest_route=%2Fwp%2Fv2%2Fcategories&post=13162"},{"taxonomy":"post_tag","embeddable":true,"href":"https:\/\/archives.regards.fr\/index.php?rest_route=%2Fwp%2Fv2%2Ftags&post=13162"}],"curies":[{"name":"wp","href":"https:\/\/api.w.org\/{rel}","templated":true}]}}