{"id":13160,"date":"2021-09-30T11:58:11","date_gmt":"2021-09-30T09:58:11","guid":{"rendered":"https:\/\/wp.muchomaas.com\/article-david-cormand-eelv-anne-hidalgo-se-dit-ecologiste-alors-qu-elle-ne-l-est-pas\/"},"modified":"2023-06-24T00:20:21","modified_gmt":"2023-06-23T22:20:21","slug":"article-david-cormand-eelv-anne-hidalgo-se-dit-ecologiste-alors-qu-elle-ne-l-est-pas","status":"publish","type":"post","link":"https:\/\/archives.regards.fr\/?p=13160","title":{"rendered":"David Cormand (EELV) : \u00ab Anne Hidalgo se dit \u00e9cologiste alors qu\u2019elle ne l\u2019est pas vraiment \u00bb"},"content":{"rendered":"<p class=\"post_excerpt\">Les rousseauistes et les jadotiens peuvent-ils se rassembler et mener campagne ensemble dans la perspective de l\u2019\u00e9lection pr\u00e9sidentielle ? David Cormand, d\u00e9put\u00e9 europ\u00e9en EELV, est l\u2019invit\u00e9 de #LaMidinale.<\/p>\n<h2>UNE MIDINALE \u00c0 VOIR&#8230;<\/h2>\n<p><iframe loading=\"lazy\" width=\"490\" height=\"276\" src=\"https:\/\/www.youtube.com\/embed\/Vjhycf9L3Ds\" title=\"YouTube video player\" frameborder=\"0\" allow=\"accelerometer; autoplay; clipboard-write; encrypted-media; gyroscope; picture-in-picture\" allowfullscreen><\/iframe><\/p>\n<p>&nbsp;<\/p>\n<p><h2>\u00c0 \u00c9COUTER&#8230;<\/h2>\n<p><strong>>><\/strong> <em><a href=\"https:\/\/open.spotify.com\/episode\/2wNCNDEsVDfrnztDCCtPnq\">sur Spotify<\/a><\/em><\/p>\n<p>&nbsp;<\/p>\n<p><h2>ET \u00c0 LIRE&#8230;<\/h2>\n<p><em> <strong>Sur la division du p\u00f4le \u00e9cologique<\/strong> <\/em><br \/>\n\u00ab Non, le p\u00f4le \u00e9cologiste n\u2019est pas divis\u00e9. Au contraire. \u00bb<br \/>\n\u00ab Au premier, comme au second tour de la primaire, les r\u00e9sultats \u00e9taient tr\u00e8s serr\u00e9s. Il y a quatre quarts qui ne sont pas des visions diff\u00e9rentes de l\u2019\u00e9cologie et qui r\u00e9v\u00e8lent des parcours et des chemins diff\u00e9rents qui m\u00e8nent \u00e0 l\u2019\u00e9cologie. \u00bb<br \/>\n\u00ab Il y a mille chemins qui m\u00e8nent \u00e0 l\u2019\u00e9cologie. \u00bb<br \/>\n\u00ab Il n\u2019y a pas de familles irr\u00e9conciliables chez les \u00e9cologistes. \u00bb<br \/>\n\u00ab Je suis rassur\u00e9 qu\u2019il y ait un \u00e9quilibre politique chez les \u00e9cologistes. \u00bb<br \/>\n\u00ab Nous devons tenir compte des diff\u00e9rents cheminements qui m\u00e8nent \u00e0 l\u2019\u00e9cologie et c\u2019est le r\u00f4le de Yannick Jadot de parvenir \u00e0 le faire. \u00bb<br \/>\n\u00ab Je n\u2019ai pas vu de diff\u00e9rences fondamentales entre les diff\u00e9rents candidats \u00e0 la primaire. \u00bb<\/p>\n<p><em> <strong>Sur la radicalit\u00e9<\/strong> <\/em><br \/>\n\u00ab Je n\u2019aime pas le mot radical. Ce mot, pris isol\u00e9ment, ne dit rien et n\u2019est pas \u00e9clairant d\u2019un point de vue politique. Je m\u2019en m\u00e9fie. \u00bb<br \/>\n\u00ab Je porte une radicalit\u00e9 et nous portons une radicalit\u00e9 \u00e9cologique qui n\u2019est pas la m\u00eame que la radicalit\u00e9 de gauche marxiste &#8211; qui n\u2019a pas remis en question la question du productivisme, du rapport au travail ou de la consommation. \u00bb<br \/>\n\u00ab L\u2019\u00e9cologie politique est un projet politique radical. Et \u00e0 beaucoup de points de vue, Yannick Jadot porte cela. \u00bb<br \/>\n\u00ab Dans la fa\u00e7on dont parle Yannick Jadot &#8211; et \u00e7a n\u2019est pas spontan\u00e9ment ma tasse de th\u00e9 &#8211; il a le souci de dire qu\u2019il est \u00e9cologiste tout en rassurant ceux qui ne le sont pas. \u00bb<br \/>\n\u00ab C\u2019est plus dans la fa\u00e7on de raconter le r\u00e9cit qu\u2019il y a une diff\u00e9rence. \u00bb<br \/>\n\u00ab Celle qui portait le projet le plus radical, c\u2019est Delphine Batho. Les autres \u00e9taient plut\u00f4t convergents sur la plupart des sujets. \u00bb<\/p>\n<p><em> <strong>Sur le rassemblement des \u00e9cologistes<\/strong> <\/em><br \/>\n\u00ab J\u2019\u00e9tais d\u00e9favorable \u00e0 l\u2019id\u00e9e de participer \u00e0 la manifestation &#8211; \u00e0 l\u2019appel des syndicats de police &#8211; \u00e0 laquelle a particip\u00e9 Yannick Jadot, ou m\u00eame Delphine Batho (\u2026). Pour autant, c\u2019est pas parce qu\u2019ils \u00e9taient \u00e0 cette manifestation qu\u2019ils sont racistes. \u00bb<br \/>\n\u00ab La participation au deuxi\u00e8me tour est la m\u00eame qu\u2019au deuxi\u00e8me tour. \u00c7a veut dire que toutes les personnes qui avaient fait un autre choix que les finalistes se sentent quand m\u00eame int\u00e9gr\u00e9s \u00e0 cette famille \u00e9colo. \u00bb<br \/>\n\u00ab Parce que cette primaire s\u2019est bien pass\u00e9e, je pense que la grande majorit\u00e9 des personnes qui ont particip\u00e9 continueront l\u2019aventure avec nous &#8211; sauf pour ceux qui se sont inscrits juste pour faire un vote tactique mais ils sont minoritaires. \u00bb<\/p>\n<p><em> <strong>Sur l\u2019absence de dynamique de Jadot<\/strong> <\/em><br \/>\n\u00ab Il y a un inconscient collectif spontan\u00e9 chez les \u00e9colos. \u00bb<br \/>\n\u00ab Les \u00e9cologistes ont un rapport au pouvoir o\u00f9 il n\u2019y a pas d\u2019homme providentiel. On ne se livre pas \u00e0 un homme sous pr\u00e9texte qu\u2019elle est la plus connue, la plus m\u00e9diatique, la plus attendue. C\u2019est parfois d\u00e9crit comme de l\u2019immaturit\u00e9. Je trouve au contraire que \u00e7a rel\u00e8ve d\u2019une tr\u00e8s grande maturit\u00e9 politique et du rapport au pouvoir. \u00bb<br \/>\n\u00ab Le fait que le favori ait gagn\u00e9 est pr\u00e9cis\u00e9ment la surprise. \u00bb<\/p>\n<p><em> <strong>Sur la division \u00e0 gauche et chez les \u00e9cologistes<\/strong> <\/em><br \/>\n\u00ab Il y a beaucoup de candidats issus du Parti socialiste sur la ligne de d\u00e9part \u00e0 l\u2019\u00e9lection pr\u00e9sidentielle. \u00bb<br \/>\n\u00ab La d\u00e9composition du PS avant hier et ce qu\u2019est devenue la social-d\u00e9mocratie hier, n\u2019est pas la faute des \u00e9cologistes. Nous, au contraire, nous apportons des \u00e9l\u00e9ments de clart\u00e9 dans le d\u00e9bat politique. \u00bb<br \/>\n\u00ab Je ne veux pas que les \u00e9cologistes soient comme attir\u00e9s dans cette esp\u00e8ce de bocal d\u2019escargots d\u2019une fin de cycle politique qu\u2019est la fin de la gauche d\u2019inspiration marxiste, et notamment de la fin de la social-d\u00e9mocratie. \u00bb<br \/>\n\u00ab Nous avons compris avant les autres que la question \u00e9cologique \u00e9tait centrale, y compris pour red\u00e9finir les rapports de force sociaux et l\u2019enjeu d\u00e9mocratique. \u00bb<br \/>\n\u00ab L\u2019\u00e9cologie n\u2019est pas un probl\u00e8me par rapport \u00e0 un d\u00e9bouch\u00e9 politique, c\u2019est plut\u00f4t une solution. \u00bb<\/p>\n<p><em> <strong>Sur les candidats dits \u00ab \u00e9cologistes \u00bb \u00e0 gauche<\/strong> <\/em><br \/>\n\u00ab Quand j\u2019\u00e9coute Anne Hidalgo, je ne comprends pas ce qu\u2019elle propose. Elle a un langage m\u00e9canique, d\u2019\u00e9l\u00e9ments de langage. Je ne comprends pas sa vision et la bifurcation qu\u2019elle veut faire. \u00bb<br \/>\n\u00ab \u00c0 Paris, il y a plein de sujets sur lesquels nous sommes en d\u00e9saccords. \u00bb<br \/>\n\u00ab Je ne vois pas la plus-value \u00e9cologique d\u2019Anne Hidalgo. \u00bb<br \/>\n\u00ab On est dans une situation curieuse o\u00f9 la candidate du PS, uniquement soutenue par le PS, ne dit jamais qu\u2019elle est socialiste. Elle se dit \u00e9cologiste alors qu\u2019elle ne l\u2019est pas vraiment. \u00bb<br \/>\n\u00ab Nous ne partageons pas la m\u00eame histoire politique que celle de Jean-Luc M\u00e9lenchon. \u00bb<br \/>\n\u00ab Il y a des diff\u00e9rences et c\u2019est tant mieux. \u00bb<br \/>\n\u00ab Plus les gens parlent d\u2019\u00e9cologie, plus je suis satisfait. \u00bb<br \/>\n\u00ab Je ne crois pas \u00e0 l\u2019injonction unitaire. L\u2019unit\u00e9 est la cons\u00e9quence d\u2019un cheminement politique, elle n\u2019est pas un pr\u00e9alable. \u00bb<\/p>\n<p><em> <strong>Sur le d\u00e9sistement possible d\u2019Hidalgo pour Jadot<\/strong> <\/em><br \/>\n\u00ab \u00c7a ne me d\u00e9range pas que le PS souhaite avoir un candidat. \u00bb<br \/>\n\u00ab Je ne demande rien aux socialistes. \u00bb<br \/>\n\u00ab En 2017, nous avions fait voter de fa\u00e7on tr\u00e8s d\u00e9mocratique l\u2019ensemble des participants \u00e0 la primaire de l\u2019\u00e9poque pour valider le choix de Beno\u00eet Hamon [Cf. D\u00e9sistement de Jadot]. \u00bb<\/p>\n<p><em> <strong>Sur l\u2019Europe de Yannick Jadot<\/strong> <\/em><br \/>\n\u00ab L\u2019Union europ\u00e9enne est \u00e0 la fois l\u2019\u00e9chelon et la perspective qui permet &#8211; y compris \u00e0 la France &#8211; de pouvoir assumer une r\u00e9elle souverainet\u00e9 et c\u2019est aussi un obstacle \u00e0 un certain nombre de politiques pas tant du fait des trait\u00e9s que du fait des Etats-Nation. \u00bb<br \/>\n\u00ab Au niveau du Parlement europ\u00e9en, on arrive \u00e0 avoir des coalitions qui vont du groupe de la GUE, c\u2019est-\u00e0-dire LFI, au PPE, c\u2019est-\u00e0-dire LR, pour demander un plan de relance \u00e0 2000 milliards d\u2019euros. C\u2019est les Etats-Nations qui ont dit que nous allions faire un plan de relance \u00e0 750 milliards d\u2019euros. La m\u00eame coalition dit qu\u2019il faut la taxe sur les transactions financi\u00e8res. Ce sont les Etats-Nations qui bloquent. \u00bb<br \/>\n\u00ab L\u2019Union europ\u00e9enne est une d\u00e9mocratie inachev\u00e9e. Est-ce que sous pr\u00e9texte qu\u2019elle est inachev\u00e9e il faut la saborder, je ne le crois pas. \u00bb<br \/>\n\u00ab Si on veut peser \u00e0 l\u2019\u00e9chelle mondiale, le relais europ\u00e9en est d\u00e9cisif &#8211; on l\u2019a vu avec l\u2019histoire des sous-marins m\u00eame si \u00e7a n\u2019est pas ma came. \u00bb<br \/>\n\u00ab Si on veut renoncer \u00e0 cette esp\u00e8ce de conception souverainiste-imp\u00e9rialiste de la France, il faut s\u2019appuyer sur un \u00e9chelon qu\u2019est l\u2019Union europ\u00e9enne et qui nourrirait un imaginaire qui n\u2019est pas un imaginaire imp\u00e9rialiste. \u00bb<br \/>\n\u00ab La bonne connaissance qu\u2019a Yannick Jadot de l\u2019\u00e9chelon europ\u00e9en, des rapports de force, les contacts qu\u2019il a nou\u00e9 en tant que d\u00e9put\u00e9 europ\u00e9en, est un point fort parmi d\u2019autres dont il dispose. \u00bb<div id='gallery-1' class='gallery galleryid-13160 gallery-columns-3 gallery-size-thumbnail'><figure class='gallery-item'>\n\t\t\t<div class='gallery-icon landscape'>\n\t\t\t\t<a href='https:\/\/archives.regards.fr\/wp-content\/uploads\/2021\/09\/screenshot_2021-09-30_11-280.55.34.png'><img loading=\"lazy\" decoding=\"async\" width=\"150\" height=\"150\" src=\"https:\/\/archives.regards.fr\/wp-content\/uploads\/2021\/09\/screenshot_2021-09-30_11-280.55.34-150x150.png\" class=\"attachment-thumbnail size-thumbnail\" alt=\"screenshot_2021-09-30_11.55.34.png\" \/><\/a>\n\t\t\t<\/div><\/figure>\n\t\t<\/div>\n<\/p>\n","protected":false},"excerpt":{"rendered":"<p>Les rousseauistes et les jadotiens peuvent-ils se rassembler et mener campagne ensemble dans la perspective de l\u2019\u00e9lection pr\u00e9sidentielle ? David Cormand, d\u00e9put\u00e9 europ\u00e9en EELV, est l\u2019invit\u00e9 de #LaMidinale.<\/p>\n","protected":false},"author":1204,"featured_media":30999,"comment_status":"open","ping_status":"open","sticky":false,"template":"","format":"standard","meta":{"_themeisle_gutenberg_block_has_review":false,"footnotes":""},"categories":[238],"tags":[293,515],"class_list":["post-13160","post","type-post","status-publish","format-standard","has-post-thumbnail","hentry","category-la-midinale","tag-entretien","tag-presidentielle-2022"],"_links":{"self":[{"href":"https:\/\/archives.regards.fr\/index.php?rest_route=\/wp\/v2\/posts\/13160","targetHints":{"allow":["GET"]}}],"collection":[{"href":"https:\/\/archives.regards.fr\/index.php?rest_route=\/wp\/v2\/posts"}],"about":[{"href":"https:\/\/archives.regards.fr\/index.php?rest_route=\/wp\/v2\/types\/post"}],"author":[{"embeddable":true,"href":"https:\/\/archives.regards.fr\/index.php?rest_route=\/wp\/v2\/users\/1204"}],"replies":[{"embeddable":true,"href":"https:\/\/archives.regards.fr\/index.php?rest_route=%2Fwp%2Fv2%2Fcomments&post=13160"}],"version-history":[{"count":0,"href":"https:\/\/archives.regards.fr\/index.php?rest_route=\/wp\/v2\/posts\/13160\/revisions"}],"wp:featuredmedia":[{"embeddable":true,"href":"https:\/\/archives.regards.fr\/index.php?rest_route=\/wp\/v2\/media\/30999"}],"wp:attachment":[{"href":"https:\/\/archives.regards.fr\/index.php?rest_route=%2Fwp%2Fv2%2Fmedia&parent=13160"}],"wp:term":[{"taxonomy":"category","embeddable":true,"href":"https:\/\/archives.regards.fr\/index.php?rest_route=%2Fwp%2Fv2%2Fcategories&post=13160"},{"taxonomy":"post_tag","embeddable":true,"href":"https:\/\/archives.regards.fr\/index.php?rest_route=%2Fwp%2Fv2%2Ftags&post=13160"}],"curies":[{"name":"wp","href":"https:\/\/api.w.org\/{rel}","templated":true}]}}