{"id":13159,"date":"2021-09-29T12:33:09","date_gmt":"2021-09-29T10:33:09","guid":{"rendered":"https:\/\/wp.muchomaas.com\/article-la-hausse-brutale-du-prix-de-l-electricite-vient-du-caractere-europeen-de-ce\/"},"modified":"2023-06-24T00:20:20","modified_gmt":"2023-06-23T22:20:20","slug":"article-la-hausse-brutale-du-prix-de-l-electricite-vient-du-caractere-europeen-de-ce","status":"publish","type":"post","link":"https:\/\/archives.regards.fr\/?p=13159","title":{"rendered":"\u00ab La hausse brutale du prix de l&#8217;\u00e9lectricit\u00e9 vient du caract\u00e8re europ\u00e9en de ce march\u00e9 \u00bb"},"content":{"rendered":"<p class=\"post_excerpt\">Malgr\u00e9 le peu de sources fossiles dans la production d&#8217;\u00e9nergie fran\u00e7aise, l&#8217;augmentation du prix du gaz a un impact sur la facture d&#8217;\u00e9lectricit\u00e9 des m\u00e9nages. Pourquoi ? La r\u00e9ponse avec Nicolas Goldberg, Senior Manager Energie chez Columbus Consulting. Il est l&#8217;invit\u00e9 de #LaMidinale.<\/p>\n<h2>UNE MIDINALE \u00c0 VOIR&#8230;<\/h2>\n<p><iframe loading=\"lazy\" width=\"490\" height=\"276\" src=\"https:\/\/www.youtube.com\/embed\/oDKM2b1jhmI\" title=\"YouTube video player\" frameborder=\"0\" allow=\"accelerometer; autoplay; clipboard-write; encrypted-media; gyroscope; picture-in-picture\" allowfullscreen><\/iframe><\/p>\n<p>&nbsp;<\/p>\n<p><h2>ET \u00c0 LIRE&#8230;<\/h2>\n<p><em> <strong>Sur la hausse des prix du gaz et de l\u2019\u00e9lectricit\u00e9<\/strong> <\/em><br \/>\n\u00ab La hausse des prix de l\u2019\u00e9lectricit\u00e9 et du gaz est brutale. \u00bb<br \/>\n\u00ab Concernant l\u2019aspect structurel de cette hausse, on ne peut oublier le r\u00f4le du changement climatique. Depuis de nombreuses ann\u00e9es, on a augment\u00e9 le co\u00fbt \u00e0 la tonne de CO2 \u00e9mise. On est aujourd\u2019hui \u00e0 60 euros la tonne \u00e9mise donc forc\u00e9ment, cela a des r\u00e9percussions sur le prix du gaz &#8211; puisque c\u2019est un combustible fossile. \u00bb<br \/>\n\u00ab Concernant l\u2019aspect conjoncturel, il y a la reprise \u00e9conomique et la concurrence que se livrent entre eux les diff\u00e9rents continents pour avoir acc\u00e8s \u00e0 ce gaz fossile. Et les m\u00e9thaniers ont plut\u00f4t aujourd\u2019hui comme destination l\u2019Asie que l\u2019Europe. \u00bb<br \/>\n\u00ab En France, on se dit souvent que l\u2019\u00e9lectricit\u00e9, ce n\u2019est que du nucl\u00e9aire et de l\u2019hydraulique donc c\u2019est bien parce que c\u2019est 100% d\u00e9carbon\u00e9. Mais en r\u00e9alit\u00e9, on n\u2019y est pas encore : on a un peu de gaz en France mais surtout, on en a beaucoup en Europe. Beaucoup de centrales \u00e0 gaz sont utilis\u00e9es en Europe pour faire de l\u2019\u00e9lectricit\u00e9. \u00bb<br \/>\n\u00ab Le march\u00e9 de l\u2019\u00e9lectricit\u00e9 est europ\u00e9en : il y a beaucoup d\u2019interconnexions parce que \u00e7a permet de mutualiser les investissements et de mieux partager les \u00e9nergies renouvelables (par exemple, quand il n\u2019y a pas de vent quelque part, il y en a peut-\u00eatre ailleurs\u2026). \u00bb<br \/>\n\u00ab Les prix de l\u2019\u00e9lectricit\u00e9 sont fix\u00e9s en fonction de la derni\u00e8re centrale que l\u2019on a appel\u00e9e apr\u00e8s que les autres sources renouvelables ont \u00e9t\u00e9 \u00e9puis\u00e9es. \u00bb<\/p>\n<p><em> <strong>Sur les leviers pour limiter cette hausse des prix du gaz et de l\u2019\u00e9lectricit\u00e9<\/strong> <\/em><br \/>\n\u00ab Dans ce qu\u2019on paie en gaz ou en \u00e9lectricit\u00e9, il y a en g\u00e9n\u00e9ral un tiers de taxes (TVA, ICFE, CTA\u2026). Pour limiter la hausse du prix, on peut donc baisser ces taxes &#8211; ce qui a \u00e9t\u00e9 exclu par le gouvernement \u00e0 ce stade. \u00bb<br \/>\n\u00ab On pourrait aussi imposer \u00e0 EDF une r\u00e9gulation du prix de vente de son \u00e9nergie nucl\u00e9aire. Aujourd\u2019hui, d\u2019ores et d\u00e9j\u00e0, EDF doit vendre un quart de son \u00e9nergie nucl\u00e9aire \u00e0 42 euros &#8211; contre 120 euros sur le march\u00e9. \u00bb<br \/>\n\u00ab Si on veut relever le d\u00e9fi climatique dans des conditions socialement acceptables, on a surtout besoin de plus de r\u00e9gulation et d\u2019investissements colossaux \u00e0 faire dans des moyens de production d\u2019\u00e9nergie bas carbone, soit \u00e9nergies renouvelables, soit nucl\u00e9aire, soit les deux, faits \u00e0 un niveau national ou europ\u00e9en. \u00bb<\/p>\n<p><em> <strong>Sur les cons\u00e9quences de la mise en concurrence de l\u2019\u00e9nergie<\/strong> <\/em><br \/>\n\u00ab Quand on a voulu ouvrir le march\u00e9 de l\u2019\u00e9lectricit\u00e9 et faire \u00e9merger une concurrence en cassant les monopoles, on a cass\u00e9 aussi EDF. \u00bb<br \/>\n\u00ab Sur ceux qui envoient la facture, il y a effectivement une grosse concurrence. Mais sur la production, il y a tr\u00e8s peu de concurrence : c\u2019est EDF qui assure la tr\u00e8s grande majorit\u00e9 de la production. \u00bb<br \/>\n\u00ab Le march\u00e9 ne pourra jamais se dire qu\u2019il va faire des investissements sur 30 ans qui tiennent compte du changement climatique : on a besoin d\u2019un pilotage d\u2019Etat et de l\u2019Europe. \u00bb<br \/>\n\u00ab Les \u00e9nergies renouvelables et l\u2019\u00e9nergie nucl\u00e9aire sont des \u00e9nergies qui fonctionnent \u00e0 co\u00fbts fixes, m\u00eame s\u2019il y a des co\u00fbts de maintenance et des co\u00fbts de mati\u00e8res premi\u00e8res mais tr\u00e8s faibles. \u00bb<br \/>\n\u00ab Plus on d\u00e9ploiera de moyens de production d\u2019\u00e9lectricit\u00e9 bas carbone, plus on va manger sur la part des fossiles qui reste gargantuesque aujourd\u2019hui et donc plus on pourra entretenir une baisse des march\u00e9s. Mais sans r\u00e9gulation, on risque d\u2019avoir des yoyos. \u00bb<div id='gallery-1' class='gallery galleryid-13159 gallery-columns-3 gallery-size-thumbnail'><figure class='gallery-item'>\n\t\t\t<div class='gallery-icon landscape'>\n\t\t\t\t<a href='https:\/\/archives.regards.fr\/wp-content\/uploads\/2021\/09\/screenshot_2021-09-29_12-9cd.28.38.png'><img loading=\"lazy\" decoding=\"async\" width=\"150\" height=\"150\" src=\"https:\/\/archives.regards.fr\/wp-content\/uploads\/2021\/09\/screenshot_2021-09-29_12-9cd.28.38-150x150.png\" class=\"attachment-thumbnail size-thumbnail\" alt=\"screenshot_2021-09-29_12.28.38.png\" \/><\/a>\n\t\t\t<\/div><\/figure>\n\t\t<\/div>\n<\/p>\n","protected":false},"excerpt":{"rendered":"<p>Malgr\u00e9 le peu de sources fossiles dans la production d&#8217;\u00e9nergie fran\u00e7aise, l&#8217;augmentation du prix du gaz a un impact sur la facture d&#8217;\u00e9lectricit\u00e9 des m\u00e9nages. Pourquoi ? La r\u00e9ponse avec Nicolas Goldberg, Senior Manager Energie chez Columbus Consulting. Il est l&#8217;invit\u00e9 de #LaMidinale.<\/p>\n","protected":false},"author":1204,"featured_media":30997,"comment_status":"open","ping_status":"open","sticky":false,"template":"","format":"standard","meta":{"_themeisle_gutenberg_block_has_review":false,"footnotes":""},"categories":[238],"tags":[293],"class_list":["post-13159","post","type-post","status-publish","format-standard","has-post-thumbnail","hentry","category-la-midinale","tag-entretien"],"_links":{"self":[{"href":"https:\/\/archives.regards.fr\/index.php?rest_route=\/wp\/v2\/posts\/13159","targetHints":{"allow":["GET"]}}],"collection":[{"href":"https:\/\/archives.regards.fr\/index.php?rest_route=\/wp\/v2\/posts"}],"about":[{"href":"https:\/\/archives.regards.fr\/index.php?rest_route=\/wp\/v2\/types\/post"}],"author":[{"embeddable":true,"href":"https:\/\/archives.regards.fr\/index.php?rest_route=\/wp\/v2\/users\/1204"}],"replies":[{"embeddable":true,"href":"https:\/\/archives.regards.fr\/index.php?rest_route=%2Fwp%2Fv2%2Fcomments&post=13159"}],"version-history":[{"count":0,"href":"https:\/\/archives.regards.fr\/index.php?rest_route=\/wp\/v2\/posts\/13159\/revisions"}],"wp:featuredmedia":[{"embeddable":true,"href":"https:\/\/archives.regards.fr\/index.php?rest_route=\/wp\/v2\/media\/30997"}],"wp:attachment":[{"href":"https:\/\/archives.regards.fr\/index.php?rest_route=%2Fwp%2Fv2%2Fmedia&parent=13159"}],"wp:term":[{"taxonomy":"category","embeddable":true,"href":"https:\/\/archives.regards.fr\/index.php?rest_route=%2Fwp%2Fv2%2Fcategories&post=13159"},{"taxonomy":"post_tag","embeddable":true,"href":"https:\/\/archives.regards.fr\/index.php?rest_route=%2Fwp%2Fv2%2Ftags&post=13159"}],"curies":[{"name":"wp","href":"https:\/\/api.w.org\/{rel}","templated":true}]}}