{"id":13156,"date":"2021-09-28T13:00:26","date_gmt":"2021-09-28T11:00:26","guid":{"rendered":"https:\/\/wp.muchomaas.com\/article-l-oeuvre-de-christo-et-jeanne-claude-est-une-experience-qu-on-se-prend-en\/"},"modified":"2023-06-24T00:20:14","modified_gmt":"2023-06-23T22:20:14","slug":"article-l-oeuvre-de-christo-et-jeanne-claude-est-une-experience-qu-on-se-prend-en","status":"publish","type":"post","link":"https:\/\/archives.regards.fr\/?p=13156","title":{"rendered":"\u00ab L\u2019oeuvre de Christo et Jeanne-Claude est une exp\u00e9rience qu&#8217;on se prend en pleine gueule \u00bb"},"content":{"rendered":"<p class=\"post_excerpt\">L&#8217;emballage de l&#8217;Arc-de-Triomphe par le couple d&#8217;artistes a fait couler beaucoup d&#8217;encre et g\u00e9n\u00e9r\u00e9 moult pol\u00e9miques. Manue Mallet, artiste-artisane, est l&#8217;invit\u00e9e de #LaMidinale.<\/p>\n<h2>UNE MIDINALE \u00c0 VOIR&#8230;<\/h2>\n<p><iframe loading=\"lazy\" width=\"490\" height=\"276\" src=\"https:\/\/www.youtube.com\/embed\/ZjNkPQSb7rw\" title=\"YouTube video player\" frameborder=\"0\" allow=\"accelerometer; autoplay; clipboard-write; encrypted-media; gyroscope; picture-in-picture\" allowfullscreen><\/iframe><\/p>\n<p>&nbsp;<\/p>\n<p><h2>\u00c0 \u00c9COUTER&#8230;<\/h2>\n<p><strong>>><\/strong> <em><a href=\"https:\/\/open.spotify.com\/episode\/6oimx7kZsdU0LLYYF0w7mw?si=WEBZVQ51QRi8Ms-xf6rkjg&#038;dl_branch=1\">sur Spotify<\/a><\/em><\/p>\n<p>&nbsp;<\/p>\n<p><h2>&#8230;ET A LIRE<\/h2>\n<p><em>\u00a0<strong>Sur la question du beau<\/em>\u00a0<\/strong><br \/>\n\u00ab La question du beau en art a \u00e9t\u00e9 \u00e9lud\u00e9e depuis la fin du XIXe si\u00e8cle. \u00bb<br \/>\n\u00ab On a tous conscience que le beau est une question de go\u00fbt personnel et d\u2019appr\u00e9ciation selon la connaissance que l\u2019on a et de \u00e0 quoi on est confront\u00e9. \u00bb<\/p>\n<p><em>\u00a0<strong>Sur l&#8217;oeuvre de Christo et Jeanne-Claude<\/em>\u00a0<\/strong><br \/>\n\u00ab Le principe simple de l\u2019oeuvre de Christo et Jeanne-Claude, c\u2019est le cachet qu\u2019ils veulent d\u00e9voiler. Comme dans le baroque : on voit plus dans la p\u00e9nombre que dans la pleine lumi\u00e8re. \u00bb<br \/>\n\u00ab Il y a le tissu qui bouge, le travail avec la lumi\u00e8re\u2026 C\u2019est une oeuvre \u00e0 voir in situ. \u00bb<br \/>\n\u00ab Dans les \u0153uvres de Christo et Jeanne-Claude, le travail pr\u00e9paratoire est tr\u00e8s important : le dessin, les photomontages\u2026 \u00bb<br \/>\n\u00ab Il faut expliquer et faire de la p\u00e9dagogie. \u00bb<br \/>\n\u00ab Ce qui est int\u00e9ressant avec le travail de Christo et Jeanne-Claude, c\u2019est qu\u2019il est dans l\u2019espace public et gratuit : tout le monde peut aller s\u2019y confronter. \u00bb<\/p>\n<p><em>\u00a0<strong>Sur l&#8217;art contemporain<\/em>\u00a0<\/strong><br \/>\n\u00ab L\u2019art contemporain est un mauvais terme en soir : c\u2019est l\u2019art que l\u2019on fait aujourd\u2019hui. \u00bb<br \/>\n\u00ab Il y a un d\u00e9bat qui existe depuis une trentaine d\u2019ann\u00e9es sur l\u2019art contemporain, initi\u00e9 par Jean Clerc et repris dans la revue fasciste Crisis : contre la gauche caviar \u00e9litiste, il faut un art populaire. \u00bb<br \/>\n\u00ab Pour se sentir proche du peuple, les r\u00e9actionnaires estiment que l\u2019art contemporain est un art bourgeois. Alors que l\u2019art conceptuel, c\u2019est un art de proximit\u00e9 par essence. \u00bb<\/p>\n<p><em>\u00a0<strong>Sur le caract\u00e8re monumental et populaire des oeuvres de Christo et Jeanne-Claude<\/em>\u00a0<\/strong><br \/>\n\u00ab Le principe de l\u2019art monumental, c\u2019est qu\u2019on le prend en pleine gueule : il y a donc un rapport \u00e0 la sensation et au corps. \u00bb<br \/>\n\u00ab Le probl\u00e8me, c\u2019est qu\u2019il n\u2019y a pas assez d\u2019encouragements \u00e0 voir l\u2019oeuvre de Christo et Jeanne-Claude comme un art d\u2019exp\u00e9rience. \u00bb<div id='gallery-1' class='gallery galleryid-13156 gallery-columns-3 gallery-size-thumbnail'><figure class='gallery-item'>\n\t\t\t<div class='gallery-icon landscape'>\n\t\t\t\t<a href='https:\/\/archives.regards.fr\/wp-content\/uploads\/2021\/09\/capture_d_e_cran_2021-09-28_a_12-879.20.33.png'><img loading=\"lazy\" decoding=\"async\" width=\"150\" height=\"150\" src=\"https:\/\/archives.regards.fr\/wp-content\/uploads\/2021\/09\/capture_d_e_cran_2021-09-28_a_12-879.20.33-150x150.png\" class=\"attachment-thumbnail size-thumbnail\" alt=\"capture_d_e_cran_2021-09-28_a_12.20.33.png\" \/><\/a>\n\t\t\t<\/div><\/figure>\n\t\t<\/div>\n<\/p>\n","protected":false},"excerpt":{"rendered":"<p>L&#8217;emballage de l&#8217;Arc-de-Triomphe par le couple d&#8217;artistes a fait couler beaucoup d&#8217;encre et g\u00e9n\u00e9r\u00e9 moult pol\u00e9miques. Manue Mallet, artiste-artisane, est l&#8217;invit\u00e9e de #LaMidinale.<\/p>\n","protected":false},"author":1204,"featured_media":30991,"comment_status":"open","ping_status":"open","sticky":false,"template":"","format":"standard","meta":{"_themeisle_gutenberg_block_has_review":false,"footnotes":""},"categories":[238],"tags":[293],"class_list":["post-13156","post","type-post","status-publish","format-standard","has-post-thumbnail","hentry","category-la-midinale","tag-entretien"],"_links":{"self":[{"href":"https:\/\/archives.regards.fr\/index.php?rest_route=\/wp\/v2\/posts\/13156","targetHints":{"allow":["GET"]}}],"collection":[{"href":"https:\/\/archives.regards.fr\/index.php?rest_route=\/wp\/v2\/posts"}],"about":[{"href":"https:\/\/archives.regards.fr\/index.php?rest_route=\/wp\/v2\/types\/post"}],"author":[{"embeddable":true,"href":"https:\/\/archives.regards.fr\/index.php?rest_route=\/wp\/v2\/users\/1204"}],"replies":[{"embeddable":true,"href":"https:\/\/archives.regards.fr\/index.php?rest_route=%2Fwp%2Fv2%2Fcomments&post=13156"}],"version-history":[{"count":0,"href":"https:\/\/archives.regards.fr\/index.php?rest_route=\/wp\/v2\/posts\/13156\/revisions"}],"wp:featuredmedia":[{"embeddable":true,"href":"https:\/\/archives.regards.fr\/index.php?rest_route=\/wp\/v2\/media\/30991"}],"wp:attachment":[{"href":"https:\/\/archives.regards.fr\/index.php?rest_route=%2Fwp%2Fv2%2Fmedia&parent=13156"}],"wp:term":[{"taxonomy":"category","embeddable":true,"href":"https:\/\/archives.regards.fr\/index.php?rest_route=%2Fwp%2Fv2%2Fcategories&post=13156"},{"taxonomy":"post_tag","embeddable":true,"href":"https:\/\/archives.regards.fr\/index.php?rest_route=%2Fwp%2Fv2%2Ftags&post=13156"}],"curies":[{"name":"wp","href":"https:\/\/api.w.org\/{rel}","templated":true}]}}