{"id":13154,"date":"2021-09-27T17:43:01","date_gmt":"2021-09-27T15:43:01","guid":{"rendered":"https:\/\/wp.muchomaas.com\/article-gauche-les-alliances-necessaires-pour-un-bloc-majoritaire-et-populaire-2\/"},"modified":"2023-06-24T00:20:12","modified_gmt":"2023-06-23T22:20:12","slug":"article-gauche-les-alliances-necessaires-pour-un-bloc-majoritaire-et-populaire-2","status":"publish","type":"post","link":"https:\/\/archives.regards.fr\/?p=13154","title":{"rendered":"Gauche : les alliances n\u00e9cessaires pour un bloc majoritaire et populaire"},"content":{"rendered":"<p class=\"post_excerpt\">Au Lieu-dit \u00e0 Paris, Aur\u00e9lie Trouv\u00e9, porte-parole d&#8217;ATTAC et auteure de <em>Le bloc arc-en-ciel<\/em> (La D\u00e9couverte), d\u00e9battait avec Edwy Plenel, pr\u00e9sident-fondateur de Mediapart et auteur de <em>\u00c0 gauche de l&#8217;impossible<\/em> (La D\u00e9couverte).<\/p>\n<h2>UN DEBAT \u00c0 VOIR&#8230;<\/h2>\n<p><iframe loading=\"lazy\" width=\"490\" height=\"276\" src=\"https:\/\/www.youtube.com\/embed\/17UjujS7xPw\" title=\"YouTube video player\" frameborder=\"0\" allow=\"accelerometer; autoplay; clipboard-write; encrypted-media; gyroscope; picture-in-picture\" allowfullscreen><\/iframe><\/p>\n<p>&nbsp;<\/p>\n<p><h2>&#8230; ET \u00c0 \u00c9COUTER<\/h2>\n<p><strong>>><\/strong> <em><a href=\"https:\/\/open.spotify.com\/episode\/7kfY8zSBNxKcFDmV637peF?si=Ho9Id4DiQB6701WN7MoxXw&#038;dl_branch=1\">sur Spotify<\/a><\/em><\/p>\n<p>&nbsp;<\/p>\n<div id='gallery-1' class='gallery galleryid-13154 gallery-columns-3 gallery-size-thumbnail'><figure class='gallery-item'>\n\t\t\t<div class='gallery-icon landscape'>\n\t\t\t\t<a href='https:\/\/archives.regards.fr\/wp-content\/uploads\/2021\/09\/capture_d_e_cran_2021-09-27_a_16-6eb.14.48.png'><img loading=\"lazy\" decoding=\"async\" width=\"150\" height=\"150\" src=\"https:\/\/archives.regards.fr\/wp-content\/uploads\/2021\/09\/capture_d_e_cran_2021-09-27_a_16-6eb.14.48-150x150.png\" class=\"attachment-thumbnail size-thumbnail\" alt=\"capture_d_e_cran_2021-09-27_a_16.14.48.png\" \/><\/a>\n\t\t\t<\/div><\/figure>\n\t\t<\/div>\n\n","protected":false},"excerpt":{"rendered":"<p>Au Lieu-dit \u00e0 Paris, Aur\u00e9lie Trouv\u00e9, porte-parole d&#8217;ATTAC et auteure de <em>Le bloc arc-en-ciel<\/em> (La D\u00e9couverte), d\u00e9battait avec Edwy Plenel, pr\u00e9sident-fondateur de Mediapart et auteur de <em>\u00c0 gauche de l&#8217;impossible<\/em> (La D\u00e9couverte).<\/p>\n","protected":false},"author":1039,"featured_media":30987,"comment_status":"open","ping_status":"open","sticky":false,"template":"","format":"standard","meta":{"_themeisle_gutenberg_block_has_review":false,"footnotes":""},"categories":[6],"tags":[293,295],"class_list":["post-13154","post","type-post","status-publish","format-standard","has-post-thumbnail","hentry","category-actu","tag-entretien","tag-nupes"],"_links":{"self":[{"href":"https:\/\/archives.regards.fr\/index.php?rest_route=\/wp\/v2\/posts\/13154","targetHints":{"allow":["GET"]}}],"collection":[{"href":"https:\/\/archives.regards.fr\/index.php?rest_route=\/wp\/v2\/posts"}],"about":[{"href":"https:\/\/archives.regards.fr\/index.php?rest_route=\/wp\/v2\/types\/post"}],"author":[{"embeddable":true,"href":"https:\/\/archives.regards.fr\/index.php?rest_route=\/wp\/v2\/users\/1039"}],"replies":[{"embeddable":true,"href":"https:\/\/archives.regards.fr\/index.php?rest_route=%2Fwp%2Fv2%2Fcomments&post=13154"}],"version-history":[{"count":0,"href":"https:\/\/archives.regards.fr\/index.php?rest_route=\/wp\/v2\/posts\/13154\/revisions"}],"wp:featuredmedia":[{"embeddable":true,"href":"https:\/\/archives.regards.fr\/index.php?rest_route=\/wp\/v2\/media\/30987"}],"wp:attachment":[{"href":"https:\/\/archives.regards.fr\/index.php?rest_route=%2Fwp%2Fv2%2Fmedia&parent=13154"}],"wp:term":[{"taxonomy":"category","embeddable":true,"href":"https:\/\/archives.regards.fr\/index.php?rest_route=%2Fwp%2Fv2%2Fcategories&post=13154"},{"taxonomy":"post_tag","embeddable":true,"href":"https:\/\/archives.regards.fr\/index.php?rest_route=%2Fwp%2Fv2%2Ftags&post=13154"}],"curies":[{"name":"wp","href":"https:\/\/api.w.org\/{rel}","templated":true}]}}